{"id":3504,"date":"2019-10-21T11:00:49","date_gmt":"2019-10-21T14:00:49","guid":{"rendered":"http:\/\/argentinatermal.com.ar\/?p=3504"},"modified":"2019-10-21T11:03:45","modified_gmt":"2019-10-21T14:03:45","slug":"alicia-puntin-representante-del-sector-privado-en-la-firma-del-acuerdo-termatalia-entre-rios-2020","status":"publish","type":"post","link":"https:\/\/argentinatermal.com.ar\/?p=3504","title":{"rendered":"Alicia Puntin, representante del sector privado en la firma del acuerdo Termatalia Entre R\u00edos 2020"},"content":{"rendered":"\n<p class=\"has-drop-cap\">En el marco de la Feria Intencional de Turismo FIT 2019 llevado a cabo en la ciudad de Buenos Aires, pudimos estar presente en la reuni\u00f3n que se dio en el stand de la provincia de Entre R\u00edos, donde se convoco al sector publico como privado para coordinar acciones de trabajo con miras a la gran feria termal que se llevara a cabo el pr\u00f3ximo a\u00f1o en la provincia que obtuvo la sede de Termatalia 2020   <\/p>\n\n\n\n<p>Alicia Punt\u00edn, integrante del Departamento de Turismo de la Federaci\u00f3n, FEHGRA nos cont\u00f3 de que manera participa el sector privado.  &nbsp; <\/p>\n\n\n\n<figure class=\"wp-block-embed-youtube wp-block-embed is-type-video is-provider-youtube wp-embed-aspect-16-9 wp-has-aspect-ratio\"><div class=\"wp-block-embed__wrapper\">\n<iframe title=\"Alicia Puntin\" width=\"640\" height=\"360\" src=\"https:\/\/www.youtube.com\/embed\/0tSAP17oLs0?feature=oembed\" frameborder=\"0\" allow=\"accelerometer; autoplay; clipboard-write; encrypted-media; gyroscope; picture-in-picture; web-share\" referrerpolicy=\"strict-origin-when-cross-origin\" allowfullscreen><\/iframe>\n<\/div><\/figure>\n\n\n","protected":false},"excerpt":{"rendered":"<p>En el marco de la Feria Intencional de Turismo FIT 2019 llevado a cabo en la ciudad de Buenos Aires, pudimos estar presente en la reuni\u00f3n que se dio en el stand de la provincia de Entre R\u00edos, donde se convoco al sector publico como privado para coordinar acciones de trabajo con miras a la [&hellip;]<\/p>\n","protected":false},"author":1,"featured_media":3505,"comment_status":"open","ping_status":"open","sticky":false,"template":"","format":"standard","meta":{"footnotes":""},"categories":[7,23,17],"tags":[],"class_list":["post-3504","post","type-post","status-publish","format-standard","has-post-thumbnail","hentry","category-argentina","category-entrevistas","category-turismo-termal"],"_links":{"self":[{"href":"https:\/\/argentinatermal.com.ar\/index.php?rest_route=\/wp\/v2\/posts\/3504","targetHints":{"allow":["GET"]}}],"collection":[{"href":"https:\/\/argentinatermal.com.ar\/index.php?rest_route=\/wp\/v2\/posts"}],"about":[{"href":"https:\/\/argentinatermal.com.ar\/index.php?rest_route=\/wp\/v2\/types\/post"}],"author":[{"embeddable":true,"href":"https:\/\/argentinatermal.com.ar\/index.php?rest_route=\/wp\/v2\/users\/1"}],"replies":[{"embeddable":true,"href":"https:\/\/argentinatermal.com.ar\/index.php?rest_route=%2Fwp%2Fv2%2Fcomments&post=3504"}],"version-history":[{"count":2,"href":"https:\/\/argentinatermal.com.ar\/index.php?rest_route=\/wp\/v2\/posts\/3504\/revisions"}],"predecessor-version":[{"id":3508,"href":"https:\/\/argentinatermal.com.ar\/index.php?rest_route=\/wp\/v2\/posts\/3504\/revisions\/3508"}],"wp:featuredmedia":[{"embeddable":true,"href":"https:\/\/argentinatermal.com.ar\/index.php?rest_route=\/wp\/v2\/media\/3505"}],"wp:attachment":[{"href":"https:\/\/argentinatermal.com.ar\/index.php?rest_route=%2Fwp%2Fv2%2Fmedia&parent=3504"}],"wp:term":[{"taxonomy":"category","embeddable":true,"href":"https:\/\/argentinatermal.com.ar\/index.php?rest_route=%2Fwp%2Fv2%2Fcategories&post=3504"},{"taxonomy":"post_tag","embeddable":true,"href":"https:\/\/argentinatermal.com.ar\/index.php?rest_route=%2Fwp%2Fv2%2Ftags&post=3504"}],"curies":[{"name":"wp","href":"https:\/\/api.w.org\/{rel}","templated":true}]}}