{"id":3547,"date":"2019-11-25T09:50:24","date_gmt":"2019-11-25T12:50:24","guid":{"rendered":"http:\/\/argentinatermal.com.ar\/?p=3547"},"modified":"2019-11-25T09:50:25","modified_gmt":"2019-11-25T12:50:25","slug":"1o-congreso-iberoamericano-y-iv-nacional-de-termalismo-colombia","status":"publish","type":"post","link":"https:\/\/argentinatermal.com.ar\/?p=3547","title":{"rendered":"1\u00ba Congreso Iberoamericano y IV Nacional de Termalismo Colombia"},"content":{"rendered":"\n<p>El Primer Congreso Iberoamericano de Termalismo y Turismo de Bienestar se realizar\u00e1 en Villamar\u00eda, Caldas, Colombia entre el 25 y el 30 de noviembre de 2019 con Espa\u00f1a como pa\u00eds invitado y una agenda que comprende los siguientes temas:<br>. Termalismo saludable: mejoramiento de la calidad de vida, salud f\u00edsica y psicol\u00f3gica.<br>. Termalismo deportivo: mejoramiento de la condici\u00f3n f\u00edsica y recuperaci\u00f3n deportiva.<br>. Uso industrial del agua termal: peloides, uso cosm\u00e9tico y dermatol\u00f3gico.<br>. Termalismo ecol\u00f3gico: asociado al turismo de naturaleza.<br>. Pol\u00edticas p\u00fablicas y sociales de los gobiernos en termalismo: Espa\u00f1a, Francia y Alemania.<br>Conferencistas internacionales y nacionales, turismo experiencial, rueda de negocios, muestras culturales y comerciales, hacen parte de la propuesta.\u00a0<a href=\"https:\/\/www.facebook.com\/GobernaciondeCaldas\/?__tn__=%2CdK%2AF-R&amp;eid=ARAEM3B1Ex0aLTi8Gtfsezln5WoW5SLNoBAFmT_HOzDaIEPpjwss6DBi_L8j_ILB7cS6RWbmVajbPyJR\">Gobernaci\u00f3n de Caldas<\/a><a href=\"https:\/\/www.facebook.com\/COTELCO\/?__tn__=%2CdK%2AF-R&amp;eid=ARCk7yPXvmXY_k1nAaTqFowSZhHey3P4n1CaWainz58vOW7ya5tscYXOO4BqbcFQZhIxv4TbwBZf7NWD\">COTELCO<\/a><\/p>\n\n\n\n<p>Colombia cuenta entre sus metas el fortalecer el TURISMO DE SALUD Y BIENESTAR. Acompa\u00f1ados de diferentes instituciones de car\u00e1cter publico y privado y con el apoyo del gobierno espa\u00f1ol quien contara como pa\u00eds invitado, en Villamar\u00eda nos daremos una cita de vital importancia.<\/p>\n\n\n\n<p>Somos PATRIMONIO DE LA HUMANIDAD UNESCO COMO PAISAJE CULTURAL CAFETERO, una variada oferta de productos tur\u00edsticos en majestuosos escenarios dan testimonio de una naturaleza exuberante en la que queremos que est\u00e9s.<\/p>\n\n\n\n<p>En el departamento de Caldas contamos con 33 manifestaciones hidrotermales, (Villamar\u00eda, Pensilvania, Saman\u00e1, Victoria y Norcasia) lo que representa el 10% de la oferta nacional, estas en su totalidad son de origen volc\u00e1nico asociadas al Parque Nacional Natural los Nevados del cual forma parte el municipio de Villamar\u00eda y en el cual 23 de estas manifestaciones tienen su origen.<\/p>\n\n\n\n<p>6 establecimientos termales son el orgullo de Villamar\u00eda, en ellos se encuentra una variada oferta de servicios entre alojamientos (300 camas), restaurantes, piscinas y SPAs entre otros; todos ellos rodeados de hermoso paisajes en las laderas del volc\u00e1n Nevado del Ruiz.<\/p>\n\n\n\n<h2 class=\"wp-block-heading\">Mas informaci\u00f3n Aqu\u00ed: <\/h2>\n\n\n\n<figure class=\"wp-block-image\"><a href=\"https:\/\/congresoiberodebienestar.com\/\" target=\"_blank\" rel=\"noreferrer noopener\"><img decoding=\"async\" width=\"450\" height=\"300\" src=\"http:\/\/argentinatermal.com.ar\/wp-content\/uploads\/2019\/11\/Congreso-Ibero-de-Bienestar.jpg\" alt=\"\" class=\"wp-image-3549\" srcset=\"https:\/\/argentinatermal.com.ar\/wp-content\/uploads\/2019\/11\/Congreso-Ibero-de-Bienestar.jpg 450w, https:\/\/argentinatermal.com.ar\/wp-content\/uploads\/2019\/11\/Congreso-Ibero-de-Bienestar-300x200.jpg 300w\" sizes=\"(max-width: 450px) 100vw, 450px\" \/><\/a><\/figure>\n","protected":false},"excerpt":{"rendered":"<p>El Primer Congreso Iberoamericano de Termalismo y Turismo de Bienestar se realizar\u00e1 en Villamar\u00eda, Caldas, Colombia entre el 25 y el 30 de noviembre de 2019 con Espa\u00f1a como pa\u00eds invitado y una agenda que comprende los siguientes temas:. Termalismo saludable: mejoramiento de la calidad de vida, salud f\u00edsica y psicol\u00f3gica.. Termalismo deportivo: mejoramiento de [&hellip;]<\/p>\n","protected":false},"author":1,"featured_media":3548,"comment_status":"open","ping_status":"open","sticky":false,"template":"","format":"standard","meta":{"footnotes":""},"categories":[12,16,15,14,22,17],"tags":[],"class_list":["post-3547","post","type-post","status-publish","format-standard","has-post-thumbnail","hentry","category-internacionales","category-medicina-termal","category-turismo-de-bienestar","category-turismo-salud","category-turismo-sostenible","category-turismo-termal"],"_links":{"self":[{"href":"https:\/\/argentinatermal.com.ar\/index.php?rest_route=\/wp\/v2\/posts\/3547","targetHints":{"allow":["GET"]}}],"collection":[{"href":"https:\/\/argentinatermal.com.ar\/index.php?rest_route=\/wp\/v2\/posts"}],"about":[{"href":"https:\/\/argentinatermal.com.ar\/index.php?rest_route=\/wp\/v2\/types\/post"}],"author":[{"embeddable":true,"href":"https:\/\/argentinatermal.com.ar\/index.php?rest_route=\/wp\/v2\/users\/1"}],"replies":[{"embeddable":true,"href":"https:\/\/argentinatermal.com.ar\/index.php?rest_route=%2Fwp%2Fv2%2Fcomments&post=3547"}],"version-history":[{"count":1,"href":"https:\/\/argentinatermal.com.ar\/index.php?rest_route=\/wp\/v2\/posts\/3547\/revisions"}],"predecessor-version":[{"id":3550,"href":"https:\/\/argentinatermal.com.ar\/index.php?rest_route=\/wp\/v2\/posts\/3547\/revisions\/3550"}],"wp:featuredmedia":[{"embeddable":true,"href":"https:\/\/argentinatermal.com.ar\/index.php?rest_route=\/wp\/v2\/media\/3548"}],"wp:attachment":[{"href":"https:\/\/argentinatermal.com.ar\/index.php?rest_route=%2Fwp%2Fv2%2Fmedia&parent=3547"}],"wp:term":[{"taxonomy":"category","embeddable":true,"href":"https:\/\/argentinatermal.com.ar\/index.php?rest_route=%2Fwp%2Fv2%2Fcategories&post=3547"},{"taxonomy":"post_tag","embeddable":true,"href":"https:\/\/argentinatermal.com.ar\/index.php?rest_route=%2Fwp%2Fv2%2Ftags&post=3547"}],"curies":[{"name":"wp","href":"https:\/\/api.w.org\/{rel}","templated":true}]}}