{"id":3551,"date":"2019-11-25T22:08:31","date_gmt":"2019-11-26T01:08:31","guid":{"rendered":"http:\/\/argentinatermal.com.ar\/?p=3551"},"modified":"2019-11-25T22:10:01","modified_gmt":"2019-11-26T01:10:01","slug":"entre-rios-festeja-el-dia-del-termalismo-a-25-anos-de-la-primera-perforacion-exitosa","status":"publish","type":"post","link":"https:\/\/argentinatermal.com.ar\/?p=3551","title":{"rendered":"Entre R\u00edos festeja el D\u00eda del Termalismo, a 25 a\u00f1os de la primera perforaci\u00f3n exitosa"},"content":{"rendered":"\n<p class=\"has-drop-cap\">Entre R\u00edos festeja hoy el D\u00eda del Termalismo. Se estableci\u00f3 esta fecha porque fue el 24 de noviembre de 1994 cuando se realiz\u00f3 la primera perforaci\u00f3n termal exitosa en Federaci\u00f3n, la ciudad pionera en explotar este recurso que cambi\u00f3 radicalmente la realidad tur\u00edstica de la provincia. Con el correr de los a\u00f1os se sumaron m\u00e1s localidades, y hoy son 16 los complejos que cada a\u00f1o convocan en promedio a 1,5 millones de visitantes de la Argentina y tambi\u00e9n de pa\u00edses lim\u00edtrofes.<br>Para celebrar estos 25 a\u00f1os de actividad, en el parque termal de Federaci\u00f3n \u2013donde tambi\u00e9n funciona el parque acu\u00e1tico m\u00e1s grande de Sudam\u00e9rica\u2013 hoy a las 19.30 habr\u00e1 un recordatorio y tambi\u00e9n har\u00e1n la inauguraci\u00f3n oficial de nuevas piletas, entre ellas la Piscina de Sensaciones \u2013que ya est\u00e1 en funcionamiento\u2013 y de m\u00e1s servicios.<\/p>\n\n\n\n<div class=\"wp-block-image\"><figure class=\"alignright is-resized\"><img decoding=\"async\" src=\"http:\/\/argentinatermal.com.ar\/wp-content\/uploads\/2019\/11\/832545143.jpg\" alt=\"\" class=\"wp-image-3552\" width=\"419\" height=\"419\" srcset=\"https:\/\/argentinatermal.com.ar\/wp-content\/uploads\/2019\/11\/832545143.jpg 960w, https:\/\/argentinatermal.com.ar\/wp-content\/uploads\/2019\/11\/832545143-150x150.jpg 150w, https:\/\/argentinatermal.com.ar\/wp-content\/uploads\/2019\/11\/832545143-300x300.jpg 300w, https:\/\/argentinatermal.com.ar\/wp-content\/uploads\/2019\/11\/832545143-768x768.jpg 768w, https:\/\/argentinatermal.com.ar\/wp-content\/uploads\/2019\/11\/832545143-696x696.jpg 696w, https:\/\/argentinatermal.com.ar\/wp-content\/uploads\/2019\/11\/832545143-420x420.jpg 420w\" sizes=\"(max-width: 419px) 100vw, 419px\" \/><\/figure><\/div>\n\n\n\n<p><br>Rememorando el momento que marc\u00f3 un hito en la historia del termalismo en la regi\u00f3n, Carlos Daniel Miller, quien fue uno de los integrantes de la comisi\u00f3n que impuls\u00f3 este ambicioso proyecto de buscar agua termal en esta localidad, cont\u00f3: \u201cTuvimos esta inquietud porque est\u00e1bamos sumamente preocupados por la profunda crisis econ\u00f3mica que estaba viviendo la ciudad, debido a que hab\u00eda deca\u00eddo notablemente la actividad maderera. Viv\u00edamos en una localidad que est\u00e1 a 18 kil\u00f3metros de la ruta, donde no hab\u00eda actividad tur\u00edstica en ese momento, porque no cont\u00e1bamos con un atractivo suficientemente importante, as\u00ed que un grupo de vecinos nos juntamos y fuimos a hablar con el intendente, que aquel momento tambi\u00e9n era Carlos Cecco, y le propusimos conformar una comisi\u00f3n para gestionar la posibilidad de una perforaci\u00f3n de agua termal, teniendo en cuenta que nosotros estamos ubicados frente a las&nbsp;termas&nbsp;del Arapey y conoc\u00edamos algunos antecedentes que indicaban que pod\u00eda haber agua termal tambi\u00e9n de este lado del r\u00edo\u201d.<br>Miller es farmac\u00e9utico de profesi\u00f3n, y lo acompa\u00f1aban entonces Mauricio Vago, que era comerciante; el bioqu\u00edmico Carlos Romero; el odont\u00f3logo Domingo Flurin; y el arquitecto Carlos Piseli. \u201cNosotros \u00e9ramos profesionales que ve\u00edamos muy dif\u00edcil quedarnos a vivir en Federaci\u00f3n, porque al no crecer la ciudad y al estar a esa distancia de la ruta, ten\u00edamos muy poco trabajo\u201d, explic\u00f3.<br>Cecco acept\u00f3 la propuesta, pero el entonces ministro de Econom\u00eda de la Naci\u00f3n, Domingo Cavallo, hab\u00eda decretado que los municipios no pod\u00edan tomar deudas. El riesgo era muy grande, pero comenzaron una ardua tarea para poder lograr su prop\u00f3sito.<br>Los cinco vecinos, el intendente, algunos funcionarios municipales y concejales, conformaron finalmente la comisi\u00f3n. \u201cEl desaf\u00edo m\u00e1s grande en esa \u00e9poca, que era del 1 a 1, era articular los medios para conseguir la financiaci\u00f3n para poder hacer esa perforaci\u00f3n, que costaba un mill\u00f3n de d\u00f3lares. Empezamos en el a\u00f1o 1992 y se termin\u00f3 haciendo en el 1994\u201d, record\u00f3.<br>\u201cComo comisi\u00f3n, cumplimos dos objetivos: hicimos un trabajo de concientizaci\u00f3n con la ciudadan\u00eda local, para que acepten la idea de investigar sobre este tema, y tambi\u00e9n nos abocamos a ver qui\u00e9n pod\u00eda hacer el trabajo geol\u00f3gico previo, que ten\u00eda sus costos, y buscar informaci\u00f3n. Recurrimos por ejemplo a gente que estaba en YPF para saber qu\u00e9 informaci\u00f3n ten\u00edan ellos sobre las condiciones geol\u00f3gicas en la regi\u00f3n y si el acu\u00edfero Guaran\u00ed llegaba hasta esta zona o no, porque hoy el pozo nuestro tiene 1.200 metros de profundidad y ah\u00ed termina en el acu\u00edfero\u201d, explic\u00f3 Miller.<\/p>\n\n\n\n<div class=\"wp-block-image\"><figure class=\"alignleft is-resized\"><img decoding=\"async\" src=\"http:\/\/argentinatermal.com.ar\/wp-content\/uploads\/2019\/11\/termas-04.jpg\" alt=\"\" class=\"wp-image-3553\" width=\"393\" height=\"157\" srcset=\"https:\/\/argentinatermal.com.ar\/wp-content\/uploads\/2019\/11\/termas-04.jpg 500w, https:\/\/argentinatermal.com.ar\/wp-content\/uploads\/2019\/11\/termas-04-300x120.jpg 300w\" sizes=\"(max-width: 393px) 100vw, 393px\" \/><\/figure><\/div>\n\n\n\n<p><br>El agua surgi\u00f3 ese 24 de noviembre, hace 25 a\u00f1os, cerca de las dos de la tarde. En ese proceso previo, los miembros de la comisi\u00f3n iban todos los d\u00edas, a toda hora, para ver c\u00f3mo iban los trabajos de la empresa brasile\u00f1a que estaba a cargo. Las perforaciones hasta ese momento iban arrojando roca, tierra, barro, Y en un momento en que un vecino charlaba con uno de los ingenieros comenz\u00f3 a salir una arenisca barrosa. \u201cAh\u00ed fue cuando el ingeniero empez\u00f3 a afirmar que hab\u00edan llegado a la arena y que ten\u00eda la impresi\u00f3n de que eso era ya la napa de agua termal. Ese vecino avis\u00f3 al municipio y se arm\u00f3 un boca en boca en el pueblo, a algunos alumnos de Secundario les permitieron salir para ir al lugar y la mayor\u00eda de la gente se convoc\u00f3 alrededor del pozo. Para la noche sal\u00eda agua caliente transparente, y muchas de las personas que estaban se ba\u00f1aban bajo el chorro; otros llevaron bebidas para descorchar. Hab\u00eda realmente una comunidad que estaba festejando el \u00e9xito\u201d, dijo emocionado.<br>En este marco, Miller evalu\u00f3: \u201cPasaron 25 a\u00f1os y hoy es un orgullo en t\u00e9rminos de sociedad. Federaci\u00f3n fue una ciudad que tuvo que ser inundada y trasladada y debi\u00f3 reponerse y reinventarse con esta posibilidad del turismo. Y en particular el mayor orgullo es que una comunicad de 5.000 habitantes en ese entonces tomara esta decisi\u00f3n que despu\u00e9s termin\u00f3 beneficiando a la totalidad de la provincia\u201d.<br>Tiempo despu\u00e9s, Gualeguaych\u00fa, Chajar\u00ed, Col\u00f3n, Villa Elisa, Victoria, Basavilbaso, Mar\u00eda Grande, La Paz, San Jos\u00e9, Concepci\u00f3n del Uruguay, Concordia, fueron algunos de los lugares que erigieron tambi\u00e9n sus proyectos termales tras este logro: \u201cPara las dem\u00e1s ciudades que hoy tienen termas result\u00f3 m\u00e1s f\u00e1cil perforar e invertir, porque ya se sab\u00eda que hab\u00eda agua termal, pero al riesgo inicial de todo esto lo asumi\u00f3 la sociedad de Federaci\u00f3n. Si no hubi\u00e9ramos sacado agua, nos hubi\u00e9ramos quedado con esa deuda de un mill\u00f3n de d\u00f3lares sin ning\u00fan tipo de beneficio. Siempre digo que Federaci\u00f3n lo que tiene de bueno es su resiliencia, esa capacidad de reinventarse ante las dificultades\u201d, destac\u00f3 Miller.<br>Sobre los inicios de las termas de Federaci\u00f3n, refiri\u00f3: \u201cSe improvisaron en esos meses duchas al aire libre, unos piletones que eran de piedra, la gente iba y se duchaba ese verano ah\u00ed. Eso sirvi\u00f3 para divulgaci\u00f3n: al saberse que en Federaci\u00f3n y en Entre R\u00edos hab\u00eda agua termal, de ser un pueblo casi olvidado pasamos a formar parte de un contexto importante a nivel provincial y nacional\u201d.<\/p>\n\n\n\n<figure class=\"wp-block-embed-youtube alignright wp-block-embed is-type-video is-provider-youtube wp-embed-aspect-16-9 wp-has-aspect-ratio\"><div class=\"wp-block-embed__wrapper\">\n<iframe title=\"Termas de Federaci\u00f3n - Parque Termal\" width=\"640\" height=\"360\" src=\"https:\/\/www.youtube.com\/embed\/gXkZwkghj0g?feature=oembed\" frameborder=\"0\" allow=\"accelerometer; autoplay; clipboard-write; encrypted-media; gyroscope; picture-in-picture; web-share\" referrerpolicy=\"strict-origin-when-cross-origin\" allowfullscreen><\/iframe>\n<\/div><\/figure>\n\n\n\n<p><br>No obstante, mencion\u00f3 que despu\u00e9s aparecieron otros desaf\u00edos y explic\u00f3: \u201cTermin\u00f3 siendo un complejo municipal porque el sector privado no quiso asumir los riesgos. Se puso en valor el actual parque termal y hoy representa el equivalente a casi el 30% del presupuesto municipal. Es una manera de demostrar que el Estado puede administrar y generar recursos. La mayor\u00eda de los otros parques termales son privados o mixtos, y este que es de gesti\u00f3n estatal es exitoso: esos ingresos van a las arcas municipales y le permiten a la comuna tener otro tipo de gesti\u00f3n\u201d.<br>Por \u00faltimo, reflexion\u00f3: \u201cHoy ya vemos una poblaci\u00f3n de gente joven involucrada en la actividad tur\u00edstica que tiene posibilidades de trabajar, de invertir, y somos elegidos por la gente. Para nosotros es una gran alegr\u00eda\u201d. <\/p>\n\n\n\n<p>Fuente:<a href=\"https:\/\/bit.ly\/2DfpIKT\" target=\"_blank\" rel=\"noreferrer noopener\" aria-label=\" (opens in a new tab)\">https:\/\/bit.ly\/2DfpIKT<\/a><\/p>\n","protected":false},"excerpt":{"rendered":"<p>Entre R\u00edos festeja hoy el D\u00eda del Termalismo. Se estableci\u00f3 esta fecha porque fue el 24 de noviembre de 1994 cuando se realiz\u00f3 la primera perforaci\u00f3n termal exitosa en Federaci\u00f3n, la ciudad pionera en explotar este recurso que cambi\u00f3 radicalmente la realidad tur\u00edstica de la provincia. Con el correr de los a\u00f1os se sumaron m\u00e1s [&hellip;]<\/p>\n","protected":false},"author":1,"featured_media":3555,"comment_status":"open","ping_status":"open","sticky":false,"template":"","format":"standard","meta":{"footnotes":""},"categories":[7,9],"tags":[],"class_list":["post-3551","post","type-post","status-publish","format-standard","has-post-thumbnail","hentry","category-argentina","category-nea"],"_links":{"self":[{"href":"https:\/\/argentinatermal.com.ar\/index.php?rest_route=\/wp\/v2\/posts\/3551","targetHints":{"allow":["GET"]}}],"collection":[{"href":"https:\/\/argentinatermal.com.ar\/index.php?rest_route=\/wp\/v2\/posts"}],"about":[{"href":"https:\/\/argentinatermal.com.ar\/index.php?rest_route=\/wp\/v2\/types\/post"}],"author":[{"embeddable":true,"href":"https:\/\/argentinatermal.com.ar\/index.php?rest_route=\/wp\/v2\/users\/1"}],"replies":[{"embeddable":true,"href":"https:\/\/argentinatermal.com.ar\/index.php?rest_route=%2Fwp%2Fv2%2Fcomments&post=3551"}],"version-history":[{"count":2,"href":"https:\/\/argentinatermal.com.ar\/index.php?rest_route=\/wp\/v2\/posts\/3551\/revisions"}],"predecessor-version":[{"id":3556,"href":"https:\/\/argentinatermal.com.ar\/index.php?rest_route=\/wp\/v2\/posts\/3551\/revisions\/3556"}],"wp:featuredmedia":[{"embeddable":true,"href":"https:\/\/argentinatermal.com.ar\/index.php?rest_route=\/wp\/v2\/media\/3555"}],"wp:attachment":[{"href":"https:\/\/argentinatermal.com.ar\/index.php?rest_route=%2Fwp%2Fv2%2Fmedia&parent=3551"}],"wp:term":[{"taxonomy":"category","embeddable":true,"href":"https:\/\/argentinatermal.com.ar\/index.php?rest_route=%2Fwp%2Fv2%2Fcategories&post=3551"},{"taxonomy":"post_tag","embeddable":true,"href":"https:\/\/argentinatermal.com.ar\/index.php?rest_route=%2Fwp%2Fv2%2Ftags&post=3551"}],"curies":[{"name":"wp","href":"https:\/\/api.w.org\/{rel}","templated":true}]}}