{"id":3566,"date":"2019-12-02T20:38:21","date_gmt":"2019-12-02T23:38:21","guid":{"rendered":"http:\/\/argentinatermal.com.ar\/?p=3566"},"modified":"2019-12-02T20:38:23","modified_gmt":"2019-12-02T23:38:23","slug":"nuevas-obras-jerarquizan-el-hotel-termas-de-rosario-de-la-frontera","status":"publish","type":"post","link":"https:\/\/argentinatermal.com.ar\/?p=3566","title":{"rendered":"Nuevas obras jerarquizan el Hotel Termas de Rosario de la Frontera"},"content":{"rendered":"\n<p class=\"has-drop-cap\">Fueron inaugurados los trabajos realizados a trav\u00e9s del Plan Bicentenario, que representan una inversi\u00f3n aproximada de $50 millones. El acto fue encabezado por el ministro de Cultura, Turismo y Deportes, Juan Manuel Lavallen quien destac\u00f3 que se sigue sumando calidad y servicio a la actividad tur\u00edstica, en beneficio de todos los salte\u00f1os.<\/p>\n\n\n\n<p>El Gobierno de la Provincia inaugur\u00f3 esta tarde en Rosario de la Frontera, obras que finalizan la puesta en valor del Hotel Termas.<\/p>\n\n\n\n<p>Las tareas abarcaron una superficie de 3.900 m2 con la refacci\u00f3n y re funcionalizaci\u00f3n del lobby, sal\u00f3n comedor, sal\u00f3n secundario, habitaciones, ba\u00f1os 1\u00b0 y 2\u00b0 piso ala oeste, nueva cocina, nueva lavander\u00eda, pasillos del sector este del 1\u00b0 y 2\u00b0 piso y \u00e1reas de servicio.<\/p>\n\n\n\n<p>El acto fue encabezado por el ministro de Cultura, Turismo y Deportes,&nbsp;<strong>Juan Manuel Lavallen<\/strong>&nbsp;y participaron el ministro de Infraestructura, Tierra y Vivienda, Jorge Klix, el intendente local, Gustavo Sol\u00eds, personal del hotel y comunidad.<\/p>\n\n\n\n<p>Las obras incluyeron tambi\u00e9n el edificio de ba\u00f1os, donde se optimizaron vestidores del sector pileta, gimnasio y ba\u00f1os. Tambi\u00e9n abarca instalaciones complementarias de vestuarios y ba\u00f1os de pileta p\u00fablica, talleres, dep\u00f3sito, calicantos, estacionamientos y espacios verdes.<\/p>\n\n\n\n<p>Los trabajos se realizaron a trav\u00e9s del Plan Bicentenario y representan una inversi\u00f3n aproximada de $50 millones. El ministro Lavallen manifest\u00f3 que esta es una obra que genera orgullo, \u00abcumpliendo con la planificaci\u00f3n del Plan Bicentenario, con esta revalorizaci\u00f3n se sigue sumando calidad y servicio a la actividad tur\u00edstica de la provincia en beneficio de los salte\u00f1os\u00bb.<\/p>\n\n\n\n<p>El funcionario tambi\u00e9n sostuvo que \u201cRosario de la Frontera sigue y seguir\u00e1 creciendo y si en estos a\u00f1os pudimos seguir sumando infraestructura fue gracias a un trabajo conjunto entre Gobierno e intendentes, entre sector p\u00fablico y privado, para que todos estemos un poco mejor\u00bb. Finalmente, Lavallen destac\u00f3 el recurso humano de este hotel a quienes agradeci\u00f3 por su compromiso y vocaci\u00f3n\u00bb.<\/p>\n\n\n\n<p>El gerente general del Hotel, Jorge M\u00e9ndez agradeci\u00f3 al gobernador Urtubey por la recuperaci\u00f3n y puesta en valor de este establecimiento. \u201cFueron muchos a\u00f1os de trabajo en los que el Hotel continu\u00f3 recibiendo hu\u00e9spedes a pesar de las obras, acompa\u00f1ando a la gran inversi\u00f3n que realiz\u00f3 la Provincia\u00bb. Por otro lado, destac\u00f3 que m\u00e1s de 60 familias se benefician con trabajo en forma directa y m\u00e1s de 15 familias en forma indirecta.<\/p>\n\n\n\n<p>El intendente local Gustavo Sol\u00eds asegur\u00f3 que el Hotel Termas \u201ctiene que ver con la identidad de Rosario de la Frontera y forma parte del proyecto de hacer de esta localidad un importante destino tur\u00edstico de Salta, del Noa y del pa\u00eds, con importantes beneficios econ\u00f3micos y sociales para los rosarinos\u00bb.<\/p>\n\n\n\n<p>El hotel Termas de Rosario de la Frontera naci\u00f3&nbsp; como un establecimiento balneario. Fue fundado por Antonio Palau el 1 de abril de 1880. Actualmente es un importante hotel de aguas termales referente de Salta, de la regi\u00f3n Noa, con una capacidad para hospedar a 420 personas.<br><br>Cabe destacar que en la oportunidad el presidente de la C\u00e1mara de Hoteleros y Afines de Salta, Eduardo Kira entreg\u00f3 un reconocimiento a M\u00e9ndez por su gesti\u00f3n en el hotel y al gobernador Urtubey, en agradecimiento por su acompa\u00f1amiento, distinci\u00f3n que fue recibida por el ministro Lavallen.<\/p>\n","protected":false},"excerpt":{"rendered":"<p>Fueron inaugurados los trabajos realizados a trav\u00e9s del Plan Bicentenario, que representan una inversi\u00f3n aproximada de $50 millones. El acto fue encabezado por el ministro de Cultura, Turismo y Deportes, Juan Manuel Lavallen quien destac\u00f3 que se sigue sumando calidad y servicio a la actividad tur\u00edstica, en beneficio de todos los salte\u00f1os. El Gobierno de [&hellip;]<\/p>\n","protected":false},"author":1,"featured_media":3567,"comment_status":"open","ping_status":"open","sticky":false,"template":"","format":"standard","meta":{"footnotes":""},"categories":[7,8,17],"tags":[],"class_list":["post-3566","post","type-post","status-publish","format-standard","has-post-thumbnail","hentry","category-argentina","category-noa","category-turismo-termal"],"_links":{"self":[{"href":"https:\/\/argentinatermal.com.ar\/index.php?rest_route=\/wp\/v2\/posts\/3566","targetHints":{"allow":["GET"]}}],"collection":[{"href":"https:\/\/argentinatermal.com.ar\/index.php?rest_route=\/wp\/v2\/posts"}],"about":[{"href":"https:\/\/argentinatermal.com.ar\/index.php?rest_route=\/wp\/v2\/types\/post"}],"author":[{"embeddable":true,"href":"https:\/\/argentinatermal.com.ar\/index.php?rest_route=\/wp\/v2\/users\/1"}],"replies":[{"embeddable":true,"href":"https:\/\/argentinatermal.com.ar\/index.php?rest_route=%2Fwp%2Fv2%2Fcomments&post=3566"}],"version-history":[{"count":1,"href":"https:\/\/argentinatermal.com.ar\/index.php?rest_route=\/wp\/v2\/posts\/3566\/revisions"}],"predecessor-version":[{"id":3568,"href":"https:\/\/argentinatermal.com.ar\/index.php?rest_route=\/wp\/v2\/posts\/3566\/revisions\/3568"}],"wp:featuredmedia":[{"embeddable":true,"href":"https:\/\/argentinatermal.com.ar\/index.php?rest_route=\/wp\/v2\/media\/3567"}],"wp:attachment":[{"href":"https:\/\/argentinatermal.com.ar\/index.php?rest_route=%2Fwp%2Fv2%2Fmedia&parent=3566"}],"wp:term":[{"taxonomy":"category","embeddable":true,"href":"https:\/\/argentinatermal.com.ar\/index.php?rest_route=%2Fwp%2Fv2%2Fcategories&post=3566"},{"taxonomy":"post_tag","embeddable":true,"href":"https:\/\/argentinatermal.com.ar\/index.php?rest_route=%2Fwp%2Fv2%2Ftags&post=3566"}],"curies":[{"name":"wp","href":"https:\/\/api.w.org\/{rel}","templated":true}]}}