{"id":3624,"date":"2020-01-05T22:33:32","date_gmt":"2020-01-06T01:33:32","guid":{"rendered":"http:\/\/argentinatermal.com.ar\/?p=3624"},"modified":"2020-01-05T22:33:34","modified_gmt":"2020-01-06T01:33:34","slug":"designan-a-ricardo-sosa-como-secretario-ejecutivo-del-instituto-nacional-de-promocion-turistica","status":"publish","type":"post","link":"https:\/\/argentinatermal.com.ar\/?p=3624","title":{"rendered":"Designan a Ricardo Sosa como Secretario Ejecutivo del Instituto Nacional de Promoci\u00f3n Tur\u00edstica"},"content":{"rendered":"\n<h4 class=\"wp-block-heading\"><strong>El santiague\u00f1o Ricardo Sosa junto al Ministro de Turismo de la Naci\u00f3n, Mat\u00edas Lammens.<\/strong> <\/h4>\n\n\n\n<p>El Subsecretario de Turismo de Santiago del Estero,<strong>&nbsp;<a href=\"https:\/\/www.elliberal.com.ar\/noticia\/515086\/se-inicio-temporada-verano-playa-lago-termas-rio-hondo\" target=\"_blank\" rel=\"noreferrer noopener\">Ricardo Sosa<\/a><\/strong>, fue designado como Secretario Ejecutivo del Instituto Nacional de Promoci\u00f3n Tur\u00edstica (Inprotur) y de esta manera se suma al gabinete nacional de&nbsp;<strong>Alberto Fern\u00e1ndez<\/strong>&nbsp;acompa\u00f1ando la gesti\u00f3n del Ministro de Turismo y Deportes,&nbsp;Matias Lammens.<\/p>\n\n\n\n<p>La designaci\u00f3n se conoci\u00f3 hoy en medios de prensa de Capital Federal.<\/p>\n\n\n\n<p>Sosa se ven\u00eda desempe\u00f1ando como Subsecretario de Turismo de la Provincia y a partir de ahora comandar\u00e1 t\u00e9cnicamente el ente p\u00fablico no estatal que tiene como objetivos, posicionar y promocionar tur\u00edsticamente a la rep\u00fablica&nbsp;<strong>Argentina<\/strong>&nbsp;en el mundo.<\/p>\n\n\n\n<p>De acuerdo a lo que se conoci\u00f3, la designaci\u00f3n de Sosa fue solicitada por el Presidente de la Naci\u00f3n, Alberto Fern\u00e1ndez y a partir de ahora tendr\u00e1 la responsabilidad de planificar las estrategias de posicionamiento y promoci\u00f3n en todos los paises que se&nbsp;consideren potencialmente emisores de turistas al pa\u00eds. En ese contexto, el Inprotur, del cual es presidente&nbsp;<strong><a href=\"https:\/\/www.elliberal.com.ar\/noticia\/513799\/alberto-fernandez-tomo-juramento-ministros-nuevo-gobierno\" target=\"_blank\" rel=\"noreferrer noopener\">Mat\u00edas Lammens<\/a><\/strong>, es un ente creado con el objetivo de potenciar la presencia tur\u00edstica de Argentina en todo el planeta, para ello tiene a su cargo la generaci\u00f3n&nbsp;y participaci\u00f3n en ferias internacionales, acciones cooperadas con aerol\u00edneas y operadoras mayoristas, acciones comerciales en diferentes pa\u00edses, realizaci\u00f3n de tours de familiarizaci\u00f3n de operadores extranjeros dentro de pa\u00eds,realizaci\u00f3n de Fam Press para&nbsp;periodistas extranjeros dentro del pa\u00eds, captaci\u00f3n de eventos internacionales que visibilicen la presencia argentina en el mundo y a la vez produzcan un impacto econ\u00f3mico y tur\u00edstico en el pa\u00eds y generar eventos o estrategias de posicionamiento del pa\u00eds en&nbsp;todo el mundo.<\/p>\n\n\n\n<p>Sosa, de estrecha vinculaci\u00f3n al Gobernador&nbsp;<strong>Gerardo Zamora<\/strong>, fue Subsecretario de Turismo de la Provincia desde 2013, fue el primer Director del Centro de Convenciones Forum entre 2012 y 2013, durante su gesti\u00f3n como Subsecretario, fue dos a\u00f1os consecutivos Presidente&nbsp;del Ente Norte Argentino de Turismo, fue Presidente del Consejo Federal de Turismo durante la transici\u00f3n gubernamental de 2015 y 2016, realiz\u00f3 disertaciones para la Feria Mundial Termatalia en Espa\u00f1a, M\u00e9xico y Brasil, fue Presidente del Comit\u00e9 Provincial de&nbsp;Organizaci\u00f3n de los eventos mundiales Dakar y MotoGP, entre otras funciones.<\/p>\n\n\n\n<p>Antes de asumir en la funci\u00f3n p\u00fablica se desempe\u00f1\u00f3 como periodista de la&nbsp;<strong>Subsecretar\u00eda de Prensa y Difusi\u00f3n<\/strong>&nbsp;de la gobernaci\u00f3n local y a\u00f1os antes fue periodista en el diario&nbsp;<strong>EL LIBERAL<\/strong>. Tambi\u00e9n trabaj\u00f3 en las radios FM Popular y Satelital.<\/p>\n\n\n\n<p>En diciembre pasado, present\u00f3 ante las entidades intermedias y autoridades municipales sanriague\u00f1as, el borrador del&nbsp;<strong>Plan Estrat\u00e9gico Provincial de Turismo<\/strong>&nbsp;para desarrollar tur\u00edsticamente la provincia a 10 a\u00f1os y para este a\u00f1o, Santiago del Estero ya tiene planificado&nbsp;participar por segundo a\u00f1o consecutivo en la Feria Internacional de Turismo (Fitur) en Espa\u00f1a.<\/p>\n\n\n\n<p>Trascendi\u00f3 que Sosa seguir\u00e1 colaborando con la Subsecretar\u00eda de Turismo de Santiago del Estero en forma ad honorem y particular en lo que se requiera en temas relacionados a la gesti\u00f3n p\u00fablica de turismo. En el marco de la \u00faltima campa\u00f1a pol\u00edtica presidencial, Sosa integr\u00f3&nbsp;adem\u00e1s la Comisi\u00f3n de Turismo del Frente de Todos.<br><\/p>\n\n\n\n<p>Fuente:<a href=\"https:\/\/bit.ly\/37DyhMH\" target=\"_blank\" rel=\"noreferrer noopener\" aria-label=\" (opens in a new tab)\">https:\/\/bit.ly\/37DyhMH<\/a><\/p>\n\n\n\n<figure class=\"wp-block-image size-large\"><a href=\"http:\/\/nubesmgzdigital.com.ar\/\" target=\"_blank\" rel=\"noreferrer noopener\"><img decoding=\"async\" width=\"800\" height=\"99\" src=\"http:\/\/argentinatermal.com.ar\/wp-content\/uploads\/2019\/12\/ani_mgz_nubes_00-1-1.gif\" alt=\"\" class=\"wp-image-3619\" \/><\/a><\/figure>\n","protected":false},"excerpt":{"rendered":"<p>El santiague\u00f1o Ricardo Sosa junto al Ministro de Turismo de la Naci\u00f3n, Mat\u00edas Lammens. El Subsecretario de Turismo de Santiago del Estero,&nbsp;Ricardo Sosa, fue designado como Secretario Ejecutivo del Instituto Nacional de Promoci\u00f3n Tur\u00edstica (Inprotur) y de esta manera se suma al gabinete nacional de&nbsp;Alberto Fern\u00e1ndez&nbsp;acompa\u00f1ando la gesti\u00f3n del Ministro de Turismo y Deportes,&nbsp;Matias Lammens. [&hellip;]<\/p>\n","protected":false},"author":1,"featured_media":3625,"comment_status":"open","ping_status":"open","sticky":false,"template":"","format":"standard","meta":{"footnotes":""},"categories":[7],"tags":[],"class_list":["post-3624","post","type-post","status-publish","format-standard","has-post-thumbnail","hentry","category-argentina"],"_links":{"self":[{"href":"https:\/\/argentinatermal.com.ar\/index.php?rest_route=\/wp\/v2\/posts\/3624","targetHints":{"allow":["GET"]}}],"collection":[{"href":"https:\/\/argentinatermal.com.ar\/index.php?rest_route=\/wp\/v2\/posts"}],"about":[{"href":"https:\/\/argentinatermal.com.ar\/index.php?rest_route=\/wp\/v2\/types\/post"}],"author":[{"embeddable":true,"href":"https:\/\/argentinatermal.com.ar\/index.php?rest_route=\/wp\/v2\/users\/1"}],"replies":[{"embeddable":true,"href":"https:\/\/argentinatermal.com.ar\/index.php?rest_route=%2Fwp%2Fv2%2Fcomments&post=3624"}],"version-history":[{"count":1,"href":"https:\/\/argentinatermal.com.ar\/index.php?rest_route=\/wp\/v2\/posts\/3624\/revisions"}],"predecessor-version":[{"id":3626,"href":"https:\/\/argentinatermal.com.ar\/index.php?rest_route=\/wp\/v2\/posts\/3624\/revisions\/3626"}],"wp:featuredmedia":[{"embeddable":true,"href":"https:\/\/argentinatermal.com.ar\/index.php?rest_route=\/wp\/v2\/media\/3625"}],"wp:attachment":[{"href":"https:\/\/argentinatermal.com.ar\/index.php?rest_route=%2Fwp%2Fv2%2Fmedia&parent=3624"}],"wp:term":[{"taxonomy":"category","embeddable":true,"href":"https:\/\/argentinatermal.com.ar\/index.php?rest_route=%2Fwp%2Fv2%2Fcategories&post=3624"},{"taxonomy":"post_tag","embeddable":true,"href":"https:\/\/argentinatermal.com.ar\/index.php?rest_route=%2Fwp%2Fv2%2Ftags&post=3624"}],"curies":[{"name":"wp","href":"https:\/\/api.w.org\/{rel}","templated":true}]}}