{"id":3639,"date":"2020-01-12T22:32:03","date_gmt":"2020-01-13T01:32:03","guid":{"rendered":"http:\/\/argentinatermal.com.ar\/?p=3639"},"modified":"2020-01-12T22:44:30","modified_gmt":"2020-01-13T01:44:30","slug":"avanza-el-sueno-del-complejo-termal-de-tapalque-provincia-de-buenos-aires","status":"publish","type":"post","link":"https:\/\/argentinatermal.com.ar\/?p=3639","title":{"rendered":"Avanza el sue\u00f1o del Complejo Termal de Tapalqu\u00e9 (Provincia de Buenos Aires)"},"content":{"rendered":"\n<h6 class=\"wp-block-heading\">Por: Marisol Dominguez<\/h6>\n\n\n\n<p class=\"has-drop-cap\">A 278 km de la Ciudad Aut\u00f3noma de Buenos Aires (CABA), en la localidad de\nTapalqu\u00e9, Prov. De Buenos Aires, se est\u00e1 materializando un nuevo sue\u00f1o termal,\nque va cobrando cuerpo entre los f\u00e9rtiles verdes campos, dedicados al cultivo y\na la cr\u00eda de ganado, especialmente equino, de la llanura bonaerense. <\/p>\n\n\n\n<p>All\u00ed fuimos invitados por el Sr. Intendente Gustavo Coccioni y la\nSecretaria de Turismo, Natividad Lala Baciocco, quienes nos recibieron a\ninstancias de la Lic Sandra Kan, asesora de prensa de la Municipalidad, para\nconocer el proyecto y c\u00f3mo la comunidad se va preparando para recibir a los\nturistas que lleguen atra\u00eddos por los beneficios del termalismo. <\/p>\n\n\n\n<p>Durante los 2 d\u00edas de nuestra estancia en la localidad, la Secretaria de\nTurismo nos acompa\u00f1\u00f3 &nbsp;a recorrer el\npredio de 17 hect\u00e1reas, donde se est\u00e1 construyendo el Complejo Termas Tapalqu\u00e9,\na partir de una perforaci\u00f3n de alrededor de 900 metros de profundidad, de la que\nsurge agua mesotermal, clasificada como Clorurada, Sulfatada Alcalina y C\u00e1lcica.\n<\/p>\n\n\n\n<p>La fecha de finalizaci\u00f3n de obra e inauguraci\u00f3n del Complejo se estima para\nprincipios del a\u00f1o 2021, y el proyecto est\u00e1 enfocado en un concepto meramente\nl\u00fadico. <\/p>\n\n\n\n<p>En la planificaci\u00f3n de las 17 hect\u00e1reas est\u00e1 prevista la construcci\u00f3n de 9\npiscinas distribuidas en tres sectores diferenciados de acuerdo a sus usos en:\npiscinas infantiles, piscinas cubiertas y piscinas pasivas; sectores de\nvestuarios y sanitarios, Snacks, Sector Comercial y un gran entorno verde para\nel relax y disfrute.<\/p>\n\n\n\n<div class=\"wp-block-image\"><figure class=\"alignright size-large is-resized\"><a href=\"https:\/\/www.facebook.com\/pg\/TvsAsesoriasTecnicas\/photos\/?ref=page_internal\" target=\"_blank\" rel=\"noreferrer noopener\"><img decoding=\"async\" src=\"http:\/\/argentinatermal.com.ar\/wp-content\/uploads\/2020\/01\/82223235_3166894650116470_1455194465311391744_o.png\" alt=\"\" class=\"wp-image-3645\" width=\"164\" height=\"164\" srcset=\"https:\/\/argentinatermal.com.ar\/wp-content\/uploads\/2020\/01\/82223235_3166894650116470_1455194465311391744_o.png 960w, https:\/\/argentinatermal.com.ar\/wp-content\/uploads\/2020\/01\/82223235_3166894650116470_1455194465311391744_o-300x300.png 300w, https:\/\/argentinatermal.com.ar\/wp-content\/uploads\/2020\/01\/82223235_3166894650116470_1455194465311391744_o-150x150.png 150w, https:\/\/argentinatermal.com.ar\/wp-content\/uploads\/2020\/01\/82223235_3166894650116470_1455194465311391744_o-768x768.png 768w, https:\/\/argentinatermal.com.ar\/wp-content\/uploads\/2020\/01\/82223235_3166894650116470_1455194465311391744_o-696x696.png 696w, https:\/\/argentinatermal.com.ar\/wp-content\/uploads\/2020\/01\/82223235_3166894650116470_1455194465311391744_o-420x420.png 420w\" sizes=\"(max-width: 164px) 100vw, 164px\" \/><\/a><\/figure><\/div>\n\n\n\n<p>Este sue\u00f1o termal ya lleva 15 a\u00f1os de proyecci\u00f3n y nos cuenta el Sr.\nIntendente que todo surge a partir de una visita realizada en el a\u00f1o 2005 por\nparte del equipo municipal a la provincia de Entre R\u00edos y a algunos de sus complejos\ntermales donde tomaron contacto con los profesionales que los est\u00e1n asesorando.\n<\/p>\n\n\n\n<p>Ante la consulta de sobre c\u00f3mo surge la idea de llevar a cabo el\ndesarrollo del Complejo Termas Tapalqu\u00e9, el Intendente Coccioni expresa:<em> \u201cAl comienzo de nuestra gesti\u00f3n hicimos un trabajo\nde an\u00e1lisis de Fortalezas, Oportunidades, Debilidades y Amenazas, de qu\u00e9 cosas\npodr\u00edamos hacer en base al desarrollo que ten\u00edamos que plantear para nuestro\npueblo, porque se supone que Tapalqu\u00e9 nunca iba a ser un competidor con una\nciudad como Olavarr\u00eda, que es industrial\u201d.<\/em><\/p>\n\n\n\n<figure class=\"wp-block-image size-large\"><img decoding=\"async\" width=\"1024\" height=\"593\" src=\"http:\/\/argentinatermal.com.ar\/wp-content\/uploads\/2020\/01\/ENCUENTRO-CON-INTENDENTE-Y-SEC.-DE-TURISMO-2-1024x593.jpg\" alt=\"\" class=\"wp-image-3640\" srcset=\"https:\/\/argentinatermal.com.ar\/wp-content\/uploads\/2020\/01\/ENCUENTRO-CON-INTENDENTE-Y-SEC.-DE-TURISMO-2-1024x593.jpg 1024w, https:\/\/argentinatermal.com.ar\/wp-content\/uploads\/2020\/01\/ENCUENTRO-CON-INTENDENTE-Y-SEC.-DE-TURISMO-2-300x174.jpg 300w, https:\/\/argentinatermal.com.ar\/wp-content\/uploads\/2020\/01\/ENCUENTRO-CON-INTENDENTE-Y-SEC.-DE-TURISMO-2-768x445.jpg 768w, https:\/\/argentinatermal.com.ar\/wp-content\/uploads\/2020\/01\/ENCUENTRO-CON-INTENDENTE-Y-SEC.-DE-TURISMO-2-1536x889.jpg 1536w, https:\/\/argentinatermal.com.ar\/wp-content\/uploads\/2020\/01\/ENCUENTRO-CON-INTENDENTE-Y-SEC.-DE-TURISMO-2-2048x1186.jpg 2048w, https:\/\/argentinatermal.com.ar\/wp-content\/uploads\/2020\/01\/ENCUENTRO-CON-INTENDENTE-Y-SEC.-DE-TURISMO-2-696x403.jpg 696w, https:\/\/argentinatermal.com.ar\/wp-content\/uploads\/2020\/01\/ENCUENTRO-CON-INTENDENTE-Y-SEC.-DE-TURISMO-2-1068x618.jpg 1068w, https:\/\/argentinatermal.com.ar\/wp-content\/uploads\/2020\/01\/ENCUENTRO-CON-INTENDENTE-Y-SEC.-DE-TURISMO-2-725x420.jpg 725w\" sizes=\"(max-width: 1024px) 100vw, 1024px\" \/><figcaption><em>Foto 2 &#8211; Sr. Gustavo Coccioni, Intendente Municipal, Lic. Teresita Van Strate (Tribuna Termal), Sra. Natividad Lala Baciocco, Secretaria de Turismo, Sra. Sandra Kan (Asesora de Prensa), Silvina Beccar Varela (La Naci\u00f3n y Revista Alta) y Marisol Dom\u00edguez. <\/em><\/figcaption><\/figure>\n\n\n\n<p>Tambi\u00e9n dice que al estudiar las caracter\u00edsticas y la situaci\u00f3n de las grandes ciudades que se encuentran alrededor de Tapalqu\u00e9, y con el objetivo final, siempre  <\/p>\n\n\n\n<p>presente, de generar empleos y de aumentar la calidad de vida de los habitantes de la ciudad, se propusieron entonces trabajar en el desarrollo tur\u00edstico de la comunidad y la regi\u00f3n. <\/p>\n\n\n\n<h6 class=\"wp-block-heading\">   <em>\u201cSi uno ve que el hombre vive en ciudades grandes de una manera que se estresa, nuestro objetivo es lograr que se desestresen. Nuestro objetivo como pueblo, es que ese valor que la gente lo ve y lo vive, se convierta en un producto y que a su vez nosotros podamos traducirlo en empleo y oportunidades para los j\u00f3venes. Esto es parte de la l\u00ednea que hemos planteado de desarrollo tur\u00edstico, por eso tambi\u00e9n dar mucha importancia a la tarea de concientizaci\u00f3n ambiental que no es exclusivamente de gesti\u00f3n municipal sino tambi\u00e9n educativa y compartida con la comunidad\u201d, <\/em>reflexiona Coccioni. <\/h6>\n\n\n\n<figure class=\"wp-block-image size-large\"><img decoding=\"async\" width=\"640\" height=\"480\" src=\"http:\/\/argentinatermal.com.ar\/wp-content\/uploads\/2020\/01\/FOTO-3-MAQUETA-COMPLEJO-TERMAL-TAPALQUE.jpg\" alt=\"\" class=\"wp-image-3641\" srcset=\"https:\/\/argentinatermal.com.ar\/wp-content\/uploads\/2020\/01\/FOTO-3-MAQUETA-COMPLEJO-TERMAL-TAPALQUE.jpg 640w, https:\/\/argentinatermal.com.ar\/wp-content\/uploads\/2020\/01\/FOTO-3-MAQUETA-COMPLEJO-TERMAL-TAPALQUE-300x225.jpg 300w, https:\/\/argentinatermal.com.ar\/wp-content\/uploads\/2020\/01\/FOTO-3-MAQUETA-COMPLEJO-TERMAL-TAPALQUE-80x60.jpg 80w, https:\/\/argentinatermal.com.ar\/wp-content\/uploads\/2020\/01\/FOTO-3-MAQUETA-COMPLEJO-TERMAL-TAPALQUE-265x198.jpg 265w, https:\/\/argentinatermal.com.ar\/wp-content\/uploads\/2020\/01\/FOTO-3-MAQUETA-COMPLEJO-TERMAL-TAPALQUE-560x420.jpg 560w\" sizes=\"(max-width: 640px) 100vw, 640px\" \/><figcaption><em><br> Foto 3 &#8211; Render del Complejo Termal (Fuente: www.unicen.edu.ar)<\/em> <\/figcaption><\/figure>\n\n\n\n<p><strong><em>\u201cTapalqu\u00e9\u201d es \u201cLugar de Totoras\u201d para los\nMapuches, y \u201cGente que viene andando\u201d para los Tehuelches<\/em><\/strong><\/p>\n\n\n\n<p><em>&nbsp;\u201cTu plaza, tus calles anchas, tu arroyo corcoveador, con su visi\u00f3n de querencia\u2026\u201d <\/em>as\u00ed describe Juan Antonio Bourdieu, en su Zamba a Tapalqu\u00e9, a esta comunidad de aproximadamente 10 mil habitantes y en la que hace referencia tambi\u00e9n a esa esperanza de los j\u00f3venes de volver a su tierra. <\/p>\n\n\n\n<p>La comunidad de Tapalqu\u00e9, en general, se est\u00e1 preparando para la apertura del Complejo Termal y para recibir a los turistas que lleguen atra\u00eddos por sus aguas, por ello es que est\u00e1n surgiendo nuevos emprendimientos de diferentes tipos para brindar servicios de &nbsp;alojamientos y gastronom\u00eda, a los que se van sumando nuevos atractivos tur\u00edsticos&nbsp; y &nbsp;culturales ya sean de gesti\u00f3n p\u00fablica o privada, con el fin de motivarlos a extender sus estad\u00edas en la regi\u00f3n. <\/p>\n\n\n\n<p>A lo largo de nuestro recorrido visitamos y conversamos con algunos de los emprendedores, como &nbsp;Do\u00f1a Paulina y su familia, a ella la llaman \u201cla reina de la Torta Negra\u201d, por haber ganado el concurso de elaborar las mejores Tortas Negras de la ciudad. Do\u00f1a Paulina recibe a los turistas en su propia casa, con su sonrisa esplendida y las delicias que prepara d\u00eda a d\u00eda para tomar unos ricos mates en su patio lleno de flores.<\/p>\n\n\n\n<figure class=\"wp-block-image size-large\"><img decoding=\"async\" width=\"1024\" height=\"768\" src=\"http:\/\/argentinatermal.com.ar\/wp-content\/uploads\/2020\/01\/FOTO-4-DO\u00d1A-PAULINA-1024x768.jpg\" alt=\"\" class=\"wp-image-3642\" srcset=\"https:\/\/argentinatermal.com.ar\/wp-content\/uploads\/2020\/01\/FOTO-4-DO\u00d1A-PAULINA-1024x768.jpg 1024w, https:\/\/argentinatermal.com.ar\/wp-content\/uploads\/2020\/01\/FOTO-4-DO\u00d1A-PAULINA-300x225.jpg 300w, https:\/\/argentinatermal.com.ar\/wp-content\/uploads\/2020\/01\/FOTO-4-DO\u00d1A-PAULINA-768x576.jpg 768w, https:\/\/argentinatermal.com.ar\/wp-content\/uploads\/2020\/01\/FOTO-4-DO\u00d1A-PAULINA-1536x1152.jpg 1536w, https:\/\/argentinatermal.com.ar\/wp-content\/uploads\/2020\/01\/FOTO-4-DO\u00d1A-PAULINA-2048x1536.jpg 2048w, https:\/\/argentinatermal.com.ar\/wp-content\/uploads\/2020\/01\/FOTO-4-DO\u00d1A-PAULINA-80x60.jpg 80w, https:\/\/argentinatermal.com.ar\/wp-content\/uploads\/2020\/01\/FOTO-4-DO\u00d1A-PAULINA-265x198.jpg 265w, https:\/\/argentinatermal.com.ar\/wp-content\/uploads\/2020\/01\/FOTO-4-DO\u00d1A-PAULINA-696x522.jpg 696w, https:\/\/argentinatermal.com.ar\/wp-content\/uploads\/2020\/01\/FOTO-4-DO\u00d1A-PAULINA-1068x801.jpg 1068w, https:\/\/argentinatermal.com.ar\/wp-content\/uploads\/2020\/01\/FOTO-4-DO\u00d1A-PAULINA-560x420.jpg 560w\" sizes=\"(max-width: 1024px) 100vw, 1024px\" \/><figcaption><em><br> Foto 4 &#8211; Do\u00f1a Paulina, la reina de la Torta Negra (Ph: Marisol Dom\u00ednguez)<\/em><\/figcaption><\/figure>\n\n\n\n<p>Las Tortas Negras identifican a Tapalqu\u00e9, al punto que el domingo 12 de\nenero de 2020 se celebra la 9\u00b0 Edici\u00f3n de la Fiesta de la Torta Negra.<\/p>\n\n\n\n<p>Otro de los emprendimientos que se est\u00e1 posicionando es el hotel HUB\nTapalqu\u00e9, que es dirigido por Patricio, un joven profesional tapalquense, que\nlidera &nbsp;un equipo de gente tan joven como\n\u00e9l que se esmeran por ser excelentes anfitriones. Este hotel municipal\nconcesionado al grupo HUB&nbsp; es por el\nmomento el m\u00e1s grande de la ciudad. Sus habitaciones son confortables, ambientadas\ncon esp\u00edritu ecologista e impronta joven, tambi\u00e9n dispone de un sal\u00f3n\ndesayunador donde se pueden degustar y comprar alimentos y artesan\u00edas&nbsp; de producci\u00f3n local.<\/p>\n\n\n\n<div class=\"wp-block-group\"><div class=\"wp-block-group__inner-container is-layout-flow wp-block-group-is-layout-flow\">\n<figure class=\"wp-block-image size-large\"><img decoding=\"async\" width=\"960\" height=\"960\" src=\"http:\/\/argentinatermal.com.ar\/wp-content\/uploads\/2020\/01\/FOTO-5-HUBS.jpg\" alt=\"\" class=\"wp-image-3643\" srcset=\"https:\/\/argentinatermal.com.ar\/wp-content\/uploads\/2020\/01\/FOTO-5-HUBS.jpg 960w, https:\/\/argentinatermal.com.ar\/wp-content\/uploads\/2020\/01\/FOTO-5-HUBS-300x300.jpg 300w, https:\/\/argentinatermal.com.ar\/wp-content\/uploads\/2020\/01\/FOTO-5-HUBS-150x150.jpg 150w, https:\/\/argentinatermal.com.ar\/wp-content\/uploads\/2020\/01\/FOTO-5-HUBS-768x768.jpg 768w, https:\/\/argentinatermal.com.ar\/wp-content\/uploads\/2020\/01\/FOTO-5-HUBS-696x696.jpg 696w, https:\/\/argentinatermal.com.ar\/wp-content\/uploads\/2020\/01\/FOTO-5-HUBS-420x420.jpg 420w\" sizes=\"(max-width: 960px) 100vw, 960px\" \/><figcaption><em> Foto 5 &#8211; Marisol Dom\u00ednguez (Argentina Termal), Teresita Van Strate (Tribuna Termal) y Silvina Beccar Varela (La Naci\u00f3n y REVISTA ALTA) junto a Federico Chiramberro y equipo de Hubs Tapalqu\u00e9.<\/em> <\/figcaption><\/figure>\n<\/div><\/div>\n\n\n\n<p><strong><em>Conociendo el Cant\u00f3n de Tapalqu\u00e9<\/em><\/strong><\/p>\n\n\n\n<p>Durante la visita hemos podido recorrer los alrededores, siempre acompa\u00f1ados por la Sra. Secretaria de Turismo y la Lic Sandra Kan, nos llam\u00f3 la atenci\u00f3n encontrarnos con una comunidad ganadera e industrial que, quiz\u00e1s sin propon\u00e9rselo hasta ahora, va desarrollando paulatinamente una conciencia tur\u00edstica que se plasma en sus jardines, paseos y plazas, en la prolijidad y limpieza que se aprecia tanto en la ciudad como en los alrededores. <\/p>\n\n\n\n<p>A 60 km de Tapalqu\u00e9 se encuentra el pueblo de Crotto. Una comunidad rural de aproximadamente 300 habitantes, que atesora en su Museo organizado en lo que fueran las oficinas del ferrocarril y la casa del Jefe de la estaci\u00f3n, &nbsp;vestigios de importantes etapas  <\/p>\n\n\n\n<p>de la historia no solo del lugar sino tambi\u00e9n de nuestro pa\u00eds. Fotos y\npertenencias de habitantes y visitantes ilustres como por ejemplo el naturalista\ningl\u00e9s Charles Darwin quien menciona la regi\u00f3n en <em>\u201cDiario de un naturalista ingl\u00e9s alrededor del mundo\u201d.<\/em> <\/p>\n\n\n\n<div class=\"wp-block-image\"><figure class=\"alignright size-large is-resized\"><img decoding=\"async\" src=\"http:\/\/argentinatermal.com.ar\/wp-content\/uploads\/2020\/01\/FOTO-6-MUSEO-CROTTO-1024x683.jpg\" alt=\"\" class=\"wp-image-3644\" width=\"377\" height=\"251\" srcset=\"https:\/\/argentinatermal.com.ar\/wp-content\/uploads\/2020\/01\/FOTO-6-MUSEO-CROTTO-1024x683.jpg 1024w, https:\/\/argentinatermal.com.ar\/wp-content\/uploads\/2020\/01\/FOTO-6-MUSEO-CROTTO-300x200.jpg 300w, https:\/\/argentinatermal.com.ar\/wp-content\/uploads\/2020\/01\/FOTO-6-MUSEO-CROTTO-768x512.jpg 768w, https:\/\/argentinatermal.com.ar\/wp-content\/uploads\/2020\/01\/FOTO-6-MUSEO-CROTTO-1536x1024.jpg 1536w, https:\/\/argentinatermal.com.ar\/wp-content\/uploads\/2020\/01\/FOTO-6-MUSEO-CROTTO-2048x1365.jpg 2048w, https:\/\/argentinatermal.com.ar\/wp-content\/uploads\/2020\/01\/FOTO-6-MUSEO-CROTTO-696x464.jpg 696w, https:\/\/argentinatermal.com.ar\/wp-content\/uploads\/2020\/01\/FOTO-6-MUSEO-CROTTO-1068x712.jpg 1068w, https:\/\/argentinatermal.com.ar\/wp-content\/uploads\/2020\/01\/FOTO-6-MUSEO-CROTTO-630x420.jpg 630w\" sizes=\"(max-width: 377px) 100vw, 377px\" \/><figcaption> <br> <em>Foto 6 &#8211; Sandra, gu\u00eda del Museo Municipal Comunitario de Crotto, Pueblo de la Mujer Campesina. <\/em><\/figcaption><\/figure><\/div>\n\n\n\n<p>La visita al Museo Municipal Comunitario de Crotto, es uno de los\natractivos para disfrutar y conocer este cap\u00edtulo de la rica historia argentina,\nya que los objetos aqu\u00ed exhibidos hablan de&nbsp;\nla interacci\u00f3n entre los inmigrantes o sus descendientes y los pueblos\noriginarios que habitaban la regi\u00f3n pampeana.&nbsp;\nToda la comunidad participa del crecimiento continuo del Museo aportando\ndiferentes objetos e historias y testimonios que ayudan a mantener vivo los\nrecuerdos de aquellos momentos en donde comenz\u00f3 todo.<\/p>\n\n\n\n<p>En poco m\u00e1s de un a\u00f1o las Termas de Tapalqu\u00e9 se sumar\u00e1n a la oferta de\nTurismo de Salud y Bienestar de la provincia de Buenos Aires y eso es una\nexcelente noticia para el sector, en tanto esto suceda es un destino tur\u00edstico\ndigno de ser descubierto, y al hacerlo disfrutar de la hospitalidad de sus\nhabitantes, de la calidad de sus comidas caseras y de la tranquilidad que significa\nrecorrer un sitio donde todo te hace sentir que sos muy bienvenido!<\/p>\n\n\n\n<figure class=\"wp-block-image size-large\"><a href=\"https:\/\/www.argentina.gob.ar\/turismoydeportes\" target=\"_blank\" rel=\"noreferrer noopener\"><img decoding=\"async\" width=\"843\" height=\"89\" src=\"http:\/\/argentinatermal.com.ar\/wp-content\/uploads\/2020\/01\/argentina_unida_.jpeg\" alt=\"\" class=\"wp-image-3638\" srcset=\"https:\/\/argentinatermal.com.ar\/wp-content\/uploads\/2020\/01\/argentina_unida_.jpeg 843w, https:\/\/argentinatermal.com.ar\/wp-content\/uploads\/2020\/01\/argentina_unida_-300x32.jpeg 300w, https:\/\/argentinatermal.com.ar\/wp-content\/uploads\/2020\/01\/argentina_unida_-768x81.jpeg 768w, https:\/\/argentinatermal.com.ar\/wp-content\/uploads\/2020\/01\/argentina_unida_-696x73.jpeg 696w\" sizes=\"(max-width: 843px) 100vw, 843px\" \/><\/a><\/figure>\n\n\n\n<figure class=\"wp-block-gallery columns-3 is-cropped wp-block-gallery-1 is-layout-flex wp-block-gallery-is-layout-flex\"><ul class=\"blocks-gallery-grid\"><li class=\"blocks-gallery-item\"><figure><img decoding=\"async\" width=\"1024\" height=\"768\" src=\"http:\/\/argentinatermal.com.ar\/wp-content\/uploads\/2020\/01\/FOTO-1-TERMAS-TAPALQU\u00c9-1-1024x768.jpg\" alt=\"\" data-id=\"3647\" data-link=\"http:\/\/argentinatermal.com.ar\/?attachment_id=3647\" class=\"wp-image-3647\" srcset=\"https:\/\/argentinatermal.com.ar\/wp-content\/uploads\/2020\/01\/FOTO-1-TERMAS-TAPALQU\u00c9-1-1024x768.jpg 1024w, https:\/\/argentinatermal.com.ar\/wp-content\/uploads\/2020\/01\/FOTO-1-TERMAS-TAPALQU\u00c9-1-300x225.jpg 300w, https:\/\/argentinatermal.com.ar\/wp-content\/uploads\/2020\/01\/FOTO-1-TERMAS-TAPALQU\u00c9-1-768x576.jpg 768w, https:\/\/argentinatermal.com.ar\/wp-content\/uploads\/2020\/01\/FOTO-1-TERMAS-TAPALQU\u00c9-1-1536x1152.jpg 1536w, https:\/\/argentinatermal.com.ar\/wp-content\/uploads\/2020\/01\/FOTO-1-TERMAS-TAPALQU\u00c9-1-2048x1536.jpg 2048w, https:\/\/argentinatermal.com.ar\/wp-content\/uploads\/2020\/01\/FOTO-1-TERMAS-TAPALQU\u00c9-1-80x60.jpg 80w, https:\/\/argentinatermal.com.ar\/wp-content\/uploads\/2020\/01\/FOTO-1-TERMAS-TAPALQU\u00c9-1-265x198.jpg 265w, https:\/\/argentinatermal.com.ar\/wp-content\/uploads\/2020\/01\/FOTO-1-TERMAS-TAPALQU\u00c9-1-696x522.jpg 696w, https:\/\/argentinatermal.com.ar\/wp-content\/uploads\/2020\/01\/FOTO-1-TERMAS-TAPALQU\u00c9-1-1068x801.jpg 1068w, https:\/\/argentinatermal.com.ar\/wp-content\/uploads\/2020\/01\/FOTO-1-TERMAS-TAPALQU\u00c9-1-560x420.jpg 560w\" sizes=\"(max-width: 1024px) 100vw, 1024px\" \/><\/figure><\/li><li class=\"blocks-gallery-item\"><figure><img decoding=\"async\" width=\"960\" height=\"960\" src=\"http:\/\/argentinatermal.com.ar\/wp-content\/uploads\/2020\/01\/FOTO-5-HUBS.jpg\" alt=\"\" data-id=\"3643\" data-link=\"http:\/\/argentinatermal.com.ar\/?attachment_id=3643\" class=\"wp-image-3643\" srcset=\"https:\/\/argentinatermal.com.ar\/wp-content\/uploads\/2020\/01\/FOTO-5-HUBS.jpg 960w, https:\/\/argentinatermal.com.ar\/wp-content\/uploads\/2020\/01\/FOTO-5-HUBS-300x300.jpg 300w, https:\/\/argentinatermal.com.ar\/wp-content\/uploads\/2020\/01\/FOTO-5-HUBS-150x150.jpg 150w, https:\/\/argentinatermal.com.ar\/wp-content\/uploads\/2020\/01\/FOTO-5-HUBS-768x768.jpg 768w, https:\/\/argentinatermal.com.ar\/wp-content\/uploads\/2020\/01\/FOTO-5-HUBS-696x696.jpg 696w, https:\/\/argentinatermal.com.ar\/wp-content\/uploads\/2020\/01\/FOTO-5-HUBS-420x420.jpg 420w\" sizes=\"(max-width: 960px) 100vw, 960px\" \/><\/figure><\/li><li class=\"blocks-gallery-item\"><figure><img decoding=\"async\" width=\"1024\" height=\"683\" src=\"http:\/\/argentinatermal.com.ar\/wp-content\/uploads\/2020\/01\/FOTO-6-MUSEO-CROTTO-1024x683.jpg\" alt=\"\" data-id=\"3644\" data-link=\"http:\/\/argentinatermal.com.ar\/?attachment_id=3644\" class=\"wp-image-3644\" srcset=\"https:\/\/argentinatermal.com.ar\/wp-content\/uploads\/2020\/01\/FOTO-6-MUSEO-CROTTO-1024x683.jpg 1024w, https:\/\/argentinatermal.com.ar\/wp-content\/uploads\/2020\/01\/FOTO-6-MUSEO-CROTTO-300x200.jpg 300w, https:\/\/argentinatermal.com.ar\/wp-content\/uploads\/2020\/01\/FOTO-6-MUSEO-CROTTO-768x512.jpg 768w, https:\/\/argentinatermal.com.ar\/wp-content\/uploads\/2020\/01\/FOTO-6-MUSEO-CROTTO-1536x1024.jpg 1536w, https:\/\/argentinatermal.com.ar\/wp-content\/uploads\/2020\/01\/FOTO-6-MUSEO-CROTTO-2048x1365.jpg 2048w, https:\/\/argentinatermal.com.ar\/wp-content\/uploads\/2020\/01\/FOTO-6-MUSEO-CROTTO-696x464.jpg 696w, https:\/\/argentinatermal.com.ar\/wp-content\/uploads\/2020\/01\/FOTO-6-MUSEO-CROTTO-1068x712.jpg 1068w, https:\/\/argentinatermal.com.ar\/wp-content\/uploads\/2020\/01\/FOTO-6-MUSEO-CROTTO-630x420.jpg 630w\" sizes=\"(max-width: 1024px) 100vw, 1024px\" \/><\/figure><\/li><li class=\"blocks-gallery-item\"><figure><img decoding=\"async\" width=\"1024\" height=\"768\" src=\"http:\/\/argentinatermal.com.ar\/wp-content\/uploads\/2020\/01\/FOTO-4-DO\u00d1A-PAULINA-1-1024x768.jpg\" alt=\"\" data-id=\"3648\" data-link=\"http:\/\/argentinatermal.com.ar\/?attachment_id=3648\" class=\"wp-image-3648\" srcset=\"https:\/\/argentinatermal.com.ar\/wp-content\/uploads\/2020\/01\/FOTO-4-DO\u00d1A-PAULINA-1-1024x768.jpg 1024w, https:\/\/argentinatermal.com.ar\/wp-content\/uploads\/2020\/01\/FOTO-4-DO\u00d1A-PAULINA-1-300x225.jpg 300w, https:\/\/argentinatermal.com.ar\/wp-content\/uploads\/2020\/01\/FOTO-4-DO\u00d1A-PAULINA-1-768x576.jpg 768w, https:\/\/argentinatermal.com.ar\/wp-content\/uploads\/2020\/01\/FOTO-4-DO\u00d1A-PAULINA-1-1536x1152.jpg 1536w, https:\/\/argentinatermal.com.ar\/wp-content\/uploads\/2020\/01\/FOTO-4-DO\u00d1A-PAULINA-1-2048x1536.jpg 2048w, https:\/\/argentinatermal.com.ar\/wp-content\/uploads\/2020\/01\/FOTO-4-DO\u00d1A-PAULINA-1-80x60.jpg 80w, https:\/\/argentinatermal.com.ar\/wp-content\/uploads\/2020\/01\/FOTO-4-DO\u00d1A-PAULINA-1-265x198.jpg 265w, https:\/\/argentinatermal.com.ar\/wp-content\/uploads\/2020\/01\/FOTO-4-DO\u00d1A-PAULINA-1-696x522.jpg 696w, https:\/\/argentinatermal.com.ar\/wp-content\/uploads\/2020\/01\/FOTO-4-DO\u00d1A-PAULINA-1-1068x801.jpg 1068w, https:\/\/argentinatermal.com.ar\/wp-content\/uploads\/2020\/01\/FOTO-4-DO\u00d1A-PAULINA-1-560x420.jpg 560w\" sizes=\"(max-width: 1024px) 100vw, 1024px\" \/><\/figure><\/li><li class=\"blocks-gallery-item\"><figure><img decoding=\"async\" width=\"1024\" height=\"768\" src=\"http:\/\/argentinatermal.com.ar\/wp-content\/uploads\/2020\/01\/FOTO-2-ENCUENTRO-CON-INTENDENTE-Y-SEC.-DE-TURISMO-1024x768.jpg\" alt=\"\" data-id=\"3649\" data-link=\"http:\/\/argentinatermal.com.ar\/?attachment_id=3649\" class=\"wp-image-3649\" srcset=\"https:\/\/argentinatermal.com.ar\/wp-content\/uploads\/2020\/01\/FOTO-2-ENCUENTRO-CON-INTENDENTE-Y-SEC.-DE-TURISMO-1024x768.jpg 1024w, https:\/\/argentinatermal.com.ar\/wp-content\/uploads\/2020\/01\/FOTO-2-ENCUENTRO-CON-INTENDENTE-Y-SEC.-DE-TURISMO-300x225.jpg 300w, https:\/\/argentinatermal.com.ar\/wp-content\/uploads\/2020\/01\/FOTO-2-ENCUENTRO-CON-INTENDENTE-Y-SEC.-DE-TURISMO-768x576.jpg 768w, https:\/\/argentinatermal.com.ar\/wp-content\/uploads\/2020\/01\/FOTO-2-ENCUENTRO-CON-INTENDENTE-Y-SEC.-DE-TURISMO-1536x1152.jpg 1536w, https:\/\/argentinatermal.com.ar\/wp-content\/uploads\/2020\/01\/FOTO-2-ENCUENTRO-CON-INTENDENTE-Y-SEC.-DE-TURISMO-2048x1536.jpg 2048w, https:\/\/argentinatermal.com.ar\/wp-content\/uploads\/2020\/01\/FOTO-2-ENCUENTRO-CON-INTENDENTE-Y-SEC.-DE-TURISMO-80x60.jpg 80w, https:\/\/argentinatermal.com.ar\/wp-content\/uploads\/2020\/01\/FOTO-2-ENCUENTRO-CON-INTENDENTE-Y-SEC.-DE-TURISMO-265x198.jpg 265w, https:\/\/argentinatermal.com.ar\/wp-content\/uploads\/2020\/01\/FOTO-2-ENCUENTRO-CON-INTENDENTE-Y-SEC.-DE-TURISMO-696x522.jpg 696w, https:\/\/argentinatermal.com.ar\/wp-content\/uploads\/2020\/01\/FOTO-2-ENCUENTRO-CON-INTENDENTE-Y-SEC.-DE-TURISMO-1068x801.jpg 1068w, https:\/\/argentinatermal.com.ar\/wp-content\/uploads\/2020\/01\/FOTO-2-ENCUENTRO-CON-INTENDENTE-Y-SEC.-DE-TURISMO-560x420.jpg 560w\" sizes=\"(max-width: 1024px) 100vw, 1024px\" \/><\/figure><\/li><li class=\"blocks-gallery-item\"><figure><img decoding=\"async\" width=\"640\" height=\"480\" src=\"http:\/\/argentinatermal.com.ar\/wp-content\/uploads\/2020\/01\/FOTO-3-MAQUETA-COMPLEJO-TERMAL-TAPALQUE-1.jpg\" alt=\"\" data-id=\"3650\" data-link=\"http:\/\/argentinatermal.com.ar\/?attachment_id=3650\" class=\"wp-image-3650\" srcset=\"https:\/\/argentinatermal.com.ar\/wp-content\/uploads\/2020\/01\/FOTO-3-MAQUETA-COMPLEJO-TERMAL-TAPALQUE-1.jpg 640w, https:\/\/argentinatermal.com.ar\/wp-content\/uploads\/2020\/01\/FOTO-3-MAQUETA-COMPLEJO-TERMAL-TAPALQUE-1-300x225.jpg 300w, https:\/\/argentinatermal.com.ar\/wp-content\/uploads\/2020\/01\/FOTO-3-MAQUETA-COMPLEJO-TERMAL-TAPALQUE-1-80x60.jpg 80w, https:\/\/argentinatermal.com.ar\/wp-content\/uploads\/2020\/01\/FOTO-3-MAQUETA-COMPLEJO-TERMAL-TAPALQUE-1-265x198.jpg 265w, https:\/\/argentinatermal.com.ar\/wp-content\/uploads\/2020\/01\/FOTO-3-MAQUETA-COMPLEJO-TERMAL-TAPALQUE-1-560x420.jpg 560w\" sizes=\"(max-width: 640px) 100vw, 640px\" \/><\/figure><\/li><li class=\"blocks-gallery-item\"><figure><img decoding=\"async\" width=\"1024\" height=\"768\" src=\"http:\/\/argentinatermal.com.ar\/wp-content\/uploads\/2020\/01\/TERMAS-TAPALQU\u00c9-3-1024x768.jpg\" alt=\"\" data-id=\"3651\" data-link=\"http:\/\/argentinatermal.com.ar\/?attachment_id=3651\" class=\"wp-image-3651\" srcset=\"https:\/\/argentinatermal.com.ar\/wp-content\/uploads\/2020\/01\/TERMAS-TAPALQU\u00c9-3-1024x768.jpg 1024w, https:\/\/argentinatermal.com.ar\/wp-content\/uploads\/2020\/01\/TERMAS-TAPALQU\u00c9-3-300x225.jpg 300w, https:\/\/argentinatermal.com.ar\/wp-content\/uploads\/2020\/01\/TERMAS-TAPALQU\u00c9-3-768x576.jpg 768w, https:\/\/argentinatermal.com.ar\/wp-content\/uploads\/2020\/01\/TERMAS-TAPALQU\u00c9-3-1536x1152.jpg 1536w, https:\/\/argentinatermal.com.ar\/wp-content\/uploads\/2020\/01\/TERMAS-TAPALQU\u00c9-3-2048x1536.jpg 2048w, https:\/\/argentinatermal.com.ar\/wp-content\/uploads\/2020\/01\/TERMAS-TAPALQU\u00c9-3-80x60.jpg 80w, https:\/\/argentinatermal.com.ar\/wp-content\/uploads\/2020\/01\/TERMAS-TAPALQU\u00c9-3-265x198.jpg 265w, https:\/\/argentinatermal.com.ar\/wp-content\/uploads\/2020\/01\/TERMAS-TAPALQU\u00c9-3-696x522.jpg 696w, https:\/\/argentinatermal.com.ar\/wp-content\/uploads\/2020\/01\/TERMAS-TAPALQU\u00c9-3-1068x801.jpg 1068w, https:\/\/argentinatermal.com.ar\/wp-content\/uploads\/2020\/01\/TERMAS-TAPALQU\u00c9-3-560x420.jpg 560w\" sizes=\"(max-width: 1024px) 100vw, 1024px\" \/><\/figure><\/li><\/ul><\/figure>\n","protected":false},"excerpt":{"rendered":"<p>Por: Marisol Dominguez A 278 km de la Ciudad Aut\u00f3noma de Buenos Aires (CABA), en la localidad de Tapalqu\u00e9, Prov. De Buenos Aires, se est\u00e1 materializando un nuevo sue\u00f1o termal, que va cobrando cuerpo entre los f\u00e9rtiles verdes campos, dedicados al cultivo y a la cr\u00eda de ganado, especialmente equino, de la llanura bonaerense. All\u00ed [&hellip;]<\/p>\n","protected":false},"author":1,"featured_media":3646,"comment_status":"open","ping_status":"open","sticky":false,"template":"","format":"standard","meta":{"footnotes":""},"categories":[11,14,22,17],"tags":[],"class_list":["post-3639","post","type-post","status-publish","format-standard","has-post-thumbnail","hentry","category-buenos-aires","category-turismo-salud","category-turismo-sostenible","category-turismo-termal"],"_links":{"self":[{"href":"https:\/\/argentinatermal.com.ar\/index.php?rest_route=\/wp\/v2\/posts\/3639","targetHints":{"allow":["GET"]}}],"collection":[{"href":"https:\/\/argentinatermal.com.ar\/index.php?rest_route=\/wp\/v2\/posts"}],"about":[{"href":"https:\/\/argentinatermal.com.ar\/index.php?rest_route=\/wp\/v2\/types\/post"}],"author":[{"embeddable":true,"href":"https:\/\/argentinatermal.com.ar\/index.php?rest_route=\/wp\/v2\/users\/1"}],"replies":[{"embeddable":true,"href":"https:\/\/argentinatermal.com.ar\/index.php?rest_route=%2Fwp%2Fv2%2Fcomments&post=3639"}],"version-history":[{"count":6,"href":"https:\/\/argentinatermal.com.ar\/index.php?rest_route=\/wp\/v2\/posts\/3639\/revisions"}],"predecessor-version":[{"id":3659,"href":"https:\/\/argentinatermal.com.ar\/index.php?rest_route=\/wp\/v2\/posts\/3639\/revisions\/3659"}],"wp:featuredmedia":[{"embeddable":true,"href":"https:\/\/argentinatermal.com.ar\/index.php?rest_route=\/wp\/v2\/media\/3646"}],"wp:attachment":[{"href":"https:\/\/argentinatermal.com.ar\/index.php?rest_route=%2Fwp%2Fv2%2Fmedia&parent=3639"}],"wp:term":[{"taxonomy":"category","embeddable":true,"href":"https:\/\/argentinatermal.com.ar\/index.php?rest_route=%2Fwp%2Fv2%2Fcategories&post=3639"},{"taxonomy":"post_tag","embeddable":true,"href":"https:\/\/argentinatermal.com.ar\/index.php?rest_route=%2Fwp%2Fv2%2Ftags&post=3639"}],"curies":[{"name":"wp","href":"https:\/\/api.w.org\/{rel}","templated":true}]}}