{"id":3671,"date":"2020-01-23T10:24:35","date_gmt":"2020-01-23T13:24:35","guid":{"rendered":"http:\/\/argentinatermal.com.ar\/?p=3671"},"modified":"2020-01-23T10:28:20","modified_gmt":"2020-01-23T13:28:20","slug":"lanzamiento-en-europa-de-termatalia-entre-rios-argentina-2020","status":"publish","type":"post","link":"https:\/\/argentinatermal.com.ar\/?p=3671","title":{"rendered":"Lanzamiento en Europa de Termatalia Entre R\u00edos-Argentina 2020"},"content":{"rendered":"\n<h6 class=\"wp-block-heading\"><strong><em>&gt;&gt; La Feria Internacional de Turismo Termal, Salud y Bienestar se celebrar\u00e1 en la provincia argentina entre el 17 y el 18 de septiembre<br>&gt;&gt; Entre R\u00edos, declarada \u201cCapital Nacional de los Circuitos Termales\u201d, es la provincia con mayor n\u00famero de establecimientos termales del pa\u00eds<\/em><\/strong><\/h6>\n\n\n\n<p class=\"has-drop-cap\">FITUR- Madrid, 23\/01\/2020.- Termatalia arranca en FITUR la promoci\u00f3n en Europa de su quinta edici\u00f3n en Am\u00e9rica Latina. La elecci\u00f3n de Entre R\u00edos como sede viene determinada por el hecho de que es la provincia argentina con mayor n\u00famero de establecimientos termales, un total de 16, repartidos en 14 localidades. No en vano, Entre R\u00edos fue declarada por Ley en 2015 como la \u201cCapital Nacional de los Circuitos Termales\u201d.\u00a0\u00a0<\/p>\n\n\n\n<p>El lanzamiento oficial de Termatalia Entre R\u00edos \u2013 Argentina 2020 tuvo lugar esta ma\u00f1ana en el stand de Argentina en la Feria Internacional de Turismo de Madrid (FITUR) en un acto en el que ejerci\u00f3 de anfitri\u00f3n el Secretario General del Instituto de Promoci\u00f3n Tur\u00edstica de la Rep\u00fablica Argentina (INPROTUR) y gran conocedor y promotor de Termatalia, Ricardo Sosa, que anim\u00f3 a las provincias argentinas y las empresas del sector a participar activamente en Termatalia, \u201cel gran foro de conocimiento y contactos del termalismo a nivel mundial\u201d. Participaron en esta presentaci\u00f3n el presidente de la Diputaci\u00f3n Provincial de Ourense, de la E.H.T.T.A. y del comit\u00e9 asesor de Termatalia, Manuel Baltar; del secretario de Turismo del Gobierno de Entre R\u00edos, Gast\u00f3n Irazusta; de la presidenta de la FEHGRA, Graciela Fresno; del presidente de Balnearios de Espa\u00f1a y del Instituto para la Calidad Tur\u00edstica (ICTE), Miguel Mirones; de la delegada territorial de la Xunta de Galicia en Ourense, Marisol D\u00edaz y de la concejal de Termalismo de Ourense, Flora Moure. Este acto estuvo presentado por la directora de Termatalia, Emma Gonz\u00e1lez.<\/p>\n\n\n\n<p>La 20\u00aa edici\u00f3n de esta cita se celebrar\u00e1 entre los d\u00edas 17 y 18 de septiembre de 2020 y convocar\u00e1 a profesionales de m\u00e1s de 25 pa\u00edses que la ratificar\u00e1n su papel de puente termal entre Europa y Am\u00e9rica Latina, incorporando progresivamente a nuevos mercados de Oriente Pr\u00f3ximo y Asia Pac\u00edfico. Como es habitual, el programa cient\u00edfico y acad\u00e9mico de esta cita dar\u00e1 comienzo un d\u00eda antes, el 16 de septiembre, con el Encuentro Internacional sobre Agua y Termalismo que celebrar\u00e1 ya su 15\u00aa edici\u00f3n. Habr\u00e1 adem\u00e1s postours para conocer los centros termales de la provincia.<\/p>\n\n\n\n<p>La profesionalizaci\u00f3n del sector, tanto a nivel tur\u00edstico como industrial y empresarial seguir\u00e1 ocupando un lugar destacado en la feria a trav\u00e9s de la Bolsa de Contrataci\u00f3n Tur\u00edstica entre touroperadores y establecimientos tur\u00edsticos, Proveedores de bienes de equipo y potenciales importadores de diversos pa\u00edses, aguas de bebida envasadas y distribuidores as\u00ed como visitantes profesionales de una treintena de pa\u00edses.\u00a0<\/p>\n\n\n\n<p>Entre R\u00edosEntre R\u00edos, sede de Termatalia Argentina 2020, es una provincia cuyos principales recursos econ\u00f3micos est\u00e1n estrechamente vinculados al termalismo. Por la posici\u00f3n estrat\u00e9gica que ocupa \/muy cerca de la capital del pa\u00eds, haciendo frontera con Uruguay y pr\u00f3ximo a Brasil), se convierte en un destino accesible para Am\u00e9rica Latina y muy atractivo para el resto de pa\u00edses de otros continentes que quieran participar como expositores o visitantes de Termatalia Argentina 2020. La celebraci\u00f3n de la feria en Entre R\u00edos servir\u00e1 tambi\u00e9n para reforzar la presencia de Argentina en Termatalia y para promocionar a trav\u00e9s de ella a Ourense y Galicia como destinos termales, teniendo en cuenta datos como que Argentina es el principal mercado emisor de turistas a Espa\u00f1a de Am\u00e9rica Latina.<\/p>\n\n\n\n<p>La provincia de Entre R\u00edos, ubicada en la Regi\u00f3n Tur\u00edstica Litoral Argentino, concentra la mayor cantidad de destinos termales del Pa\u00eds, y fue declarada por Ley Nacional de 2015 como la \u201cCapital Nacional de los Circuitos Termales\u201d. Con 14 localidades y un total de 16 complejos que ofrecen m\u00e1s de 125 piscinas con aguas termales de distintas caracter\u00edsticas y propiedades.\u00a0<\/p>\n\n\n\n<p>Argentina en TermataliaArgentina fue el primer pa\u00eds de Am\u00e9rica Latina en confiar en Termatalia para posicionarse como destino termal internacional. Con presencia continuada desde el a\u00f1o 2006, este pa\u00eds ha incrementado progresivamente su presencia en la feria, tanto a nivel pa\u00eds a trav\u00e9s del propio Ministerio de Turismo y del INPROTUR, como a nivel privado, a trav\u00e9s de la continua presencia y cooperaci\u00f3n de la Federaci\u00f3n Empresarial Hotelero Gastron\u00f3mica de la Rep\u00fablica Argentina, FEHGRA, uno de los principales socios estrat\u00e9gicos de Termatalia. Destaca tambi\u00e9n la presencia de la provincia de Santiago del Estero que se convirti\u00f3 en sede en la edici\u00f3n de Termatalia Argentina 2014 y que ha continuado estrechamente vinculada al proyecto que utiliza como herramienta para promover internacionalmente sus recursos termales y tur\u00edsticos. Por su parte, la provincia de Entre R\u00edos ha tenido destacada presencia en las \u00faltimas ediciones de la feria, tanto en las celebradas en Europa como en Am\u00e9rica Latina. En Brasil 2018 presentaron su candidatura de forma oficial y en la \u00faltima edici\u00f3n recogieron el testigo para organizar la de 2020.<\/p>\n\n\n\n<p>Promoci\u00f3n internacionalPara sumar expositores y profesionales, Termatalia Entre R\u00edos-Argentina 2020 arranca en FITUR una intensa campa\u00f1a de promoci\u00f3n internacional que la llevar\u00e1 en los pr\u00f3ximos meses estar\u00e1 presente en los principales foros mundiales de turismo y termalismo como la ITB de Berl\u00edn, la BTL de Lisboa o el Congreso Anual de la Asociaci\u00f3n Europea de Balnearios (ESPA), adem\u00e1s de acciones promocionales y acad\u00e9micas en pa\u00edses de Am\u00e9rica Latina. <\/p>\n\n\n\n<figure class=\"wp-block-image size-large\"><a href=\"https:\/\/www.termatalia.com\/index.php\" target=\"_blank\" rel=\"noreferrer noopener\"><img decoding=\"async\" width=\"196\" height=\"45\" src=\"http:\/\/argentinatermal.com.ar\/wp-content\/uploads\/2020\/01\/logo.png\" alt=\"\" class=\"wp-image-3672\" \/><\/a><\/figure>\n\n\n\n<figure class=\"wp-block-image size-large\"><a href=\"https:\/\/www.argentina.gob.ar\/turismoydeportes\" target=\"_blank\" rel=\"noreferrer noopener\"><img decoding=\"async\" width=\"843\" height=\"89\" src=\"http:\/\/argentinatermal.com.ar\/wp-content\/uploads\/2020\/01\/argentina_unida_.jpeg\" alt=\"\" class=\"wp-image-3638\" srcset=\"https:\/\/argentinatermal.com.ar\/wp-content\/uploads\/2020\/01\/argentina_unida_.jpeg 843w, https:\/\/argentinatermal.com.ar\/wp-content\/uploads\/2020\/01\/argentina_unida_-300x32.jpeg 300w, https:\/\/argentinatermal.com.ar\/wp-content\/uploads\/2020\/01\/argentina_unida_-768x81.jpeg 768w, https:\/\/argentinatermal.com.ar\/wp-content\/uploads\/2020\/01\/argentina_unida_-696x73.jpeg 696w\" sizes=\"(max-width: 843px) 100vw, 843px\" \/><\/a><\/figure>\n","protected":false},"excerpt":{"rendered":"<p>&gt;&gt; La Feria Internacional de Turismo Termal, Salud y Bienestar se celebrar\u00e1 en la provincia argentina entre el 17 y el 18 de septiembre&gt;&gt; Entre R\u00edos, declarada \u201cCapital Nacional de los Circuitos Termales\u201d, es la provincia con mayor n\u00famero de establecimientos termales del pa\u00eds FITUR- Madrid, 23\/01\/2020.- Termatalia arranca en FITUR la promoci\u00f3n en Europa [&hellip;]<\/p>\n","protected":false},"author":1,"featured_media":3673,"comment_status":"open","ping_status":"open","sticky":false,"template":"","format":"standard","meta":{"footnotes":""},"categories":[7,12,15,14],"tags":[],"class_list":["post-3671","post","type-post","status-publish","format-standard","has-post-thumbnail","hentry","category-argentina","category-internacionales","category-turismo-de-bienestar","category-turismo-salud"],"_links":{"self":[{"href":"https:\/\/argentinatermal.com.ar\/index.php?rest_route=\/wp\/v2\/posts\/3671","targetHints":{"allow":["GET"]}}],"collection":[{"href":"https:\/\/argentinatermal.com.ar\/index.php?rest_route=\/wp\/v2\/posts"}],"about":[{"href":"https:\/\/argentinatermal.com.ar\/index.php?rest_route=\/wp\/v2\/types\/post"}],"author":[{"embeddable":true,"href":"https:\/\/argentinatermal.com.ar\/index.php?rest_route=\/wp\/v2\/users\/1"}],"replies":[{"embeddable":true,"href":"https:\/\/argentinatermal.com.ar\/index.php?rest_route=%2Fwp%2Fv2%2Fcomments&post=3671"}],"version-history":[{"count":2,"href":"https:\/\/argentinatermal.com.ar\/index.php?rest_route=\/wp\/v2\/posts\/3671\/revisions"}],"predecessor-version":[{"id":3675,"href":"https:\/\/argentinatermal.com.ar\/index.php?rest_route=\/wp\/v2\/posts\/3671\/revisions\/3675"}],"wp:featuredmedia":[{"embeddable":true,"href":"https:\/\/argentinatermal.com.ar\/index.php?rest_route=\/wp\/v2\/media\/3673"}],"wp:attachment":[{"href":"https:\/\/argentinatermal.com.ar\/index.php?rest_route=%2Fwp%2Fv2%2Fmedia&parent=3671"}],"wp:term":[{"taxonomy":"category","embeddable":true,"href":"https:\/\/argentinatermal.com.ar\/index.php?rest_route=%2Fwp%2Fv2%2Fcategories&post=3671"},{"taxonomy":"post_tag","embeddable":true,"href":"https:\/\/argentinatermal.com.ar\/index.php?rest_route=%2Fwp%2Fv2%2Ftags&post=3671"}],"curies":[{"name":"wp","href":"https:\/\/api.w.org\/{rel}","templated":true}]}}