{"id":3720,"date":"2020-03-09T09:54:38","date_gmt":"2020-03-09T12:54:38","guid":{"rendered":"https:\/\/argentinatermal.com.ar\/?p=3720"},"modified":"2020-03-09T09:54:40","modified_gmt":"2020-03-09T12:54:40","slug":"sexalescentes-la-segunda-adolescencia-que-arranca-a-los-60","status":"publish","type":"post","link":"https:\/\/argentinatermal.com.ar\/?p=3720","title":{"rendered":"\u201cSexalescentes\u201d: la segunda adolescencia que arranca a los 60"},"content":{"rendered":"\n<p><strong>Monkeybusinessimages Los \u00absexadolescentes\u00bb le dan gran importancia de la salud f\u00edsica, por lo tanto dedican el tiempo suficiente para favorecer una mejor calidad de vida.<\/strong> <\/p>\n\n\n\n<p class=\"has-drop-cap\">Activos y motivados, los que ya pasaron los 60 a\u00f1os de edad ya no se reducen a \u201ccobrar la jubilaci\u00f3n y hacer de abuelos\u201d. C\u00f3mo se vive esta segunda \u201cjuventud\u201d.<\/p>\n\n\n\n<p>Sexalescentes: as\u00ed se denomina a quienes, entrando en sus 60 a\u00f1os, re\u00fanen ciertas caracter\u00edsticas que no responder\u00edan a los patrones comunes que se encuentran dentro de la vejez.<\/p>\n\n\n\n<p>Mientras la palabra \u00absexagenario\u00bb cae en desuso, hombres y mujeres entre 60 y 70 a\u00f1os de edad, marcan una tendencia diferente en el modo de experimentar y transitar seesta etapa de sus vidas con un perfil distinto, que surge&nbsp;<strong>en oposici\u00f3n al hecho de \u00abresignarse a mirar pasar la vida\u00bb<\/strong>.\n\n<\/p>\n\n\n\n<p><strong>C\u00f3mo son y qu\u00e9 los distingue<\/strong><br><\/p>\n\n\n\n<p>&#8211; No abandonan su protagonismo de lado dentro del \u00e1mbito afectivo, laboral y social.<\/p>\n\n\n\n<p>&#8211; Deciden \u00abseguir participando\u00bb, con la confianza y la sabidur\u00eda de las experiencias vividas.<\/p>\n\n\n\n<p>&#8211; Motivados, indagan, profundizan y accionan en aquello que los gratifica, los identifica y despierta su inter\u00e9s.<\/p>\n\n\n\n<p>&#8211; En muchos casos y a esas alturas el amor, el trabajo y el placer se mezclan como en una propia sinfon\u00eda en donde estos aut\u00f3nomos cong\u00e9neres eligieron ser los directores.<br><br>&#8211; Contin\u00faan forjando proyectos de vida que los convoca a mantenerse actualizados y activos.<\/p>\n\n\n\n<p>&#8211; Son capaces de abordar las nuevas tecnolog\u00edas con empe\u00f1o y deseos no s\u00f3lo de aprender a utilizarlas, sino tambi\u00e9n de emplearlas en su beneficio.<\/p>\n\n\n\n<p>&#8211; Han tomado conciencia de la importancia de la salud f\u00edsica, por lo tanto dedican el tiempo suficiente para favorecer una mejor calidad de vida.<br><br>&#8211; Pueden retomar aquella carrera universitaria que qued\u00f3 interrumpida en el camino o descubren nuevas vocaciones y en algunos casos llegan a reconocer que tienen una significativa misi\u00f3n en sus manos para desarrollar.<\/p>\n\n\n\n<p><strong>Cambia, todo cambia<\/strong><br>Estos hombres y mujeres, considerando su historia y su contexto, han crecido, se han educado y desarrollado con mensajes y estructuras muy distintos a los actuales. En una sociedad donde los roles estaban preestablecidos, no responder a las expectativas del entorno pod\u00eda ser una puerta al desprestigio.<\/p>\n\n\n\n<p>De ah\u00ed han pasado a una sociedad donde cada uno puede proyectarse y decidir qu\u00e9 hacer sin tanto temor a ser rechazado o al \u201cqu\u00e9 dir\u00e1n\u201d. Tuvieron la valent\u00eda de romper con ciertas estructuras sociales y asumir sus reales necesidades y posibilidades.<br><br>Sin embargo este cambio es un cambio generacional que parecer\u00eda encontrarse en sus comienzos. Es m\u00e1s factible encontrarlos en zonas urbanas con mayor densidad demogr\u00e1fica donde distintos est\u00edmulos, la comunicaci\u00f3n y la informaci\u00f3n pueden ser variados y abundantes, como tambi\u00e9n las oportunidades para insertarse o continuar activos dentro de su contexto social.<br><br>A todo esto se suman los avances medicinales y cient\u00edficos que, cuando son utilizados conscientemente en beneficio de la salud, mejoran y prolongan el buen vivir.<br><br>Sin duda estamos participando de<strong>&nbsp;un cambio generacional que esta vez alcanza a los adultos mayores<\/strong>. Comienza a verse en un plano m\u00e1s evidente la importancia y la influencia que tiene sobre toda nuestra vida la salud emocional con la que contemos.<br><br>Estos \u201ceternos j\u00f3venes\u201d de esp\u00edritu, saben c\u00f3mo mantener la llama encendida, esa que los deja sentirse&nbsp;<strong>plenos, integrados, aut\u00f3nomos, motivados y comprometidos con la vida<\/strong>. Amigados con la vejez, en cada una de sus acciones nos ense\u00f1an y dejan ver lo significativo y valioso de esta etapa de la vida.<\/p>\n\n\n\n<p>* Graciela Taffarelli es Consultora Psicol\u00f3gica, especializada en Desarrollo Personal;&nbsp;<a target=\"_blank\" href=\"mailto:clr.gracielataffarelli@hotmail.com\" rel=\"noreferrer noopener\">clr.gracielataffarelli@hotmail.com<\/a>;&nbsp;<a target=\"_blank\" href=\"http:\/\/consultoriasaludmental.blogspot.com.ar\/\" rel=\"noreferrer noopener\">http:\/\/consultoriasaludmental.blogspot.com.ar<\/a>.<\/p>\n\n\n\n<p>Fuente: <a href=\"https:\/\/bit.ly\/2wKwpo8\" target=\"_blank\" rel=\"noreferrer noopener\" aria-label=\" (opens in a new tab)\">https:\/\/bit.ly\/2wKwpo8<\/a><\/p>\n","protected":false},"excerpt":{"rendered":"<p>Monkeybusinessimages Los \u00absexadolescentes\u00bb le dan gran importancia de la salud f\u00edsica, por lo tanto dedican el tiempo suficiente para favorecer una mejor calidad de vida. Activos y motivados, los que ya pasaron los 60 a\u00f1os de edad ya no se reducen a \u201ccobrar la jubilaci\u00f3n y hacer de abuelos\u201d. C\u00f3mo se vive esta segunda \u201cjuventud\u201d. [&hellip;]<\/p>\n","protected":false},"author":1,"featured_media":3721,"comment_status":"open","ping_status":"open","sticky":false,"template":"","format":"standard","meta":{"footnotes":""},"categories":[29,28,30],"tags":[],"class_list":["post-3720","post","type-post","status-publish","format-standard","has-post-thumbnail","hentry","category-datos-utiles","category-portales-de-servicios-e-informacion","category-temas-relacionados"],"_links":{"self":[{"href":"https:\/\/argentinatermal.com.ar\/index.php?rest_route=\/wp\/v2\/posts\/3720","targetHints":{"allow":["GET"]}}],"collection":[{"href":"https:\/\/argentinatermal.com.ar\/index.php?rest_route=\/wp\/v2\/posts"}],"about":[{"href":"https:\/\/argentinatermal.com.ar\/index.php?rest_route=\/wp\/v2\/types\/post"}],"author":[{"embeddable":true,"href":"https:\/\/argentinatermal.com.ar\/index.php?rest_route=\/wp\/v2\/users\/1"}],"replies":[{"embeddable":true,"href":"https:\/\/argentinatermal.com.ar\/index.php?rest_route=%2Fwp%2Fv2%2Fcomments&post=3720"}],"version-history":[{"count":1,"href":"https:\/\/argentinatermal.com.ar\/index.php?rest_route=\/wp\/v2\/posts\/3720\/revisions"}],"predecessor-version":[{"id":3722,"href":"https:\/\/argentinatermal.com.ar\/index.php?rest_route=\/wp\/v2\/posts\/3720\/revisions\/3722"}],"wp:featuredmedia":[{"embeddable":true,"href":"https:\/\/argentinatermal.com.ar\/index.php?rest_route=\/wp\/v2\/media\/3721"}],"wp:attachment":[{"href":"https:\/\/argentinatermal.com.ar\/index.php?rest_route=%2Fwp%2Fv2%2Fmedia&parent=3720"}],"wp:term":[{"taxonomy":"category","embeddable":true,"href":"https:\/\/argentinatermal.com.ar\/index.php?rest_route=%2Fwp%2Fv2%2Fcategories&post=3720"},{"taxonomy":"post_tag","embeddable":true,"href":"https:\/\/argentinatermal.com.ar\/index.php?rest_route=%2Fwp%2Fv2%2Ftags&post=3720"}],"curies":[{"name":"wp","href":"https:\/\/api.w.org\/{rel}","templated":true}]}}