{"id":3765,"date":"2020-04-25T16:56:25","date_gmt":"2020-04-25T19:56:25","guid":{"rendered":"https:\/\/argentinatermal.com.ar\/?p=3765"},"modified":"2020-04-25T17:09:23","modified_gmt":"2020-04-25T20:09:23","slug":"maravilla-martinez-recordo-cuando-las-aguas-termales-de-fiambala-le-salvaron-la-pierna","status":"publish","type":"post","link":"https:\/\/argentinatermal.com.ar\/?p=3765","title":{"rendered":"\u00abMaravilla\u00bb Mart\u00ednez record\u00f3 cuando las aguas termales de Fiambal\u00e1 le salvaron la pierna"},"content":{"rendered":"\n<p><strong>El ex campe\u00f3n mundial de boxeo &#8216;Maravilla&#8217; Mart\u00ednez estuvo en un programa del Canal 9 de televisi\u00f3n, y record\u00f3 un momento complicado de su vida que afortunadamente termin\u00f3 de la mejor manera luego de pasar por las Termas de Fiambal\u00e1.<\/strong><\/p>\n\n\n\n<figure class=\"wp-block-embed-youtube wp-block-embed is-type-video is-provider-youtube wp-embed-aspect-16-9 wp-has-aspect-ratio\"><div class=\"wp-block-embed__wrapper\">\n<iframe title=\"&quot;Maravilla&quot; Mart\u00ednez ponder\u00f3 las aguas termales de Fiambal\u00e1\" width=\"640\" height=\"360\" src=\"https:\/\/www.youtube.com\/embed\/yKyOJ0XDFLI?feature=oembed\" frameborder=\"0\" allow=\"accelerometer; autoplay; clipboard-write; encrypted-media; gyroscope; picture-in-picture; web-share\" referrerpolicy=\"strict-origin-when-cross-origin\" allowfullscreen><\/iframe>\n<\/div><\/figure>\n\n\n\n<p>Participando en el programa a trav\u00e9s de una video llamada, \u00abMaravilla\u00bb repas\u00f3 el momento en el que estuvo -dijo- \u00aba pocas horas de perder la pierna\u00bb a causa de una bacteria; lo que finalmente no sucedi\u00f3 gracias a las propiedades de las aguas termales de Fiambal\u00e1.<\/p>\n\n\n\n<div class=\"wp-block-image\"><figure class=\"alignright size-large is-resized\"><img decoding=\"async\" src=\"https:\/\/argentinatermal.com.ar\/wp-content\/uploads\/2020\/04\/f800x450-187717_239163_0.jpg\" alt=\"\" class=\"wp-image-3766\" width=\"220\" height=\"124\" srcset=\"https:\/\/argentinatermal.com.ar\/wp-content\/uploads\/2020\/04\/f800x450-187717_239163_0.jpg 800w, https:\/\/argentinatermal.com.ar\/wp-content\/uploads\/2020\/04\/f800x450-187717_239163_0-300x169.jpg 300w, https:\/\/argentinatermal.com.ar\/wp-content\/uploads\/2020\/04\/f800x450-187717_239163_0-768x432.jpg 768w, https:\/\/argentinatermal.com.ar\/wp-content\/uploads\/2020\/04\/f800x450-187717_239163_0-696x392.jpg 696w, https:\/\/argentinatermal.com.ar\/wp-content\/uploads\/2020\/04\/f800x450-187717_239163_0-747x420.jpg 747w\" sizes=\"(max-width: 220px) 100vw, 220px\" \/><\/figure><\/div>\n\n\n\n<p>\u00abMe dijeron: no vas a poder volver a caminar bien en tu vida, si no te amputamos la pierna, en 12 o 24 horas te pod\u00e9s morir. A ra\u00edz de ello estuve&nbsp;con morfina, con corticoides, hasta que me met\u00ed a unas aguas termales en Catamarca que me mataron las dos bacterias. Yo no sab\u00eda lo que me pas\u00f3, pero entr\u00e9 (a las Termas) con dolor, rengo, arrastr\u00e1ndome, y sal\u00ed corriendo\u00bb, cont\u00f3, no sin dejar de mencionar que Fiambal\u00e1 es un \u00ablugar maravilloso\u00bb.<\/p>\n\n\n\n<p>Fuente: <a href=\"https:\/\/bit.ly\/3eTSZfJ\" target=\"_blank\" rel=\"noreferrer noopener\">https:\/\/bit.ly\/3eTSZfJ<\/a><\/p>\n\n\n\n<figure class=\"wp-block-image size-large\"><a href=\"http:\/\/nubesmgzdigital.com.ar\/\" target=\"_blank\" rel=\"noopener noreferrer\"><img decoding=\"async\" width=\"1024\" height=\"124\" src=\"https:\/\/argentinatermal.com.ar\/wp-content\/uploads\/2020\/03\/banner-1-1024x124.jpg\" alt=\"\" class=\"wp-image-3712\" srcset=\"https:\/\/argentinatermal.com.ar\/wp-content\/uploads\/2020\/03\/banner-1-1024x124.jpg 1024w, https:\/\/argentinatermal.com.ar\/wp-content\/uploads\/2020\/03\/banner-1-300x36.jpg 300w, https:\/\/argentinatermal.com.ar\/wp-content\/uploads\/2020\/03\/banner-1-768x93.jpg 768w, https:\/\/argentinatermal.com.ar\/wp-content\/uploads\/2020\/03\/banner-1-1536x186.jpg 1536w, https:\/\/argentinatermal.com.ar\/wp-content\/uploads\/2020\/03\/banner-1-696x84.jpg 696w, https:\/\/argentinatermal.com.ar\/wp-content\/uploads\/2020\/03\/banner-1-1068x129.jpg 1068w, https:\/\/argentinatermal.com.ar\/wp-content\/uploads\/2020\/03\/banner-1.jpg 1896w\" sizes=\"(max-width: 1024px) 100vw, 1024px\" \/><\/a><\/figure>\n\n\n","protected":false},"excerpt":{"rendered":"<p>El ex campe\u00f3n mundial de boxeo &#8216;Maravilla&#8217; Mart\u00ednez estuvo en un programa del Canal 9 de televisi\u00f3n, y record\u00f3 un momento complicado de su vida que afortunadamente termin\u00f3 de la mejor manera luego de pasar por las Termas de Fiambal\u00e1. Participando en el programa a trav\u00e9s de una video llamada, \u00abMaravilla\u00bb repas\u00f3 el momento en [&hellip;]<\/p>\n","protected":false},"author":1,"featured_media":3768,"comment_status":"open","ping_status":"open","sticky":false,"template":"","format":"standard","meta":{"footnotes":""},"categories":[16],"tags":[],"class_list":["post-3765","post","type-post","status-publish","format-standard","has-post-thumbnail","hentry","category-medicina-termal"],"_links":{"self":[{"href":"https:\/\/argentinatermal.com.ar\/index.php?rest_route=\/wp\/v2\/posts\/3765","targetHints":{"allow":["GET"]}}],"collection":[{"href":"https:\/\/argentinatermal.com.ar\/index.php?rest_route=\/wp\/v2\/posts"}],"about":[{"href":"https:\/\/argentinatermal.com.ar\/index.php?rest_route=\/wp\/v2\/types\/post"}],"author":[{"embeddable":true,"href":"https:\/\/argentinatermal.com.ar\/index.php?rest_route=\/wp\/v2\/users\/1"}],"replies":[{"embeddable":true,"href":"https:\/\/argentinatermal.com.ar\/index.php?rest_route=%2Fwp%2Fv2%2Fcomments&post=3765"}],"version-history":[{"count":2,"href":"https:\/\/argentinatermal.com.ar\/index.php?rest_route=\/wp\/v2\/posts\/3765\/revisions"}],"predecessor-version":[{"id":3769,"href":"https:\/\/argentinatermal.com.ar\/index.php?rest_route=\/wp\/v2\/posts\/3765\/revisions\/3769"}],"wp:featuredmedia":[{"embeddable":true,"href":"https:\/\/argentinatermal.com.ar\/index.php?rest_route=\/wp\/v2\/media\/3768"}],"wp:attachment":[{"href":"https:\/\/argentinatermal.com.ar\/index.php?rest_route=%2Fwp%2Fv2%2Fmedia&parent=3765"}],"wp:term":[{"taxonomy":"category","embeddable":true,"href":"https:\/\/argentinatermal.com.ar\/index.php?rest_route=%2Fwp%2Fv2%2Fcategories&post=3765"},{"taxonomy":"post_tag","embeddable":true,"href":"https:\/\/argentinatermal.com.ar\/index.php?rest_route=%2Fwp%2Fv2%2Ftags&post=3765"}],"curies":[{"name":"wp","href":"https:\/\/api.w.org\/{rel}","templated":true}]}}