{"id":3800,"date":"2020-05-21T00:11:04","date_gmt":"2020-05-21T03:11:04","guid":{"rendered":"https:\/\/argentinatermal.com.ar\/?p=3800"},"modified":"2020-05-21T00:11:06","modified_gmt":"2020-05-21T03:11:06","slug":"posibles-condiciones-para-reanudar-los-tratamientos-de-spa-en-toda-francia","status":"publish","type":"post","link":"https:\/\/argentinatermal.com.ar\/?p=3800","title":{"rendered":"Posibles condiciones para reanudar los tratamientos de spa, en toda Francia"},"content":{"rendered":"\n<p><strong>El Consejo Nacional de establecimientos termales (CNETh) espera la validaci\u00f3n de sus recomendaciones sanitarias por parte de la Direcci\u00f3n General de Salud, garantizando la seguridad de los empleados y hu\u00e9spedes del spa en los centros termales.<\/strong><\/p>\n\n\n\n<p>Este es el verdadero dolor de cabeza que enfrentan los establecimientos termales: \u00bfc\u00f3mo continuar brindando atenci\u00f3n a una poblaci\u00f3n en riesgo durante una pandemia?&nbsp;Desde el comienzo de la contenci\u00f3n, el&nbsp;<a href=\"https:\/\/www.officiel-thermalisme.com\/2020\/04\/22\/un-label-sanitaire-pour-garantir-la-securite-des-curistes\/\" target=\"_blank\" rel=\"noreferrer noopener\">sector t\u00e9rmico ha estado investigando activamente el tema<\/a>&nbsp;y propone establecer un&nbsp;<strong>sistema de referencia de salud&nbsp;<\/strong>.<\/p>\n\n\n\n<p>La&nbsp;<a href=\"https:\/\/www.officiel-thermalisme.com\/2020\/05\/12\/ou-en-est-on-de-la-saison-thermale\/\" target=\"_blank\" rel=\"noreferrer noopener\">fecha de reanudaci\u00f3n de actividades termales<\/a>&nbsp;sigue siendo sin embargo no est\u00e1 claro.&nbsp;Muchos establecimientos termales esperan una reapertura para el 13 de julio, una fecha de referencia no oficial.&nbsp;Este \u00faltimo podr\u00eda posponerse si las condiciones sanitarias de la reapertura no pueden cumplirse para entonces.&nbsp;Seguridad primero !<\/p>\n\n\n\n<h3 class=\"has-vivid-green-cyan-color has-text-color wp-block-heading\"><strong>Descubra las medidas sanitarias previstas<\/strong><\/h3>\n\n\n\n<p>De hecho, el problema de salud es una prioridad para los establecimientos termales, que se&nbsp;<strong>reabrir\u00e1n solo cuando puedan darle la bienvenida en condiciones \u00f3ptimas de seguridad sanitaria&nbsp;<\/strong>.&nbsp;Para hacer esto, y ya te lo hemos dicho, el sector est\u00e1 trabajando en el&nbsp;establecimiento&nbsp;de&nbsp;<strong>una etiqueta&nbsp;<\/strong>.&nbsp;<\/p>\n\n\n\n<p>Este est\u00e1ndar ha sido&nbsp;<strong>elaborado por el CNETh con el apoyo de dos especialistas l\u00edderes en enfermedades infecciosas&nbsp;<\/strong>, el&nbsp;<strong>profesor Bruno Marchou&nbsp;<\/strong>, del Hospital de la Universidad de Toulouse, y el&nbsp;<strong>Profesor Denis Malvy&nbsp;<\/strong>, del Hospital de la Universidad de Burdeos, asesor cient\u00edfico del Ministro de Salud.&nbsp;<\/p>\n\n\n\n<p>Entre las&nbsp;<strong>medidas de seguridad y salud&nbsp;<\/strong>previstas all\u00ed, cabe destacar la cuesti\u00f3n:<\/p>\n\n\n\n<p>&#8211; establecer&nbsp;<strong>protecciones&nbsp;<\/strong>en el nivel de recepci\u00f3n;<br>&#8211;&nbsp;&#8216;&nbsp;aplicar el&nbsp;<strong>distanciamiento f\u00edsico&nbsp;<\/strong>en la&nbsp;organizaci\u00f3n de&nbsp;<strong>la direcci\u00f3n del tr\u00e1fico&nbsp;<\/strong>espec\u00edfica;<br>&#8211; usar una&nbsp;<strong>m\u00e1scara&nbsp;<\/strong>bajo condiciones;<br>&#8211; tome la&nbsp;<strong>temperatura&nbsp;<\/strong>de los hu\u00e9spedes del spa a la entrada del establecimiento;<br>&#8211; reorganizar las&nbsp;<strong>cuencas&nbsp;<\/strong>para recibir menos personas;<br>&#8211;&nbsp;&#8216;&nbsp;contratar personal dedicado a la&nbsp;<strong>desinfecci\u00f3n&nbsp;<\/strong>de los locales;<br>&#8211;&nbsp;<strong>capacitar al&nbsp;<\/strong>personal sobre la base de buenas pr\u00e1cticas;<br>&#8211; designar&nbsp;<strong>referentes COVID<\/strong>&nbsp;para garantizar el cumplimiento de las normas sanitarias.<\/p>\n\n\n\n<p>Hasta la fecha, la etiqueta est\u00e1 en manos de la Direcci\u00f3n General de Salud, que debe validarla para que luego se aplique en forma de buenas pr\u00e1cticas destinadas al personal que trabaja en los centros, pero tambi\u00e9n para su atenci\u00f3n, bajo la forma de instrucciones, que deber\u00e1 seguir durante su tratamiento.<\/p>\n\n\n\n<p>No dude en ponerse en contacto directamente con su establecimiento termal para obtener toda la informaci\u00f3n relacionada con los aplazamientos o la cancelaci\u00f3n de tratamientos.<\/p>\n\n\n\n<figure class=\"wp-block-image size-large\"><a href=\"https:\/\/www.officiel-thermalisme.com\/les-associations\/\" target=\"_blank\" rel=\"noopener noreferrer\"><img decoding=\"async\" width=\"496\" height=\"239\" src=\"https:\/\/argentinatermal.com.ar\/wp-content\/uploads\/2020\/05\/Francia.jpg\" alt=\"\" class=\"wp-image-3801\" srcset=\"https:\/\/argentinatermal.com.ar\/wp-content\/uploads\/2020\/05\/Francia.jpg 496w, https:\/\/argentinatermal.com.ar\/wp-content\/uploads\/2020\/05\/Francia-300x145.jpg 300w\" sizes=\"(max-width: 496px) 100vw, 496px\" \/><\/a><figcaption><strong><em>Fuente de la Informaci\u00f3n<\/em><\/strong><\/figcaption><\/figure>\n","protected":false},"excerpt":{"rendered":"<p>El Consejo Nacional de establecimientos termales (CNETh) espera la validaci\u00f3n de sus recomendaciones sanitarias por parte de la Direcci\u00f3n General de Salud, garantizando la seguridad de los empleados y hu\u00e9spedes del spa en los centros termales. Este es el verdadero dolor de cabeza que enfrentan los establecimientos termales: \u00bfc\u00f3mo continuar brindando atenci\u00f3n a una poblaci\u00f3n [&hellip;]<\/p>\n","protected":false},"author":1,"featured_media":3802,"comment_status":"open","ping_status":"open","sticky":false,"template":"","format":"standard","meta":{"footnotes":""},"categories":[12],"tags":[],"class_list":["post-3800","post","type-post","status-publish","format-standard","has-post-thumbnail","hentry","category-internacionales"],"_links":{"self":[{"href":"https:\/\/argentinatermal.com.ar\/index.php?rest_route=\/wp\/v2\/posts\/3800","targetHints":{"allow":["GET"]}}],"collection":[{"href":"https:\/\/argentinatermal.com.ar\/index.php?rest_route=\/wp\/v2\/posts"}],"about":[{"href":"https:\/\/argentinatermal.com.ar\/index.php?rest_route=\/wp\/v2\/types\/post"}],"author":[{"embeddable":true,"href":"https:\/\/argentinatermal.com.ar\/index.php?rest_route=\/wp\/v2\/users\/1"}],"replies":[{"embeddable":true,"href":"https:\/\/argentinatermal.com.ar\/index.php?rest_route=%2Fwp%2Fv2%2Fcomments&post=3800"}],"version-history":[{"count":1,"href":"https:\/\/argentinatermal.com.ar\/index.php?rest_route=\/wp\/v2\/posts\/3800\/revisions"}],"predecessor-version":[{"id":3803,"href":"https:\/\/argentinatermal.com.ar\/index.php?rest_route=\/wp\/v2\/posts\/3800\/revisions\/3803"}],"wp:featuredmedia":[{"embeddable":true,"href":"https:\/\/argentinatermal.com.ar\/index.php?rest_route=\/wp\/v2\/media\/3802"}],"wp:attachment":[{"href":"https:\/\/argentinatermal.com.ar\/index.php?rest_route=%2Fwp%2Fv2%2Fmedia&parent=3800"}],"wp:term":[{"taxonomy":"category","embeddable":true,"href":"https:\/\/argentinatermal.com.ar\/index.php?rest_route=%2Fwp%2Fv2%2Fcategories&post=3800"},{"taxonomy":"post_tag","embeddable":true,"href":"https:\/\/argentinatermal.com.ar\/index.php?rest_route=%2Fwp%2Fv2%2Ftags&post=3800"}],"curies":[{"name":"wp","href":"https:\/\/api.w.org\/{rel}","templated":true}]}}