{"id":3831,"date":"2020-06-03T22:13:29","date_gmt":"2020-06-04T01:13:29","guid":{"rendered":"https:\/\/argentinatermal.com.ar\/?p=3831"},"modified":"2020-06-03T22:13:31","modified_gmt":"2020-06-04T01:13:31","slug":"fit-2020-tiene-nueva-fecha-se-realizara-del-12-al-15-de-diciembre","status":"publish","type":"post","link":"https:\/\/argentinatermal.com.ar\/?p=3831","title":{"rendered":"FIT 2020 TIENE NUEVA FECHA: SE REALIZAR\u00c1 DEL 12 AL 15 DE DICIEMBRE"},"content":{"rendered":"\n<p>La&nbsp;<strong>25\u00b0 edici\u00f3n de FIT -Feria Internacional de Turismo de Am\u00e9rica Latina<\/strong>\u2013 tiene nueva fecha, se realizar\u00e1 del&nbsp;<strong>12 al 15 de diciembre en La Rural,<\/strong>&nbsp;predio ferial de exposiciones.<\/p>\n\n\n\n<p><strong>FIT 2020 reprograma su fecha<\/strong>&nbsp;debido a la emergencia sanitaria causada por el Covid-19. \u201cEn un contexto de pandemia como el que estamos atravesando y cuidando a todos los actores del sector tur\u00edstico que son parte de la&nbsp;<strong>Feria<\/strong>, as\u00ed como al p\u00fablico general que a\u00f1o tras a\u00f1o se acerca y disfruta de la&nbsp;<strong>FIT<\/strong>, decidimos reprogramar la fecha para diciembre y as\u00ed contar con el tiempo suficiente para estar en otro contexto respecto del Coronavirus y pensando, tambi\u00e9n, en tomar las medidas necesarias para que todos puedan participar de la Feria de la mejor manera\u201d se\u00f1alaron desde la organizaci\u00f3n de la&nbsp;<strong>Feria Internacional de Turismo de Am\u00e9rica Latina<\/strong>.<\/p>\n\n\n\n<p><strong>FIT<\/strong>&nbsp;se destaca por la gran convocatoria, la variedad de opciones tur\u00edsticas y el atractivo de cada uno de sus stands, presentaciones y shows.<br>La Feria constituye el punto de encuentro del turismo m\u00e1s importante de Latinoam\u00e9rica y en su&nbsp;<strong>edici\u00f3n n\u00famero 24\u00b0 del 2019<\/strong>&nbsp;recibi\u00f3 a&nbsp;<strong>m\u00e1s de 103.000 visitantes<\/strong>&nbsp;entre profesionales del sector y p\u00fablico general, con la participaci\u00f3n de&nbsp;<strong>m\u00e1s de 50 pa\u00edses expositores<\/strong>&nbsp;y&nbsp;<strong>todas las provincias argentinas.<\/strong><\/p>\n\n\n\n<figure class=\"wp-block-image size-large\"><a href=\"https:\/\/fit.org.ar\/nueva-fecha-para-fit-2020\/\" target=\"_blank\" rel=\"noopener noreferrer\"><img decoding=\"async\" width=\"1024\" height=\"115\" src=\"https:\/\/argentinatermal.com.ar\/wp-content\/uploads\/2020\/06\/Web-Top-FIT2020-1024x115.png\" alt=\"\" class=\"wp-image-3832\" srcset=\"https:\/\/argentinatermal.com.ar\/wp-content\/uploads\/2020\/06\/Web-Top-FIT2020-1024x115.png 1024w, https:\/\/argentinatermal.com.ar\/wp-content\/uploads\/2020\/06\/Web-Top-FIT2020-300x34.png 300w, https:\/\/argentinatermal.com.ar\/wp-content\/uploads\/2020\/06\/Web-Top-FIT2020-768x86.png 768w, https:\/\/argentinatermal.com.ar\/wp-content\/uploads\/2020\/06\/Web-Top-FIT2020-696x78.png 696w, https:\/\/argentinatermal.com.ar\/wp-content\/uploads\/2020\/06\/Web-Top-FIT2020-1068x119.png 1068w, https:\/\/argentinatermal.com.ar\/wp-content\/uploads\/2020\/06\/Web-Top-FIT2020.png 1234w\" sizes=\"(max-width: 1024px) 100vw, 1024px\" \/><\/a><\/figure>\n\n\n\n<figure class=\"wp-block-image size-large\"><a href=\"https:\/\/argentinatermal.com.ar\/\" target=\"_blank\" rel=\"noopener noreferrer\"><img decoding=\"async\" width=\"1024\" height=\"214\" src=\"https:\/\/argentinatermal.com.ar\/wp-content\/uploads\/2020\/06\/www.argentinatermal.com_.ar-1.jpg\" alt=\"\" class=\"wp-image-3833\" srcset=\"https:\/\/argentinatermal.com.ar\/wp-content\/uploads\/2020\/06\/www.argentinatermal.com_.ar-1.jpg 1024w, https:\/\/argentinatermal.com.ar\/wp-content\/uploads\/2020\/06\/www.argentinatermal.com_.ar-1-300x63.jpg 300w, https:\/\/argentinatermal.com.ar\/wp-content\/uploads\/2020\/06\/www.argentinatermal.com_.ar-1-768x161.jpg 768w, https:\/\/argentinatermal.com.ar\/wp-content\/uploads\/2020\/06\/www.argentinatermal.com_.ar-1-696x145.jpg 696w\" sizes=\"(max-width: 1024px) 100vw, 1024px\" \/><\/a><\/figure>\n\n\n\n<figure class=\"wp-block-image size-large\"><a href=\"http:\/\/nubesmgzdigital.com.ar\/\" target=\"_blank\" rel=\"noopener noreferrer\"><img decoding=\"async\" width=\"1024\" height=\"124\" src=\"https:\/\/argentinatermal.com.ar\/wp-content\/uploads\/2020\/06\/banner-1-1-1024x124.jpg\" alt=\"\" class=\"wp-image-3834\" srcset=\"https:\/\/argentinatermal.com.ar\/wp-content\/uploads\/2020\/06\/banner-1-1-1024x124.jpg 1024w, https:\/\/argentinatermal.com.ar\/wp-content\/uploads\/2020\/06\/banner-1-1-300x36.jpg 300w, https:\/\/argentinatermal.com.ar\/wp-content\/uploads\/2020\/06\/banner-1-1-768x93.jpg 768w, https:\/\/argentinatermal.com.ar\/wp-content\/uploads\/2020\/06\/banner-1-1-1536x186.jpg 1536w, https:\/\/argentinatermal.com.ar\/wp-content\/uploads\/2020\/06\/banner-1-1-696x84.jpg 696w, https:\/\/argentinatermal.com.ar\/wp-content\/uploads\/2020\/06\/banner-1-1-1068x129.jpg 1068w, https:\/\/argentinatermal.com.ar\/wp-content\/uploads\/2020\/06\/banner-1-1.jpg 1896w\" sizes=\"(max-width: 1024px) 100vw, 1024px\" \/><\/a><\/figure>\n\n\n\n<figure class=\"wp-block-image size-large\"><a href=\"https:\/\/www.circuitosalta.com.ar\/\" target=\"_blank\" rel=\"noopener noreferrer\"><img decoding=\"async\" width=\"728\" height=\"90\" src=\"https:\/\/argentinatermal.com.ar\/wp-content\/uploads\/2020\/06\/CANOES-2.jpg\" alt=\"\" class=\"wp-image-3835\" srcset=\"https:\/\/argentinatermal.com.ar\/wp-content\/uploads\/2020\/06\/CANOES-2.jpg 728w, https:\/\/argentinatermal.com.ar\/wp-content\/uploads\/2020\/06\/CANOES-2-300x37.jpg 300w, https:\/\/argentinatermal.com.ar\/wp-content\/uploads\/2020\/06\/CANOES-2-696x86.jpg 696w\" sizes=\"(max-width: 728px) 100vw, 728px\" \/><\/a><\/figure>\n\n\n","protected":false},"excerpt":{"rendered":"<p>La&nbsp;25\u00b0 edici\u00f3n de FIT -Feria Internacional de Turismo de Am\u00e9rica Latina\u2013 tiene nueva fecha, se realizar\u00e1 del&nbsp;12 al 15 de diciembre en La Rural,&nbsp;predio ferial de exposiciones. FIT 2020 reprograma su fecha&nbsp;debido a la emergencia sanitaria causada por el Covid-19. \u201cEn un contexto de pandemia como el que estamos atravesando y cuidando a todos los [&hellip;]<\/p>\n","protected":false},"author":1,"featured_media":3837,"comment_status":"open","ping_status":"open","sticky":false,"template":"","format":"standard","meta":{"footnotes":""},"categories":[7],"tags":[],"class_list":["post-3831","post","type-post","status-publish","format-standard","has-post-thumbnail","hentry","category-argentina"],"_links":{"self":[{"href":"https:\/\/argentinatermal.com.ar\/index.php?rest_route=\/wp\/v2\/posts\/3831","targetHints":{"allow":["GET"]}}],"collection":[{"href":"https:\/\/argentinatermal.com.ar\/index.php?rest_route=\/wp\/v2\/posts"}],"about":[{"href":"https:\/\/argentinatermal.com.ar\/index.php?rest_route=\/wp\/v2\/types\/post"}],"author":[{"embeddable":true,"href":"https:\/\/argentinatermal.com.ar\/index.php?rest_route=\/wp\/v2\/users\/1"}],"replies":[{"embeddable":true,"href":"https:\/\/argentinatermal.com.ar\/index.php?rest_route=%2Fwp%2Fv2%2Fcomments&post=3831"}],"version-history":[{"count":1,"href":"https:\/\/argentinatermal.com.ar\/index.php?rest_route=\/wp\/v2\/posts\/3831\/revisions"}],"predecessor-version":[{"id":3838,"href":"https:\/\/argentinatermal.com.ar\/index.php?rest_route=\/wp\/v2\/posts\/3831\/revisions\/3838"}],"wp:featuredmedia":[{"embeddable":true,"href":"https:\/\/argentinatermal.com.ar\/index.php?rest_route=\/wp\/v2\/media\/3837"}],"wp:attachment":[{"href":"https:\/\/argentinatermal.com.ar\/index.php?rest_route=%2Fwp%2Fv2%2Fmedia&parent=3831"}],"wp:term":[{"taxonomy":"category","embeddable":true,"href":"https:\/\/argentinatermal.com.ar\/index.php?rest_route=%2Fwp%2Fv2%2Fcategories&post=3831"},{"taxonomy":"post_tag","embeddable":true,"href":"https:\/\/argentinatermal.com.ar\/index.php?rest_route=%2Fwp%2Fv2%2Ftags&post=3831"}],"curies":[{"name":"wp","href":"https:\/\/api.w.org\/{rel}","templated":true}]}}