{"id":3857,"date":"2020-06-12T10:32:17","date_gmt":"2020-06-12T13:32:17","guid":{"rendered":"https:\/\/argentinatermal.com.ar\/?p=3857"},"modified":"2020-06-12T10:32:19","modified_gmt":"2020-06-12T13:32:19","slug":"la-diputacion-y-los-balnearios-planifican-la-estrategia-ourense-destino-termal-seguro","status":"publish","type":"post","link":"https:\/\/argentinatermal.com.ar\/?p=3857","title":{"rendered":"La Diputaci\u00f3n y los balnearios planifican la estrategia \u00abOurense, destino termal seguro\u00bb"},"content":{"rendered":"\n<p><strong>Manuel Baltar se reuni\u00f3 con los representantes de los establecimientos termales para analizar la situaci\u00f3n del sector y coordinar la reapertura de los balnearios, en el marco del programa de \u00abTermalismo social\u00bb, que impulsa la instituci\u00f3n provincial.<\/strong><\/p>\n\n\n\n<p class=\"has-drop-cap\">El presidente de la Diputaci\u00f3n de Ourense, Manuel Baltar, se reuni\u00f3 en el balneario de Arnoia con los representantes de los balnearios de la provincia para analizar la situaci\u00f3n del sector derivada del cierre de los establecimientos durante el \u00abestado de alarma\u00bb, y planificar as\u00ed la reapertura de los balnearios a partir del pr\u00f3ximo mes de julio, en el marco del Programa de \u00abTermalismo Social\u00bb de la instituci\u00f3n provincial.<\/p>\n\n\n\n<div class=\"wp-block-image\"><figure class=\"alignright size-large is-resized\"><img decoding=\"async\" src=\"https:\/\/www.depourense.es\/images\/imagenes\/Reunin%20de%20Manuel%20Baltar%20con%20representantes%20de%20los%20balnearios%20de%20Ourense.1.jpg\" alt=\"\" width=\"324\" height=\"216\" \/><\/figure><\/div>\n\n\n\n<p>El presidente comparti\u00f3 y valor\u00f3 con el sector los resultados del estudio realizado desde la administraci\u00f3n provincial dirigido a todas las personas que tuvieron que anular las reservas a trav\u00e9s del programa social provincial y que se\u00f1ala altas expectativas en el sentido de que un importante porcentaje tiene previsto volver a tramitar la solicitud y disfrutar del programa en lo que resta de 2020. Adem\u00e1s, la reuni\u00f3n se centr\u00f3 en las medidas a tomar por los balnearios en la b\u00fasqueda de configurar entre todos a la provincia como un \u00abdestino termal seguro\u00bb.<\/p>\n\n\n\n<figure class=\"wp-block-image size-large\"><a href=\"http:\/\/nubesmgzdigital.com.ar\/\" target=\"_blank\" rel=\"noopener noreferrer\"><img decoding=\"async\" width=\"1024\" height=\"124\" src=\"https:\/\/argentinatermal.com.ar\/wp-content\/uploads\/2020\/06\/banner-1-2-1024x124.jpg\" alt=\"\" class=\"wp-image-3840\" srcset=\"https:\/\/argentinatermal.com.ar\/wp-content\/uploads\/2020\/06\/banner-1-2-1024x124.jpg 1024w, https:\/\/argentinatermal.com.ar\/wp-content\/uploads\/2020\/06\/banner-1-2-300x36.jpg 300w, https:\/\/argentinatermal.com.ar\/wp-content\/uploads\/2020\/06\/banner-1-2-768x93.jpg 768w, https:\/\/argentinatermal.com.ar\/wp-content\/uploads\/2020\/06\/banner-1-2-1536x186.jpg 1536w, https:\/\/argentinatermal.com.ar\/wp-content\/uploads\/2020\/06\/banner-1-2-696x84.jpg 696w, https:\/\/argentinatermal.com.ar\/wp-content\/uploads\/2020\/06\/banner-1-2-1068x129.jpg 1068w, https:\/\/argentinatermal.com.ar\/wp-content\/uploads\/2020\/06\/banner-1-2.jpg 1896w\" sizes=\"(max-width: 1024px) 100vw, 1024px\" \/><\/a><figcaption><span style=\"color:#0693e3\" class=\"tadv-color\">Publicidad<\/span><\/figcaption><\/figure>\n\n\n\n<p>\u00abLa labor que venimos desarrollando desde el inicio de la crisis del COVID-19 en la Diputaci\u00f3n de Ourense est\u00e1 centrada en tres ejes prioritarios: salud, poblaci\u00f3n y econom\u00eda, tres aspectos que re\u00fane el sector termal ourensano y por el que venimos trabajando conjuntamente para que en la fase de reactivaci\u00f3n econ\u00f3mica en que nos encontramos podamos ofrecer a los usuarios una \u00abprovincia termal\u00bb con todas las garant\u00edas de seguridad y salubridad, siendo como es Ourense un referente nacional e internacional en termalismo\u00bb, afirma Manuel Baltar.<\/p>\n\n\n\n<p>El presidente del gobierno provincial subraya que todos los balnearios de Ourense \u00abya cuentan, por normativa, con importantes protocolos de higiene y seguridad en todas las actividades y servicios que desempe\u00f1an\u00bb, y traslada a los balnearios el inter\u00e9s de la instituci\u00f3n provincial en que los establecimientos termales \u00abrealicen el mayor esfuerzo posible y desarrollen protocolos de seguridad comunes para, entre todos, configurar y promocionar la garant\u00eda de Ourense como \u00abdestino termal seguro\u00bb.<\/p>\n\n\n\n<p>Por su parte, los balnearios mostraron su disposici\u00f3n a cooperar en la b\u00fasqueda de respuestas comunes ante la estandarizaci\u00f3n de protocolos aplicables a todos, en funci\u00f3n de los servicios sanitarios y tur\u00edsticos que oferte cada balneario. Por ello, el sector provincial trabaja en desarrollar una serie de medidas generales comunes para implementar en todos los balnearios. Contemplan: gesti\u00f3n de puntos cr\u00edticos; mantenimiento higi\u00e9nico sanitario del agua; aplicaci\u00f3n del Manual de Seguridad Alimentaria y la trazabilidad del producto y el Mantenimiento correctivo y preventivo de equipos e instalaciones. Adem\u00e1s, los balnearios, en atenci\u00f3n a la legislaci\u00f3n sanitaria que los define como \u00abcentro m\u00e9dico\u00bb, cuentan con la fortaleza de estar dirigidos por un profesional m\u00e9dico, lo que les confiere una mayor capacidad y control en t\u00e9rminos de seguridad sanitaria.<\/p>\n\n\n\n<p>Ante la nueva realidad derivada de la pandemia generada por el COVID-19, los balnearios le trasladaron al presidente Baltar que ya han puesto en marcha una serie de acciones que complementen y actualicen los protocolos ya existentes, adem\u00e1s de estar trabajando en el dise\u00f1o de protocolos nuevos.<\/p>\n\n\n\n<p>En este sentido, contemplan tener en cuenta para su reapertura todas las indicaciones de los organismos estatales y auton\u00f3micos en materia de sanidad y turismo, relacionadas con la Seguridad Laboral de su personal, la definici\u00f3n de la protecci\u00f3n con EPIS adecuados para cada tarea, el acceso de seguridad espec\u00edfico y la forma de actuaci\u00f3n frente a la sospecha de alg\u00fan caso de Covid-19 en trabajadores y clientes.<\/p>\n\n\n\n<p>Adem\u00e1s tambi\u00e9n se contemplan las soluciones en materia de \u00abSeguridad de espacios\u00bb, entre las que se desarrollar\u00eda como m\u00ednimo la delimitaci\u00f3n de aforos seguros en zonas comunes (comedor, caf\u00e9-bar, recepciones, balneario), la demarcaci\u00f3n de distancia de seguridad \u20132metros- en zonas de uso com\u00fan, la implementaci\u00f3n del n\u00famero de limpiezas oportunos en los aseos p\u00fablicos, la dotaci\u00f3n de dispensadores de gel hidroalcoh\u00f3lico en distintos puntos para disponibilidad de clientes y la oportuna carteler\u00eda informativa por todo el balneario.<\/p>\n\n\n\n<p>Los balnearios tambi\u00e9n acordaron establecer unas normas de actuaci\u00f3n por parte del servicio m\u00e9dico, para atender a los clientes en el caso de alguna persona presentara alguno de los signos alerta que han identificado las autoridades sanitarias.<\/p>\n\n\n\n<p>Los responsables de los balnearios acordaron que deber\u00e1n contar con protocolos espec\u00edficos para atender a los clientes en las distintas zonas, entre los que estar\u00e1n medidas espec\u00edficas de atenci\u00f3n en las cabinas; atenci\u00f3n en t\u00e9cnicas que incluyan el acompa\u00f1amiento a la cabina en todo momento evitando el contacto con superficies; la preparaci\u00f3n del masajista en materia de higiene para administrar la t\u00e9cnica; medidas de atenci\u00f3n al cliente en piscina y operativas para mantener el aforo tanto en los vasos como en las zonas de reposo, as\u00ed como el uso adecuado y la desinfecci\u00f3n de las tumbonas, y un protocolo espec\u00edfico de atenci\u00f3n en el servicio m\u00e9dico.<\/p>\n\n\n\n<p>As\u00ed mismo, la consulta m\u00e9dica inicial para tratamientos de 5 o m\u00e1s d\u00edas se realizar\u00eda como requisito b\u00e1sico para recibir las t\u00e9cnicas, y se organizar\u00eda teniendo en cuenta el aforo de la zona de espera.<\/p>\n\n\n\n<p>Otro de los \u00e1mbitos que se contempla es el relacionado con los clientes, que comprende normas para respetar distancias de seguridad, accesos a los establecimientos a trav\u00e9s de alfombras de desinfecci\u00f3n tanto para las maletas y zapatos, as\u00ed como protocolos en la recepci\u00f3n de los hoteles balneario.<\/p>\n\n\n\n<p>En cuanto a los establecimientos con comedor-buffet, la f\u00f3rmula propuesta ser\u00eda que el maitre recibir\u00eda al cliente a la entrada de comedor, a quien recordar\u00eda el uso de mascarilla y como deber\u00eda utilizar el gel desinfectante, y como acercarse a la lineal de comida. Cada cliente podr\u00e1 escoger los platos y bebida en la variedad y cantidad que quisiera, pero deber\u00edan ser servidos por el personal.<\/p>\n\n\n\n<p>El sector eval\u00faa la posibilidad de firmar un documento en el que figuren todas las medidas y protocolos a los que se obligan, de manera que cualquier usuario de los balnearios de la provincia tenga la confianza derivada de unas normas de seguridad y protocolos de actuaci\u00f3n comunes en materia de minimizaci\u00f3n de riesgos sanitarios, lo que sin duda contribuir\u00eda a desarrollar la imagen de la provincia de Ourense como \u00abdestino termal seguro\u00bb.<\/p>\n\n\n\n<figure class=\"wp-block-image size-large\"><a href=\"https:\/\/www.depourense.es\/index.php\/actualidade\/5073-la-diputacion-y-los-balnearios-planifican-la-estrategia-ourense-destino-termal-seguro?fbclid=IwAR3A82VU8xwkcnJaNJYArGuRPXdS-82sqiwMo-4fX1k73IP1y__K4V8MQ88\" target=\"_blank\" rel=\"noopener noreferrer\"><img decoding=\"async\" width=\"1000\" height=\"150\" src=\"https:\/\/argentinatermal.com.ar\/wp-content\/uploads\/2020\/06\/cabecera.png\" alt=\"\" class=\"wp-image-3858\" srcset=\"https:\/\/argentinatermal.com.ar\/wp-content\/uploads\/2020\/06\/cabecera.png 1000w, https:\/\/argentinatermal.com.ar\/wp-content\/uploads\/2020\/06\/cabecera-300x45.png 300w, https:\/\/argentinatermal.com.ar\/wp-content\/uploads\/2020\/06\/cabecera-768x115.png 768w, https:\/\/argentinatermal.com.ar\/wp-content\/uploads\/2020\/06\/cabecera-696x104.png 696w\" sizes=\"(max-width: 1000px) 100vw, 1000px\" \/><\/a><figcaption>Fuente<\/figcaption><\/figure>\n","protected":false},"excerpt":{"rendered":"<p>Manuel Baltar se reuni\u00f3 con los representantes de los establecimientos termales para analizar la situaci\u00f3n del sector y coordinar la reapertura de los balnearios, en el marco del programa de \u00abTermalismo social\u00bb, que impulsa la instituci\u00f3n provincial. El presidente de la Diputaci\u00f3n de Ourense, Manuel Baltar, se reuni\u00f3 en el balneario de Arnoia con los [&hellip;]<\/p>\n","protected":false},"author":1,"featured_media":3859,"comment_status":"open","ping_status":"open","sticky":false,"template":"","format":"standard","meta":{"footnotes":""},"categories":[12,17],"tags":[],"class_list":["post-3857","post","type-post","status-publish","format-standard","has-post-thumbnail","hentry","category-internacionales","category-turismo-termal"],"_links":{"self":[{"href":"https:\/\/argentinatermal.com.ar\/index.php?rest_route=\/wp\/v2\/posts\/3857","targetHints":{"allow":["GET"]}}],"collection":[{"href":"https:\/\/argentinatermal.com.ar\/index.php?rest_route=\/wp\/v2\/posts"}],"about":[{"href":"https:\/\/argentinatermal.com.ar\/index.php?rest_route=\/wp\/v2\/types\/post"}],"author":[{"embeddable":true,"href":"https:\/\/argentinatermal.com.ar\/index.php?rest_route=\/wp\/v2\/users\/1"}],"replies":[{"embeddable":true,"href":"https:\/\/argentinatermal.com.ar\/index.php?rest_route=%2Fwp%2Fv2%2Fcomments&post=3857"}],"version-history":[{"count":1,"href":"https:\/\/argentinatermal.com.ar\/index.php?rest_route=\/wp\/v2\/posts\/3857\/revisions"}],"predecessor-version":[{"id":3860,"href":"https:\/\/argentinatermal.com.ar\/index.php?rest_route=\/wp\/v2\/posts\/3857\/revisions\/3860"}],"wp:featuredmedia":[{"embeddable":true,"href":"https:\/\/argentinatermal.com.ar\/index.php?rest_route=\/wp\/v2\/media\/3859"}],"wp:attachment":[{"href":"https:\/\/argentinatermal.com.ar\/index.php?rest_route=%2Fwp%2Fv2%2Fmedia&parent=3857"}],"wp:term":[{"taxonomy":"category","embeddable":true,"href":"https:\/\/argentinatermal.com.ar\/index.php?rest_route=%2Fwp%2Fv2%2Fcategories&post=3857"},{"taxonomy":"post_tag","embeddable":true,"href":"https:\/\/argentinatermal.com.ar\/index.php?rest_route=%2Fwp%2Fv2%2Ftags&post=3857"}],"curies":[{"name":"wp","href":"https:\/\/api.w.org\/{rel}","templated":true}]}}