{"id":3865,"date":"2020-06-22T15:32:07","date_gmt":"2020-06-22T18:32:07","guid":{"rendered":"https:\/\/argentinatermal.com.ar\/?p=3865"},"modified":"2020-06-22T15:32:09","modified_gmt":"2020-06-22T18:32:09","slug":"los-parques-termales-de-entre-rios-estan-listos-para-abrir","status":"publish","type":"post","link":"https:\/\/argentinatermal.com.ar\/?p=3865","title":{"rendered":"Los parques termales de Entre R\u00edos est\u00e1n listos para abrir"},"content":{"rendered":"\n<p>Tan buscados en \u00e9poca invernal, este tipo de establecimientos se prepar\u00f3 a conciencia para cuando les permitan recibir de nuevo al p\u00fablico. Levante la mano quien quisiera ir a darse un chapuz\u00f3n calentito.<\/p>\n\n\n\n<figure class=\"wp-block-image size-large\"><img decoding=\"async\" src=\"https:\/\/fotos.perfil.com\/2014\/05\/01\/trim\/960\/540\/Expo-Termal.jpg?format=webp\" alt=\"\" \/><\/figure>\n\n\n\n<p>El Ministerio de Turismo de Entre R\u00edos elabor\u00f3 un protocolo tendiente a<strong>\u00a0establecer medidas de cuidado que hagan posible la vuelta a la actividad de sus numerosos parques termales.<\/strong>\u00a0Los 18 centros de la provincia pueden, de esta manera, acelerar la vuelta de la actividad. Por ejemplo, la Secretar\u00eda de Turismo del municipio de Federaci\u00f3n, importante destino de aguas sulfuradas, fue uno de los que present\u00f3 un borrador a consideraci\u00f3n de las autoridades y\u00a0<strong>marca una diferencia en su aplicaci\u00f3n entre parques termales p\u00fablicos, privados y mixtos.<\/strong>\u00a0Seg\u00fan su titular, Carlos Miller, le dijo a T\u00e9lam: \u00ab<em>Empezamos a analizar los protocolos provinciales, que no tienen diferencias sustanciales en relaci\u00f3n a los borradores que hab\u00edamos propuesto la semana pasada\u00bb\u00a0<\/em>y asegur\u00f3 que, a ra\u00edz de esa circunstancia, \u00ab<strong><em>los municipios termales llegaremos r\u00e1pido a un acuerdo para contar con un protocolo \u00fanico para todos los centros entrerrianos<\/em><\/strong>\u00bb y estim\u00f3 que estas medidas \u00abt<em>ambi\u00e9n se podr\u00edan trasladar al \u00e1mbito nacional, con la ayuda del Ministerio de Turismo y Deportes\u00bb.<\/em><\/p>\n\n\n\n<figure class=\"wp-block-image size-large\"><img decoding=\"async\" src=\"https:\/\/fotos.perfil.com\/2013\/06\/01\/900\/0\/50.-Victoria-Termas1.jpg\" alt=\"\" \/><\/figure>\n\n\n\n<p>Lo dispuesto por la provincia establece, entre otras medidas, que<strong>\u00a0la venta de entradas no se realice m\u00e1s en el parque acu\u00e1tico sino en otros puntos de la ciudad y que se la agilice mediante canales electr\u00f3nicos,<\/strong>\u00a0con la idea de \u00ab<em>evitar aglomeraciones de gente en las proximidades del complejo y facilitar el acceso<\/em>\u00ab, consider\u00f3 Miller. Adem\u00e1s establecen<strong>\u00a0l\u00edneas demarcatorias en los complejos para separar a los turistas 1,5 m entre s\u00ed en los espacios secos, de 3 m2 en las piletas cubiertas y de 2 m2 en las descubiertas<\/strong>. Tambi\u00e9n estipula que<strong>\u00a0los grupos,<\/strong>\u00a0cuya cantidad de integrantes deber\u00e1 respetar las normas de distanciamiento social,\u00a0<strong>podr\u00e1n permanecer en las piletas, cubiertas o descubiertas, hasta 15 minutos.<\/strong>\u00a0El n\u00famero de asistentes a los parques termales deber\u00e1 adaptarse a su superficie total y no s\u00f3lo en base a los espacios destinados a las piletas.<\/p>\n\n\n\n<figure class=\"wp-block-image size-large\"><img decoding=\"async\" src=\"https:\/\/fotos.perfil.com\/\/2019\/07\/05\/900\/0\/0705termas-749990.jpg\" alt=\"\" \/><\/figure>\n\n\n\n<p>El compendio, que\u00a0<strong>contiene medidas m\u00e1s estrictas para los complejos que ofrecen gastronom\u00eda y alojamiento, abre un cap\u00edtulo especial para el manejo de la indumentaria en esos sitios\u00a0<\/strong>(batas, toallas, mallas y sandalias), que deber\u00e1 ser de uso estrictamente exclusivo y n<strong>o podr\u00e1 utilizarse fuera de las piletas.<\/strong>\u00a0Tambi\u00e9n recomienda reducir los tratamientos de belleza que requieran un contacto f\u00edsico continuo y dispone la colocaci\u00f3n de elementos para la higienizaci\u00f3n de manos en todo el predio y<strong>\u00a0la utilizaci\u00f3n de barbijos, los que el personal deber\u00e1 agregar guantes y otras protecciones.<\/strong><\/p>\n\n\n\n<figure class=\"wp-block-image size-large\"><img decoding=\"async\" src=\"https:\/\/fotos.perfil.com\/2018\/05\/01\/900\/0\/Termas-Col%C3%B3n.jpg\" alt=\"\" \/><\/figure>\n\n\n\n<p>Los protocolos de bioseguridad para los centros termales entrerrianos cuentan con el aval de la C\u00e1mara Regional de Turismo entrerriana, del Ente Regulador del Recurso Termal de Entre R\u00edos (Errter) y de la C\u00e1mara de Turismo de Entre R\u00edos (Cater). El presidente del Errter, Ram\u00f3n Barrera, puntualiz\u00f3 que \u00ab<strong><em>los protocolos cubren todas las exigencias en materia de seguridad e higiene y por eso creemos que est\u00e1n dadas las condiciones para la vuelta de la actividad\u00bb.<\/em><\/strong>\u00a0Su colega de la Cater, Leonardo Schey, indic\u00f3 que \u00ab<em>copian las mejores experiencias de Europa y recogen las inquietudes de todos los municipios<\/em>\u00ab. Entre R\u00edos, con 18 centros termales distribuidos en 13 localidades, es la provincia que con m\u00e1s fuerza desarrolla esta actividad, por lo que es llamada la Capital Nacional del Termalismo. Algunos de esos destinos son<strong>\u00a0Basavilbaso, Chajar\u00ed, Col\u00f3n, Concepci\u00f3n del Uruguay, Concordia, Federaci\u00f3n,\u00a0<a rel=\"noreferrer noopener\" target=\"_blank\" href=\"https:\/\/weekend.perfil.com\/noticias\/turismo\/mas-alla-de-las-comparsas-nuevos-circuitos-suman-gualeguaychu-entre-rios.phtml\">Gualeguaych\u00fa<\/a>, La Paz,\u00a0<a rel=\"noreferrer noopener\" target=\"_blank\" href=\"https:\/\/weekend.perfil.com\/noticias\/turismo\/parana-mucho-mas-que-un-puerto.phtml\">Mar\u00eda Grande<\/a>,\u00a0<a rel=\"noreferrer noopener\" target=\"_blank\" href=\"https:\/\/weekend.perfil.com\/noticias\/turismo\/termas-y-parque-aereo-en-san-jose-entre-rios.phtml\">San Jos\u00e9<\/a>,\u00a0<a rel=\"noreferrer noopener\" target=\"_blank\" href=\"https:\/\/weekend.perfil.com\/noticias\/turismo\/las-5-mejores-termas-aguas-relajarse-durante-fin-de-semana-largo.phtml\">Victoria, Villa Elisa<\/a>\u00a0y Villaguay.<\/strong><\/p>\n\n\n\n<figure class=\"wp-block-image size-large is-resized\"><a href=\"https:\/\/weekend.perfil.com\/noticias\/turismo\/los-parques-termales-de-entre-rios-estan-listos-para-abrir.phtml\" target=\"_blank\" rel=\"noopener noreferrer\"><img decoding=\"async\" src=\"https:\/\/weekend.perfil.com\/img\/logo3.png\" alt=\"\" width=\"127\" height=\"46\" \/><\/a><figcaption>Fuente<\/figcaption><\/figure>\n\n\n\n<figure class=\"wp-block-image size-large\"><a href=\"https:\/\/argentinatermal.com.ar\/\" target=\"_blank\" rel=\"noopener noreferrer\"><img decoding=\"async\" width=\"1024\" height=\"214\" src=\"https:\/\/argentinatermal.com.ar\/wp-content\/uploads\/2020\/06\/www.argentinatermal.com_.ar-1.jpg\" alt=\"\" class=\"wp-image-3833\" srcset=\"https:\/\/argentinatermal.com.ar\/wp-content\/uploads\/2020\/06\/www.argentinatermal.com_.ar-1.jpg 1024w, https:\/\/argentinatermal.com.ar\/wp-content\/uploads\/2020\/06\/www.argentinatermal.com_.ar-1-300x63.jpg 300w, https:\/\/argentinatermal.com.ar\/wp-content\/uploads\/2020\/06\/www.argentinatermal.com_.ar-1-768x161.jpg 768w, https:\/\/argentinatermal.com.ar\/wp-content\/uploads\/2020\/06\/www.argentinatermal.com_.ar-1-696x145.jpg 696w\" sizes=\"(max-width: 1024px) 100vw, 1024px\" \/><\/a><\/figure>\n\n\n","protected":false},"excerpt":{"rendered":"<p>Tan buscados en \u00e9poca invernal, este tipo de establecimientos se prepar\u00f3 a conciencia para cuando les permitan recibir de nuevo al p\u00fablico. Levante la mano quien quisiera ir a darse un chapuz\u00f3n calentito. El Ministerio de Turismo de Entre R\u00edos elabor\u00f3 un protocolo tendiente a\u00a0establecer medidas de cuidado que hagan posible la vuelta a la [&hellip;]<\/p>\n","protected":false},"author":1,"featured_media":3866,"comment_status":"open","ping_status":"open","sticky":false,"template":"","format":"standard","meta":{"footnotes":""},"categories":[9,17],"tags":[],"class_list":["post-3865","post","type-post","status-publish","format-standard","has-post-thumbnail","hentry","category-nea","category-turismo-termal"],"_links":{"self":[{"href":"https:\/\/argentinatermal.com.ar\/index.php?rest_route=\/wp\/v2\/posts\/3865","targetHints":{"allow":["GET"]}}],"collection":[{"href":"https:\/\/argentinatermal.com.ar\/index.php?rest_route=\/wp\/v2\/posts"}],"about":[{"href":"https:\/\/argentinatermal.com.ar\/index.php?rest_route=\/wp\/v2\/types\/post"}],"author":[{"embeddable":true,"href":"https:\/\/argentinatermal.com.ar\/index.php?rest_route=\/wp\/v2\/users\/1"}],"replies":[{"embeddable":true,"href":"https:\/\/argentinatermal.com.ar\/index.php?rest_route=%2Fwp%2Fv2%2Fcomments&post=3865"}],"version-history":[{"count":1,"href":"https:\/\/argentinatermal.com.ar\/index.php?rest_route=\/wp\/v2\/posts\/3865\/revisions"}],"predecessor-version":[{"id":3867,"href":"https:\/\/argentinatermal.com.ar\/index.php?rest_route=\/wp\/v2\/posts\/3865\/revisions\/3867"}],"wp:featuredmedia":[{"embeddable":true,"href":"https:\/\/argentinatermal.com.ar\/index.php?rest_route=\/wp\/v2\/media\/3866"}],"wp:attachment":[{"href":"https:\/\/argentinatermal.com.ar\/index.php?rest_route=%2Fwp%2Fv2%2Fmedia&parent=3865"}],"wp:term":[{"taxonomy":"category","embeddable":true,"href":"https:\/\/argentinatermal.com.ar\/index.php?rest_route=%2Fwp%2Fv2%2Fcategories&post=3865"},{"taxonomy":"post_tag","embeddable":true,"href":"https:\/\/argentinatermal.com.ar\/index.php?rest_route=%2Fwp%2Fv2%2Ftags&post=3865"}],"curies":[{"name":"wp","href":"https:\/\/api.w.org\/{rel}","templated":true}]}}