{"id":3869,"date":"2020-07-02T17:42:10","date_gmt":"2020-07-02T20:42:10","guid":{"rendered":"https:\/\/argentinatermal.com.ar\/?p=3869"},"modified":"2020-07-02T17:42:12","modified_gmt":"2020-07-02T20:42:12","slug":"el-balneario-de-archena-primer-establecimiento-termal-que-reabre-en-espana","status":"publish","type":"post","link":"https:\/\/argentinatermal.com.ar\/?p=3869","title":{"rendered":"El Balneario de Archena, primer establecimiento termal que reabre en Espa\u00f1a"},"content":{"rendered":"\n<p><strong><em>Patricia Fern\u00e1ndez: \u00abse pone de nuevo en marcha uno de los motores econ\u00f3micos del municipio y el principal en el sector del turismo, no solo de Archena sino tambi\u00e9n de nuestra Regi\u00f3n\u00bb<\/em><\/strong><\/p>\n\n\n\n<p>La Alcaldesa visita el Balneario en la reapertura de sus instalaciones con todas las medidas de seguridad frente al coronavirus. Patricia Fern\u00e1ndez L\u00f3pez, Alcaldesa de Archena, y el concejal de turismo del Equipo de Gobierno, Mario Alcaraz, han visitado las instalaciones del Balneario de Archena, cerradas al p\u00fablico desde el 9 de marzo, cinco d\u00edas antes de decretarse el Estado de Alarma, por parte del Gobierno de la Naci\u00f3n.<\/p>\n\n\n\n<div class=\"wp-block-image\"><figure class=\"alignright size-large is-resized\"><img decoding=\"async\" src=\"https:\/\/argentinatermal.com.ar\/wp-content\/uploads\/2020\/07\/8313756615824026585959243251574118166607555o-1024x684.jpg\" alt=\"\" class=\"wp-image-3870\" width=\"338\" height=\"225\" srcset=\"https:\/\/argentinatermal.com.ar\/wp-content\/uploads\/2020\/07\/8313756615824026585959243251574118166607555o-1024x684.jpg 1024w, https:\/\/argentinatermal.com.ar\/wp-content\/uploads\/2020\/07\/8313756615824026585959243251574118166607555o-300x201.jpg 300w, https:\/\/argentinatermal.com.ar\/wp-content\/uploads\/2020\/07\/8313756615824026585959243251574118166607555o-768x513.jpg 768w, https:\/\/argentinatermal.com.ar\/wp-content\/uploads\/2020\/07\/8313756615824026585959243251574118166607555o-696x465.jpg 696w, https:\/\/argentinatermal.com.ar\/wp-content\/uploads\/2020\/07\/8313756615824026585959243251574118166607555o-1068x714.jpg 1068w, https:\/\/argentinatermal.com.ar\/wp-content\/uploads\/2020\/07\/8313756615824026585959243251574118166607555o-628x420.jpg 628w, https:\/\/argentinatermal.com.ar\/wp-content\/uploads\/2020\/07\/8313756615824026585959243251574118166607555o.jpg 1200w\" sizes=\"(max-width: 338px) 100vw, 338px\" \/><\/figure><\/div>\n\n\n\n<p>El Balneario de Archena recibe una media de 200.000 personas al a\u00f1o, emplea a 260 trabajadores a jornada completa y en los meses de mayor ocupaci\u00f3n alcanza los 300 trabajadores, llegando a facturar unos 15 millones de euros de media al a\u00f1o.<\/p>\n\n\n\n<p>La Alcaldesa de Archena, Patricia Fern\u00e1ndez, se ha mostrado muy ilusionada con la reapertura de las instalaciones de este emblem\u00e1tico establecimiento termal con todas las medidas de seguridad: \u00abse pone de nuevo en marcha uno de los motores econ\u00f3micos del municipio y el principal en el sector del turismo, no solo de Archena sino tambi\u00e9n de nuestra Regi\u00f3n y de gran prestigio a nivel nacional e internacional\u00bb.<\/p>\n\n\n\n<p>Por otra parte, el director de operaciones del Balneario de Archena,&nbsp;<strong>David Rull<\/strong>, ha declarado que \u00abquiero agradecer a Patricia, alcaldesa de Archena, toda la ayuda que nos ha dado desde el primer d\u00eda en el que cerramos nuestras instalaciones por culpa de esta pandemia as\u00ed como las bonificaciones de las cuales nos hemos podido beneficiar\u00bb.<\/p>\n\n\n\n<p>En su visita a las instalaciones, tanto la Alcaldesa como el Director de operaciones del balneario han supervisado las medidas de seguridad con las que cuenta el establecimiento termal desde su reapertura para prevenir contagios frente al coronavirus. Al finalizar, la Alcaldesa Patricia Fern\u00e1ndez ha manifestado que \u00abtanto el balneario como nosotros somos conscientes de que el turismo es una fuente important\u00edsima de&nbsp;<a href=\"https:\/\/www.laopiniondemurcia.es\/tags\/empleo-en-murcia.html\" target=\"_blank\" rel=\"noreferrer noopener\">empleo<\/a>&nbsp;y generaci\u00f3n de riqueza para Archena, y por eso hemos apostado por realizar acciones conjuntas que fomenten la actividad tur\u00edstica local para impulsar nuestra econom\u00eda\u00bb.<\/p>\n","protected":false},"excerpt":{"rendered":"<p>Patricia Fern\u00e1ndez: \u00abse pone de nuevo en marcha uno de los motores econ\u00f3micos del municipio y el principal en el sector del turismo, no solo de Archena sino tambi\u00e9n de nuestra Regi\u00f3n\u00bb La Alcaldesa visita el Balneario en la reapertura de sus instalaciones con todas las medidas de seguridad frente al coronavirus. Patricia Fern\u00e1ndez L\u00f3pez, [&hellip;]<\/p>\n","protected":false},"author":1,"featured_media":3871,"comment_status":"open","ping_status":"open","sticky":false,"template":"","format":"standard","meta":{"footnotes":""},"categories":[17],"tags":[],"class_list":["post-3869","post","type-post","status-publish","format-standard","has-post-thumbnail","hentry","category-turismo-termal"],"_links":{"self":[{"href":"https:\/\/argentinatermal.com.ar\/index.php?rest_route=\/wp\/v2\/posts\/3869","targetHints":{"allow":["GET"]}}],"collection":[{"href":"https:\/\/argentinatermal.com.ar\/index.php?rest_route=\/wp\/v2\/posts"}],"about":[{"href":"https:\/\/argentinatermal.com.ar\/index.php?rest_route=\/wp\/v2\/types\/post"}],"author":[{"embeddable":true,"href":"https:\/\/argentinatermal.com.ar\/index.php?rest_route=\/wp\/v2\/users\/1"}],"replies":[{"embeddable":true,"href":"https:\/\/argentinatermal.com.ar\/index.php?rest_route=%2Fwp%2Fv2%2Fcomments&post=3869"}],"version-history":[{"count":1,"href":"https:\/\/argentinatermal.com.ar\/index.php?rest_route=\/wp\/v2\/posts\/3869\/revisions"}],"predecessor-version":[{"id":3872,"href":"https:\/\/argentinatermal.com.ar\/index.php?rest_route=\/wp\/v2\/posts\/3869\/revisions\/3872"}],"wp:featuredmedia":[{"embeddable":true,"href":"https:\/\/argentinatermal.com.ar\/index.php?rest_route=\/wp\/v2\/media\/3871"}],"wp:attachment":[{"href":"https:\/\/argentinatermal.com.ar\/index.php?rest_route=%2Fwp%2Fv2%2Fmedia&parent=3869"}],"wp:term":[{"taxonomy":"category","embeddable":true,"href":"https:\/\/argentinatermal.com.ar\/index.php?rest_route=%2Fwp%2Fv2%2Fcategories&post=3869"},{"taxonomy":"post_tag","embeddable":true,"href":"https:\/\/argentinatermal.com.ar\/index.php?rest_route=%2Fwp%2Fv2%2Ftags&post=3869"}],"curies":[{"name":"wp","href":"https:\/\/api.w.org\/{rel}","templated":true}]}}