{"id":3890,"date":"2020-07-20T12:42:15","date_gmt":"2020-07-20T15:42:15","guid":{"rendered":"https:\/\/argentinatermal.com.ar\/?p=3890"},"modified":"2020-07-20T12:42:17","modified_gmt":"2020-07-20T15:42:17","slug":"el-cerro-catedral-abre-sus-puertas-a-esquiadores-residentes-y-el-perito-moreno-y-la-hoya-se-preparan","status":"publish","type":"post","link":"https:\/\/argentinatermal.com.ar\/?p=3890","title":{"rendered":"El Cerro Catedral abre sus puertas a esquiadores residentes y el Perito Moreno y La Hoya se preparan"},"content":{"rendered":"\n<p><strong><em>Al mismo tiempo el Cerro Perito Moreno, en El Bols\u00f3n, y La Hoya de Esquel, contin\u00faan trabajando con la intenci\u00f3n de poder tambi\u00e9n iniciar algunas de sus actividades prontamente,<\/em><\/strong><\/p>\n\n\n\n<p class=\"has-drop-cap\">El Cerro Catedral, en Bariloche, abrir\u00e1 sus puertas el pr\u00f3ximo martes solo para quienes tienen el pase de residentes, mientras que el Cerro Perito Moreno, en El Bols\u00f3n, y La Hoya de Esquel, contin\u00faan trabajando con la intenci\u00f3n de poder tambi\u00e9n iniciar algunas de sus actividades prontamente, seg\u00fan informaron fuentes oficiales.<\/p>\n\n\n\n<p>Reconocidos por su belleza natural, los centros de esqu\u00ed andinos Cerro Catedral, Perito Moreno y La Hoya reciben cada invierno a miles de turistas para disfrutar de la nieve y la impronta del invierno patag\u00f3nico, pero este a\u00f1o a causa de la pandemia la situaci\u00f3n cambi\u00f3 y empuj\u00f3 a estos espacios a trabajar de manera creativa, buscando diferentes soluciones.<\/p>\n\n\n\n<p>\u00abEl 21 abrir\u00eda el Cerro Catedral en una primera etapa, solo para residentes ya que no se vender\u00e1n pases, ni van a estar abiertas las boleter\u00edas. De esta manera, solo podr\u00e1n ingresar quienes ya tienen un pase temporario comprado con anticipaci\u00f3n\u00bb, dijo a T\u00e9lam el secretario de Turismo de la ciudad de Bariloche, Gast\u00f3n Burl\u00f3n.<\/p>\n\n\n\n<p>\u00abHabr\u00e1 estudiantes instructores que van a hacer como preventores, van ayudar con el tema de los protocolos y todas las medidas que hay que tomar para poder seguir avanzando en esta apertura paulatina que estamos haciendo desde las ciudades hace ya un tiempo. Despu\u00e9s, se ver\u00e1. Todo depender\u00e1 de lo que autoricen la provincia y la Naci\u00f3n con respecto al turismo\u00bb, agreg\u00f3 el funcionario.<\/p>\n\n\n\n<p>Seg\u00fan informaron medios locales, est\u00e1 previsto que los medios de elevaci\u00f3n de la parte central de la monta\u00f1a se pongan en funcionamiento, es decir la silla s\u00e9xtuple, cu\u00e1druple y alg\u00fan otro complementario. El resto permanecer\u00e1 cerrado.<\/p>\n\n\n\n<p>El presidente de la Asociaci\u00f3n Argentina de Instructores de Esqu\u00ed, Snowboard y pisteros socorristas (Aadidess) Martin Bacer, confirm\u00f3 en di\u00e1logo con T\u00e9lam que \u00abpor el momento las escuelas y clubes no comenzar\u00e1n aun con sus clases\u00bb.<\/p>\n\n\n\n<p>\u00abSe est\u00e1 trabajando para que a partir del primero de agosto se pueda vender el pase instructor, o sea que hasta esa fecha est\u00e1 todo cerrado\u00bb, asegur\u00f3 Bacer.<\/p>\n\n\n\n<p>\u00abLos instructores de la escuela no tendr\u00edan pase en esta primera iniciativa\u00bb, agreg\u00f3 el director de la Escuela de Esqu\u00ed Skimax y director de la Asociaci\u00f3n de Instructores de Esqu\u00ed y Snowboard, Hern\u00e1n Franco.<\/p>\n\n\n\n<p>Con respecto a la situaci\u00f3n que atraviesan los instructores, se\u00f1al\u00f3: \u00abEl panorama lamentablemente los limita, tanto en lo laboral, por la falta de alumnos, como en lo personal, porque quedan fuera de los pases para poder esquiar aunque sea de manera recreativa con sus familias o amigos\u00bb.<\/p>\n\n\n\n<p>\u00abLa temporada est\u00e1 perdida desde lo econ\u00f3mico pero intentaremos ver las opciones de poder funcionar\u00bb, asever\u00f3 Franco.<\/p>\n\n\n\n<p>\u00abAadidess est\u00e1 terminando la capacitaci\u00f3n virtual, que ha sido muy bien recibida por los alumnos y que es muy completa a nivel de informaci\u00f3n y preparaci\u00f3n\u00bb, resalto el director de la asociaci\u00f3n, y destac\u00f3 que \u00abse est\u00e1n haciendo los esfuerzos para que se pueda realizar la actividad aunque sea a nivel local\u00bb.<\/p>\n\n\n\n<p>Con respecto al Centro de Ski Cerro Perito Moreno, ubicado sobre la cordillera de los Andes y en la localidad rionegrina de El Bols\u00f3n, el referente a cargo del departamento de Comunicaci\u00f3n de la empresa Laderas, Roberto Escard\u00f3, inform\u00f3 a esta agencia que \u00abcomo la mayor\u00eda de los centros de esqu\u00ed del pa\u00eds, est\u00e1n a la espera de que se autoricen las actividades recreativas y deportivas\u00bb.<\/p>\n\n\n\n<p>El vocero agreg\u00f3 que \u00abmientras tanto, el trabajo de acondicionamiento de la monta\u00f1a se ha venido llevando a cabo desde hace ya un par de meses, teniendo todos los recaudos necesarios, respetando el uso del tapabocas, de guantes y de alcohol en gel\u00bb.<\/p>\n\n\n\n<p>Escard\u00f3 destac\u00f3 tambi\u00e9n que, al mismo tiempo, se ha ido avanzando en la confecci\u00f3n de los protocolos sanitarios con la municipalidad y con el \u00e1rea de salud de El Bols\u00f3n, para cuando se pueda realizar la actividad, adem\u00e1s de regular todo lo que tiene que ver el uso de los medios de elevaci\u00f3n.<\/p>\n\n\n\n<p>\u00abLa provisi\u00f3n de alcohol en gel en los principales puntos de la monta\u00f1as, la limitaci\u00f3n de ocupaci\u00f3n en los lugares gastron\u00f3micos y todo lo que tiene que ver con protocolos preventivos son aspectos en los que trabajamos\u00bb, detall\u00f3.<\/p>\n\n\n\n<p>\u00abNo hay fecha certera de apertura, dependemos de la autorizaci\u00f3n a nivel municipal\u00bb, concluy\u00f3 Escard\u00f3.<\/p>\n\n\n\n<p>Sobre la situaci\u00f3n que enfrenta el centro chubutense de esqu\u00ed y snowboard \u00abLa Hoya\u00bb, ubicado en la ciudad de Esquel, el Secretario de Turismo de la localidad, Mariano Riquelme, expres\u00f3 en di\u00e1logo con T\u00e9lam: \u00abEstamos ansiosos por ver c\u00f3mo es la activaci\u00f3n de los dem\u00e1s centros de esqu\u00ed, Bariloche y La Angostura\u00bb.<\/p>\n\n\n\n<p>El funcionario anticip\u00f3 que \u00abel cerro est\u00e1 con mucha nieve, as\u00ed es que vamos a ver c\u00f3mo se da esa apertura; pensamos que podr\u00eda ser en los primeros d\u00edas de agosto para el p\u00fablico local y, si la provincia nos autoriza, queremos habilitar para p\u00fablico de toda la cordillera un poco m\u00e1s adelante\u00bb.<\/p>\n\n\n\n<p>El excampe\u00f3n argentino de snowboard Jorge Belardi, que desde el principio de la pandemia comenz\u00f3 a implementar en el pa\u00eds una campa\u00f1a solidaria de alcance mundial que consiste en la donaci\u00f3n de antiparras que lleguen a los trabajadores de la salud, en di\u00e1logo con T\u00e9lam manifest\u00f3 su deseo de disfrutar de la nieve este invierno y reconoci\u00f3 el trabajo de los centros de esqu\u00ed para poder concretarlo.<\/p>\n\n\n\n<p>Asimismo, Belardi reconoci\u00f3 que \u00abseguramente va a ser una a\u00f1o a nivel negocio malo\u00bb, pero garantiz\u00f3 que el entusiasmo permanece: \u00abHay un mont\u00f3n de gente como yo, que son amantes de esto y quieren subir a la monta\u00f1a, disfrutarla, poder andar, manteni\u00e9ndose activo\u00bb.<\/p>\n\n\n\n<p>Mientras, el arduo trabajo para la activaci\u00f3n de los centros de esqu\u00ed contin\u00faa, las laderas patag\u00f3nicas siguen acumulando nieve y a\u00fan est\u00e1 latente la esperanza de que la mayor cantidad de personas posible disfrute de su majestuosidad en lo que resta de este invierno tan particular.<\/p>\n\n\n\n<figure class=\"wp-block-image size-large\"><a href=\"https:\/\/www.telam.com.ar\/notas\/202007\/491559-el-cerro-catedral-abre-sus-puertas-a-esquiadores-residentes-y-el-perito-moreno-y-la-hoya-se-preparan.html\" target=\"_blank\" rel=\"noopener noreferrer\"><img decoding=\"async\" width=\"1024\" height=\"102\" src=\"https:\/\/argentinatermal.com.ar\/wp-content\/uploads\/2020\/07\/telam-1024x102.jpg\" alt=\"\" class=\"wp-image-3891\" srcset=\"https:\/\/argentinatermal.com.ar\/wp-content\/uploads\/2020\/07\/telam-1024x102.jpg 1024w, https:\/\/argentinatermal.com.ar\/wp-content\/uploads\/2020\/07\/telam-300x30.jpg 300w, https:\/\/argentinatermal.com.ar\/wp-content\/uploads\/2020\/07\/telam-768x77.jpg 768w, https:\/\/argentinatermal.com.ar\/wp-content\/uploads\/2020\/07\/telam-696x70.jpg 696w, https:\/\/argentinatermal.com.ar\/wp-content\/uploads\/2020\/07\/telam-1068x107.jpg 1068w, https:\/\/argentinatermal.com.ar\/wp-content\/uploads\/2020\/07\/telam.jpg 1151w\" sizes=\"(max-width: 1024px) 100vw, 1024px\" \/><\/a><\/figure>\n\n\n","protected":false},"excerpt":{"rendered":"<p>Al mismo tiempo el Cerro Perito Moreno, en El Bols\u00f3n, y La Hoya de Esquel, contin\u00faan trabajando con la intenci\u00f3n de poder tambi\u00e9n iniciar algunas de sus actividades prontamente, El Cerro Catedral, en Bariloche, abrir\u00e1 sus puertas el pr\u00f3ximo martes solo para quienes tienen el pase de residentes, mientras que el Cerro Perito Moreno, en [&hellip;]<\/p>\n","protected":false},"author":1,"featured_media":3892,"comment_status":"open","ping_status":"open","sticky":false,"template":"","format":"standard","meta":{"footnotes":""},"categories":[28],"tags":[],"class_list":["post-3890","post","type-post","status-publish","format-standard","has-post-thumbnail","hentry","category-portales-de-servicios-e-informacion"],"_links":{"self":[{"href":"https:\/\/argentinatermal.com.ar\/index.php?rest_route=\/wp\/v2\/posts\/3890","targetHints":{"allow":["GET"]}}],"collection":[{"href":"https:\/\/argentinatermal.com.ar\/index.php?rest_route=\/wp\/v2\/posts"}],"about":[{"href":"https:\/\/argentinatermal.com.ar\/index.php?rest_route=\/wp\/v2\/types\/post"}],"author":[{"embeddable":true,"href":"https:\/\/argentinatermal.com.ar\/index.php?rest_route=\/wp\/v2\/users\/1"}],"replies":[{"embeddable":true,"href":"https:\/\/argentinatermal.com.ar\/index.php?rest_route=%2Fwp%2Fv2%2Fcomments&post=3890"}],"version-history":[{"count":1,"href":"https:\/\/argentinatermal.com.ar\/index.php?rest_route=\/wp\/v2\/posts\/3890\/revisions"}],"predecessor-version":[{"id":3893,"href":"https:\/\/argentinatermal.com.ar\/index.php?rest_route=\/wp\/v2\/posts\/3890\/revisions\/3893"}],"wp:featuredmedia":[{"embeddable":true,"href":"https:\/\/argentinatermal.com.ar\/index.php?rest_route=\/wp\/v2\/media\/3892"}],"wp:attachment":[{"href":"https:\/\/argentinatermal.com.ar\/index.php?rest_route=%2Fwp%2Fv2%2Fmedia&parent=3890"}],"wp:term":[{"taxonomy":"category","embeddable":true,"href":"https:\/\/argentinatermal.com.ar\/index.php?rest_route=%2Fwp%2Fv2%2Fcategories&post=3890"},{"taxonomy":"post_tag","embeddable":true,"href":"https:\/\/argentinatermal.com.ar\/index.php?rest_route=%2Fwp%2Fv2%2Ftags&post=3890"}],"curies":[{"name":"wp","href":"https:\/\/api.w.org\/{rel}","templated":true}]}}