{"id":3894,"date":"2020-07-21T00:07:35","date_gmt":"2020-07-21T03:07:35","guid":{"rendered":"https:\/\/argentinatermal.com.ar\/?p=3894"},"modified":"2020-07-21T00:07:37","modified_gmt":"2020-07-21T03:07:37","slug":"uruguay-reabre-sus-centros-termales","status":"publish","type":"post","link":"https:\/\/argentinatermal.com.ar\/?p=3894","title":{"rendered":"Uruguay reabre sus centros termales"},"content":{"rendered":"\n<h6 class=\"wp-block-heading\">Por Mar\u00eda Shaw<\/h6>\n\n\n\n<p>Era una de las noticias m\u00e1s esperadas, desde que el 13 de marzo se decretara la emergencia sanitaria en Uruguay y -entre otras medidas- se cerraran los centros termales.&nbsp;<\/p>\n\n\n\n<p>Entre el viernes 17 y el lunes 20 de julio reabrieron los centros termales del litoral del r\u00edo Uruguay, al oeste del pa\u00eds sudamericano. Se trata de las termas del Dayman y del Arapey, en el departamento de Salto y las de Guaviy\u00fa y de Almir\u00f3n, en el departamento de Paysand\u00fa. Por ahora, son los \u00fanicos centros termales habilitados a funcionar en el sur de Am\u00e9rica -para uruguayos y residentes-, ya que a\u00fan se mantienen cerradas las fronteras a los turistas.&nbsp;<\/p>\n\n\n\n<p>El 10 de julio las autoridades del Ministerio de Turismo informaron la homologaci\u00f3n del protocolo para los centros termales p\u00fablicos. Desde entonces, creci\u00f3 la expectativa. Es que luego de estar cerrados m\u00e1s de 4 meses, se esperaba poder reabrir para las vacaciones de invierno, que se est\u00e1n desarrollando desde el s\u00e1bado 18 de julio al domingo 2 de agosto.&nbsp;<\/p>\n\n\n\n<h5 class=\"wp-block-heading\">Salto<\/h5>\n\n\n\n<p>El martes 14, el ministro de Turismo Germ\u00e1n Cardoso recorri\u00f3 las termas del Daym\u00e1n con el intendente de Salto, Alejandro Novoa, con integrantes de las direcciones departamentales de Salud y de Turismo, para coordinar detalles de la reapertura al p\u00fablico de los centros termales. Dijo que esperaba con mucha expectativa y optimismo la reapertura de los centros termales. Expres\u00f3 que \u201chay una buena cantidad de consultas y reservas y en la medida en que la reapertura se haga responsablemente; estamos en inmejorable condici\u00f3n para desarrollar el turismo interno, para la captaci\u00f3n de inversiones y para dar un fuerte impulso al turismo en el corredor termal\u201d.&nbsp;<\/p>\n\n\n\n<p>El ministro Cardoso inform\u00f3 que la elaboraci\u00f3n del protocolo llev\u00f3 varias semanas, porque deb\u00eda realizarse con mucha responsabilidad. \u201cFuimos receptivos de las ansiedades del sector y las plante\u00e1bamos una y otra vez, pero al ser un decreto de emergencia sanitaria, la autoridad que termina levant\u00e1ndolo es el Ministerio de Salud P\u00fablica. Se trabaj\u00f3 con ellos y con un grupo de cient\u00edficos que se toman su tiempo y hay veces que no se comprenden las demoras, pero lo hacen con mucha seriedad, corrigiendo, eso explica en gran medida el \u00e9xito que estamos teniendo en cuanto al control del manejo de la pandemia\u201d.&nbsp;&nbsp;<\/p>\n\n\n\n<h5 class=\"wp-block-heading\">Paysand\u00fa<\/h5>\n\n\n\n<p>El mi\u00e9rcoles 15, el ministro de Turismo se reuni\u00f3 con el intendente de Paysand\u00fa, Mario D\u00edaz y autoridades de la intendencia, para definir la forma de trabajo que se aplicar\u00e1 para la apertura de los centros termales. Cardoso tambi\u00e9n recorri\u00f3 el predio termal de Guaviy\u00fa y se reuni\u00f3 con hoteleros y comerciantes. El ministr\u00f3 indic\u00f3 que \u201cla reapertura de los centros termales permitir\u00e1 que muchos trabajadores puedan ir saliendo del seguro de desempleo, al comenzar la actividad en las termas\u201d.&nbsp;<\/p>\n\n\n\n<h5 class=\"wp-block-heading\">Medidas<\/h5>\n\n\n\n<p>Los centros termales p\u00fablicos de Salto y Paysand\u00fa est\u00e1n habilitados a recibir el 50% del aforo total, siempre bajo estricto cumplimiento del protocolo sanitario homologado por el Gobierno. Entre las principales medidas, antes de ingresar al parque termal se tomar\u00e1 la temperatura a cada visitante y en caso de que \u00e9sta sea superior a 37 grados, no se le permitir\u00e1 el ingreso, tampoco a sus acompa\u00f1antes, y se dar\u00e1 aviso al sistema sanitario. Se deber\u00e1 mantener distancia entre personas, si est\u00e1n solas, o entre grupos familiares; usar tapabocas para circular por las instalaciones del parque termal, excepto en las \u00e1reas de piscinas. No se podr\u00e1n utilizar los vestuarios, y para la higiene se habilitaron los ducheros exteriores. Cada 30 minutos se proceder\u00e1 a la desinfecci\u00f3n de sillas y reposeras, de los accesorios de las piscinas y de los ba\u00f1os. Los centros termales abrir\u00e1n en horario limitado para asegurar mayor tiempo para desinfectar las piscinas con agua potable.&nbsp;<\/p>\n\n\n\n<p>En Paysand\u00fa, las termas de Guaviy\u00fa y de Almir\u00f3n se habilitar\u00e1n solamente para las personas que se alojen en hoteler\u00eda municipal o privada. Por ahora, en esta primera etapa, en los centros termales sanduceros, no se habilita el ingreso por el d\u00eda.&nbsp;<\/p>\n\n\n\n<h5 class=\"wp-block-heading\">Establecimientos hoteleros y gastron\u00f3micos<\/h5>\n\n\n\n<p>Amparados por su propio protocolo, varios establecimientos hoteleros y gastron\u00f3micos de la regi\u00f3n termal volvieron a abrir sus puertas. A partir de la semana pasada, las direcciones de Turismo comenzaron a entregar los sellos de Operador Responsable a los establecimientos que est\u00e1n registrados en el MINTUR y que se comprometen por declaraci\u00f3n jurada, a cumplir con el protocolo.&nbsp;&nbsp;<\/p>\n\n\n\n<h5 class=\"wp-block-heading\">Paseos<\/h5>\n\n\n\n<p>Pero el litoral del r\u00edo Uruguay es mucho m\u00e1s que termas, si bien es su producto estrella&#8230; El Corredor P\u00e1jaros Pintados, de norte a sur, ofrece una gran variedad de propuestas y programas atractivos para todos los gustos y edades: sabores, patrimonio y cultura, aventuras n\u00e1uticas, naturaleza y \u00e1reas protegidas,&nbsp; pesca, pueblos con encanto&#8230; Sin duda, un gran atractor de la regi\u00f3n es el Paisaje Industrial Fray Bentos, que hace unos d\u00edas cumpli\u00f3 5 a\u00f1os desde que fue declarado Patrimonio de la Humanidad por la UNESCO.&nbsp;<\/p>\n\n\n\n<p>\u00a1Mucho para disfrutar en el litoral del Uruguay!<\/p>\n\n\n\n<p>Fuente: <a href=\"https:\/\/bit.ly\/2WD4Ozm\" target=\"_blank\" rel=\"noreferrer noopener\">https:\/\/bit.ly\/2WD4Ozm<\/a><\/p>\n","protected":false},"excerpt":{"rendered":"<p>Por Mar\u00eda Shaw Era una de las noticias m\u00e1s esperadas, desde que el 13 de marzo se decretara la emergencia sanitaria en Uruguay y -entre otras medidas- se cerraran los centros termales.&nbsp; Entre el viernes 17 y el lunes 20 de julio reabrieron los centros termales del litoral del r\u00edo Uruguay, al oeste del pa\u00eds [&hellip;]<\/p>\n","protected":false},"author":1,"featured_media":3895,"comment_status":"open","ping_status":"open","sticky":false,"template":"","format":"standard","meta":{"footnotes":""},"categories":[12,17],"tags":[],"class_list":["post-3894","post","type-post","status-publish","format-standard","has-post-thumbnail","hentry","category-internacionales","category-turismo-termal"],"_links":{"self":[{"href":"https:\/\/argentinatermal.com.ar\/index.php?rest_route=\/wp\/v2\/posts\/3894","targetHints":{"allow":["GET"]}}],"collection":[{"href":"https:\/\/argentinatermal.com.ar\/index.php?rest_route=\/wp\/v2\/posts"}],"about":[{"href":"https:\/\/argentinatermal.com.ar\/index.php?rest_route=\/wp\/v2\/types\/post"}],"author":[{"embeddable":true,"href":"https:\/\/argentinatermal.com.ar\/index.php?rest_route=\/wp\/v2\/users\/1"}],"replies":[{"embeddable":true,"href":"https:\/\/argentinatermal.com.ar\/index.php?rest_route=%2Fwp%2Fv2%2Fcomments&post=3894"}],"version-history":[{"count":1,"href":"https:\/\/argentinatermal.com.ar\/index.php?rest_route=\/wp\/v2\/posts\/3894\/revisions"}],"predecessor-version":[{"id":3896,"href":"https:\/\/argentinatermal.com.ar\/index.php?rest_route=\/wp\/v2\/posts\/3894\/revisions\/3896"}],"wp:featuredmedia":[{"embeddable":true,"href":"https:\/\/argentinatermal.com.ar\/index.php?rest_route=\/wp\/v2\/media\/3895"}],"wp:attachment":[{"href":"https:\/\/argentinatermal.com.ar\/index.php?rest_route=%2Fwp%2Fv2%2Fmedia&parent=3894"}],"wp:term":[{"taxonomy":"category","embeddable":true,"href":"https:\/\/argentinatermal.com.ar\/index.php?rest_route=%2Fwp%2Fv2%2Fcategories&post=3894"},{"taxonomy":"post_tag","embeddable":true,"href":"https:\/\/argentinatermal.com.ar\/index.php?rest_route=%2Fwp%2Fv2%2Ftags&post=3894"}],"curies":[{"name":"wp","href":"https:\/\/api.w.org\/{rel}","templated":true}]}}