{"id":3897,"date":"2020-07-21T22:22:30","date_gmt":"2020-07-22T01:22:30","guid":{"rendered":"https:\/\/argentinatermal.com.ar\/?p=3897"},"modified":"2020-07-21T22:22:32","modified_gmt":"2020-07-22T01:22:32","slug":"el-oficialismo-impone-su-dictamen-para-paliar-la-situacion-de-las-empresas-turisticas","status":"publish","type":"post","link":"https:\/\/argentinatermal.com.ar\/?p=3897","title":{"rendered":"El oficialismo impone su dictamen para paliar la situaci\u00f3n de las empresas tur\u00edsticas"},"content":{"rendered":"\n<p><em>El texto del Frente de Todos se impuso por 17 a 14 votos al de la minor\u00eda que propon\u00eda declarar la emergencia para el sector impulsada por Juntos por el Cambio en base a un proyecto de los diputados radicales Alfredo Cornejo y Gustavo Menna.<\/em><\/p>\n\n\n\n<p><strong>La comisi\u00f3n de Defensa del Consumidor de la C\u00e1mara de Diputados emiti\u00f3 este martes dictamen favorable sobre el proyecto de ley que crea el Plan de Auxilio, Capacitaci\u00f3n, Infraestructura y Promoci\u00f3n del Turismo Nacional, que hace dos semanas obtuvo el aval en la comisi\u00f3n de Turismo y debe ser tratado por la de Presupuesto para poder ser considerado en el recinto de sesiones.<\/strong><\/p>\n\n\n\n<p>En la comisi\u00f3n que preside el radical cordob\u00e9s Diego Mestre el oficialismo logr\u00f3 ratificar como de mayor\u00eda al dictamen que el 7 de julio se firm\u00f3 en la comisi\u00f3n de Turismo, que contempl\u00f3 la iniciativa propuesta por el formose\u00f1o Ramiro Fern\u00e1ndez Patri.<\/p>\n\n\n\n<p>El oficialismo tuvo los acompa\u00f1amientos de Jos\u00e9 Ram\u00f3n (Unidad para el Desarrollo) y Claudia M\u00e1rquez (C\u00f3rdoba Federal).<\/p>\n\n\n\n<p>Expusieron en la comisi\u00f3n el titular de la C\u00e1mara Argentina de Turismo (CAT), Aldo Elias; su par de la Federaci\u00f3n Empresaria Hotelera Gastron\u00f3mica (FEHGRA), Graciela Fresno, y Alejandra Barzani, de la Asociaci\u00f3n de Agentes y Agencias de Viajes y Pymes (AVECE).<\/p>\n\n\n\n<p>Elias se\u00f1al\u00f3 que \u00ab1.300 puestos de trabajo est\u00e1n en riesgo\u00bb y que el turismo es \u00abla primera actividad que ha parado y la \u00faltima que va volver a su rirmo normal\u00bb.<\/p>\n\n\n\n<p>Fresno advirti\u00f3 que su sector \u00abva a normalizarse no antes del 2022\u00bb y que se proyecta un cierre de aproximadamente el 75% de los comercios y pidi\u00f3 \u00abla emergencia de la actividad, porque si no peligran los empleos de 120.000 trabajadores de car\u00e1cter formal\u00bb.<\/p>\n\n\n\n<p>Barzani cuestion\u00f3 el proyecto del oficialismo al advertir que \u00abno contempla a las agencias de viajes pymes\u00bb y no precisa \u00abqui\u00e9n va a garantizar que la venta futura est\u00e9 asegurada ante posibles quiebras\u00bb.<\/p>\n\n\n\n<p>Mestre sostuvo que \u00abel dictamen de mayor\u00eda (de la comisi\u00f3n de Turismo) propone un plan de auxilio\u00bb que esta actividad \u00abpuede necesitar m\u00e1s adelante, pero no tiene las herramientas que est\u00e1 pidiendo el sector y que est\u00e1n contemplados en el dictamen de minor\u00eda, como cr\u00e9ditos a tasa cero o auxilio en materia laboral\u00bb.<\/p>\n\n\n\n<p>La vicepresidenta del grupo de trabajo, Liliana Schwindt , advirti\u00f3 a Mestre que en la reuni\u00f3n de la comisi\u00f3n de Defensa del Consumidor \u00abno hubo voces de los consumidores, y claramente hay un consumidor econ\u00f3micamente golpeado que compr\u00f3 con ilusi\u00f3n un paquete y que quiere tener certezas\u00bb, dijo.<\/p>\n\n\n\n<p>\u00abAl Presidente (Alberto Fern\u00e1ndez) y al ministro de Turismo (Mat\u00edas Lammens) les encantar\u00eda darles esas herramientas que piden y m\u00e1s tambi\u00e9n, porque si le va bien al sector le va bien al Gobierno. Pero nadie se realiza solo, y por eso necesitamos que quien vaya a comprar un paquete llegue vivo\u00bb, se\u00f1al\u00f3 Fern\u00e1ndez Patri.<\/p>\n\n\n\n<p>El legislador resalt\u00f3 que el proyecto no est\u00e1 cerrado y que el oficialismo espera que \u00abse den una serie de variables para tomar una decisi\u00f3n final\u00bb, como el texto definitivo del proyecto de moratoria para analizar si hace falta incluir alg\u00fan otro punto.<\/p>\n\n\n\n<p>\u00abNo podemos estar discutiendo si hay una situaci\u00f3n de emergencia o no. Estamos en una situaci\u00f3n de emergencia y est\u00e1n en riesgo de cierre el 70% de los establecimientos hoteleros y gastron\u00f3micos\u00bb, retruc\u00f3 el opositor Mena<\/p>\n\n\n\n<figure class=\"wp-block-image size-large\"><a href=\"https:\/\/www.telam.com.ar\/notas\/202007\/492612-el-oficialismo-impone-su-dictamen-para-paliar-la-situacion-de-las-empresas-turisticas.html\" target=\"_blank\" rel=\"noopener noreferrer\"><img decoding=\"async\" width=\"1024\" height=\"102\" src=\"https:\/\/argentinatermal.com.ar\/wp-content\/uploads\/2020\/07\/telam-1-1024x102.jpg\" alt=\"\" class=\"wp-image-3898\" srcset=\"https:\/\/argentinatermal.com.ar\/wp-content\/uploads\/2020\/07\/telam-1-1024x102.jpg 1024w, https:\/\/argentinatermal.com.ar\/wp-content\/uploads\/2020\/07\/telam-1-300x30.jpg 300w, https:\/\/argentinatermal.com.ar\/wp-content\/uploads\/2020\/07\/telam-1-768x77.jpg 768w, https:\/\/argentinatermal.com.ar\/wp-content\/uploads\/2020\/07\/telam-1-696x70.jpg 696w, https:\/\/argentinatermal.com.ar\/wp-content\/uploads\/2020\/07\/telam-1-1068x107.jpg 1068w, https:\/\/argentinatermal.com.ar\/wp-content\/uploads\/2020\/07\/telam-1.jpg 1151w\" sizes=\"(max-width: 1024px) 100vw, 1024px\" \/><\/a><\/figure>\n","protected":false},"excerpt":{"rendered":"<p>El texto del Frente de Todos se impuso por 17 a 14 votos al de la minor\u00eda que propon\u00eda declarar la emergencia para el sector impulsada por Juntos por el Cambio en base a un proyecto de los diputados radicales Alfredo Cornejo y Gustavo Menna. La comisi\u00f3n de Defensa del Consumidor de la C\u00e1mara de [&hellip;]<\/p>\n","protected":false},"author":1,"featured_media":3899,"comment_status":"open","ping_status":"open","sticky":false,"template":"","format":"standard","meta":{"footnotes":""},"categories":[7],"tags":[],"class_list":["post-3897","post","type-post","status-publish","format-standard","has-post-thumbnail","hentry","category-argentina"],"_links":{"self":[{"href":"https:\/\/argentinatermal.com.ar\/index.php?rest_route=\/wp\/v2\/posts\/3897","targetHints":{"allow":["GET"]}}],"collection":[{"href":"https:\/\/argentinatermal.com.ar\/index.php?rest_route=\/wp\/v2\/posts"}],"about":[{"href":"https:\/\/argentinatermal.com.ar\/index.php?rest_route=\/wp\/v2\/types\/post"}],"author":[{"embeddable":true,"href":"https:\/\/argentinatermal.com.ar\/index.php?rest_route=\/wp\/v2\/users\/1"}],"replies":[{"embeddable":true,"href":"https:\/\/argentinatermal.com.ar\/index.php?rest_route=%2Fwp%2Fv2%2Fcomments&post=3897"}],"version-history":[{"count":1,"href":"https:\/\/argentinatermal.com.ar\/index.php?rest_route=\/wp\/v2\/posts\/3897\/revisions"}],"predecessor-version":[{"id":3900,"href":"https:\/\/argentinatermal.com.ar\/index.php?rest_route=\/wp\/v2\/posts\/3897\/revisions\/3900"}],"wp:featuredmedia":[{"embeddable":true,"href":"https:\/\/argentinatermal.com.ar\/index.php?rest_route=\/wp\/v2\/media\/3899"}],"wp:attachment":[{"href":"https:\/\/argentinatermal.com.ar\/index.php?rest_route=%2Fwp%2Fv2%2Fmedia&parent=3897"}],"wp:term":[{"taxonomy":"category","embeddable":true,"href":"https:\/\/argentinatermal.com.ar\/index.php?rest_route=%2Fwp%2Fv2%2Fcategories&post=3897"},{"taxonomy":"post_tag","embeddable":true,"href":"https:\/\/argentinatermal.com.ar\/index.php?rest_route=%2Fwp%2Fv2%2Ftags&post=3897"}],"curies":[{"name":"wp","href":"https:\/\/api.w.org\/{rel}","templated":true}]}}