{"id":3905,"date":"2020-07-24T14:04:28","date_gmt":"2020-07-24T17:04:28","guid":{"rendered":"https:\/\/argentinatermal.com.ar\/?p=3905"},"modified":"2020-07-24T14:04:30","modified_gmt":"2020-07-24T17:04:30","slug":"reunion-del-comite-asesor-de-termatalia-para-organizar-el-1o-congreso-de-agua-y-salud","status":"publish","type":"post","link":"https:\/\/argentinatermal.com.ar\/?p=3905","title":{"rendered":"Reuni\u00f3n del Comit\u00e9 Asesor de Termatalia para organizar el 1\u00ba Congreso de Agua y Salud"},"content":{"rendered":"\n<h6 class=\"wp-block-heading\"><em>&gt;&gt; Se celebrar\u00e1 los d\u00edas 16 y 17 de septiembre de 2020 en formato h\u00edbrido pudiendo seguirse de forma presencial desde Ourense o bien virtual desde cualquier parte del Mundo<br>&gt;&gt; El comit\u00e9 asesor de la feria internacional se reuni\u00f3 esta ma\u00f1ana para perfilar los bloques tem\u00e1tico que abordar\u00e1 este evento y que incluye una sesi\u00f3n en la que se analizar\u00e1 c\u00f3mo ha afectado la pandemia de la COVID-19 al sector del turismo de salud a nivel mundial<\/em><\/h6>\n\n\n\n<p class=\"has-drop-cap\">Ourense, 24\/07\/2020.- Despu\u00e9s de la cancelaci\u00f3n de Termatalia 2020 provocada por la situaci\u00f3n de pandemia mundial, la Feria Internacional de Turismo de Salud, Termal y Bienestar organiza el 1\u00ba Congreso Internacional sobre Agua y Salud para reunir de nuevo a la comunidad termal y para seguir posicion\u00e1ndose como uno de los mayores puntos de encuentro profesional y uno de los m\u00e1s importantes foros internacionales de conocimiento y formaci\u00f3n especializada en estos sectores.<\/p>\n\n\n\n<p>Esta ma\u00f1ana se reun\u00eda de forma virtual el comit\u00e9 asesor de Termatalia en el que han participado una veintena de expertos en turismo de salud y de la industria termal de Espa\u00f1a y Portugal y que un a\u00f1o m\u00e1s est\u00e1 presidido por Manuel Baltar, presidente de la Diputaci\u00f3n Provincial de Ourense y de la Asociaci\u00f3n Europea de Ciudades Hist\u00f3ricas con Patrimonio Termal (E.H.T.T.A.). La finalidad de este encuentro fue definir los ejes estrat\u00e9gicos y los contenidos de dicho congreso, con el fin de presentar un evento multidisciplinar que aborde el futuro del sector desde la coyuntura actual.<\/p>\n\n\n\n<p>Este 1\u00ba Congreso se celebrar\u00e1 los d\u00edas 16 y 17 de septiembre de 2020, fechas en las que suele celebrarse cada a\u00f1o Termatalia, y ser\u00e1 organizado en formato h\u00edbrido, es decir, podr\u00e1 seguirse de forma presencial acudiendo a las instalaciones de Expourense, ubicado en la capital termal de Ourense, o seguirse on line a trav\u00e9s de una plataforma virtual. Los ponentes de este congreso, que ser\u00e1n reconocidos profesionales internacionales, participar\u00e1n tambi\u00e9n de forma mixta.<\/p>\n\n\n\n<p>Adem\u00e1s del presidente del comit\u00e9 asesor y de la directora de Termatalia, Emma Gonz\u00e1lez, primera reuni\u00f3n organizativa del Congreso la concejal de Turismo y Termalismo del Concello de Ourense, Flora Moure; la subdirectora de la Agencia de Turismo de Galicia, Laura Gonz\u00e1lez; el secretario general de la Asociaci\u00f3n Espa\u00f1ola de Balnearios, Luis Miguel L\u00f3pez; el presidente de la Sociedad Espa\u00f1ola de Hidrolog\u00eda M\u00e9dica, Francisco Maraver; el presidente de la Asociaci\u00f3n Espa\u00f1ola de Wellness Spa, Alfredo Sainz; el gerente de Balnearios de Galicia, Benigno Amor; el director del \u00c1rea de Benestar de la Diputaci\u00f3n de Ourense, Jos\u00e9 Juan Cerdeira; el vocal del Cl\u00faster de Turismo de Galicia, Ovidio Fern\u00e1ndez; la presidenta de la Sociedad Gallega de Talasoterapia, Lourdes Mourelle; la vicerrectora del Campus de Ourense &#8211; Universidad de Vigo, Esther de Blas; el director de la C\u00e1tedra de Hidrolog\u00eda M\u00e9dica de la Universidad de Santiago de Compostela, Juan Gestal; la profesora de la Facultad de Ciencias Empresariales del Campus de Ourense, Elisa Al\u00e9n; la t\u00e9cnico de Turismo Porto e Norte, Cristina Mendes; el vicepresidente de la C\u00e1mara Municipal de Chaves, Francisco Chaves de Melo; la investigadora y Dra. en Ciencias Qu\u00edmicas y Farmacia, Marita Souto; el comercial de Caldaria, Vincent Boyer; el miembro de la Asociaci\u00f3n Iberoamericana de Termalismo y Bienestar, Antonio Freire, y el director del Master de Turismo de Salud de la Universidade de Vigo, Jos\u00e9 Antonio Fraiz.<\/p>\n\n\n\n<p><strong>Programa<\/strong><br>El programa cient\u00edfico de este congreso tratar\u00e1 el turismo de salud desde una perspectiva multidisciplinar. Tal y como indic\u00f3 el presidente del comit\u00e9, Manuel Baltar, \u201cel termalismo tiene que tener un protagonismo especial en la etapa post COVID-19\u201d. Por este motivo, una de las sesiones prestar\u00e1 especial atenci\u00f3n a la situaci\u00f3n vivida por el sector en relaci\u00f3n a la pandemia. Contar\u00e1 con conferencias en las que se expondr\u00e1n casos reales y experiencias que versar\u00e1n sobre los protocolos de seguridad que se est\u00e1n aplicando en el sector y mesas de debate centradas en la reactivaci\u00f3n del sector, en c\u00f3mo afrontar el futuro con una menor incertidumbre y c\u00f3mo reducir el impacto econ\u00f3mico.&nbsp;<\/p>\n\n\n\n<p>Tal como puso de manifiesto la Asociaci\u00f3n Europea de Estaciones Termales, ESPA, al inicio de la pandemia por coronavirus: \u201cesta situaci\u00f3n es el momento adecuado para reconocer a la Balneolog\u00eda y la importancia que tiene la prevenci\u00f3n para preparar el sistema inmunitario como parte de un estilo de vida saludable. La situaci\u00f3n actual ha obligado a la comunidad m\u00e9dica a reinventarse y a sentar las bases para aplicar nuevos principios en la era COVID \u00ab. Esto es una ventaja para los pa\u00edses que cuentan con amplios recursos naturales como las aguas termales, que con el adecuado proceso de capacitaci\u00f3n, certificaci\u00f3n y legislaci\u00f3n pueden representar una oportunidad para el desarrollo de nuevos destinos de salud o puesta en valor de los ya existentes.&nbsp;<\/p>\n\n\n\n<p>La participaci\u00f3n en este Congreso ser\u00e1 de forma gratuita mediante invitaci\u00f3n de Termatalia o de las entidades colaboradoras con la feria. El formulario de inscripci\u00f3n y el programa de conferencias estar\u00e1 disponible en las pr\u00f3ximas semanas.<\/p>\n\n\n\n<p><strong>Estructura del Congreso:<\/strong><br>Jornada dedicada al Turismo de Salud en tiempos de COVID<br>Sesi\u00f3n Cient\u00edfica sobre Hidrolog\u00eda M\u00e9dica, Hidrogeolog\u00eda, Agua Envasada y Salud<br>Jornada de Turismo, Innovaci\u00f3n y Sostenibilidad<br>Experiencias de Ciudades Termales<\/p>\n\n\n\n<figure class=\"wp-block-image size-large\"><a href=\"https:\/\/www.termatalia.com\/noticia.php?id=1342\" target=\"_blank\" rel=\"noopener noreferrer\"><img decoding=\"async\" width=\"565\" height=\"186\" src=\"https:\/\/argentinatermal.com.ar\/wp-content\/uploads\/2020\/07\/z43Tkh3-1.jpg\" alt=\"\" class=\"wp-image-3906\" srcset=\"https:\/\/argentinatermal.com.ar\/wp-content\/uploads\/2020\/07\/z43Tkh3-1.jpg 565w, https:\/\/argentinatermal.com.ar\/wp-content\/uploads\/2020\/07\/z43Tkh3-1-300x99.jpg 300w\" sizes=\"(max-width: 565px) 100vw, 565px\" \/><\/a><\/figure>\n","protected":false},"excerpt":{"rendered":"<p>&gt;&gt; Se celebrar\u00e1 los d\u00edas 16 y 17 de septiembre de 2020 en formato h\u00edbrido pudiendo seguirse de forma presencial desde Ourense o bien virtual desde cualquier parte del Mundo&gt;&gt; El comit\u00e9 asesor de la feria internacional se reuni\u00f3 esta ma\u00f1ana para perfilar los bloques tem\u00e1tico que abordar\u00e1 este evento y que incluye una sesi\u00f3n [&hellip;]<\/p>\n","protected":false},"author":1,"featured_media":3907,"comment_status":"open","ping_status":"open","sticky":false,"template":"","format":"standard","meta":{"footnotes":""},"categories":[14],"tags":[],"class_list":["post-3905","post","type-post","status-publish","format-standard","has-post-thumbnail","hentry","category-turismo-salud"],"_links":{"self":[{"href":"https:\/\/argentinatermal.com.ar\/index.php?rest_route=\/wp\/v2\/posts\/3905","targetHints":{"allow":["GET"]}}],"collection":[{"href":"https:\/\/argentinatermal.com.ar\/index.php?rest_route=\/wp\/v2\/posts"}],"about":[{"href":"https:\/\/argentinatermal.com.ar\/index.php?rest_route=\/wp\/v2\/types\/post"}],"author":[{"embeddable":true,"href":"https:\/\/argentinatermal.com.ar\/index.php?rest_route=\/wp\/v2\/users\/1"}],"replies":[{"embeddable":true,"href":"https:\/\/argentinatermal.com.ar\/index.php?rest_route=%2Fwp%2Fv2%2Fcomments&post=3905"}],"version-history":[{"count":1,"href":"https:\/\/argentinatermal.com.ar\/index.php?rest_route=\/wp\/v2\/posts\/3905\/revisions"}],"predecessor-version":[{"id":3908,"href":"https:\/\/argentinatermal.com.ar\/index.php?rest_route=\/wp\/v2\/posts\/3905\/revisions\/3908"}],"wp:featuredmedia":[{"embeddable":true,"href":"https:\/\/argentinatermal.com.ar\/index.php?rest_route=\/wp\/v2\/media\/3907"}],"wp:attachment":[{"href":"https:\/\/argentinatermal.com.ar\/index.php?rest_route=%2Fwp%2Fv2%2Fmedia&parent=3905"}],"wp:term":[{"taxonomy":"category","embeddable":true,"href":"https:\/\/argentinatermal.com.ar\/index.php?rest_route=%2Fwp%2Fv2%2Fcategories&post=3905"},{"taxonomy":"post_tag","embeddable":true,"href":"https:\/\/argentinatermal.com.ar\/index.php?rest_route=%2Fwp%2Fv2%2Ftags&post=3905"}],"curies":[{"name":"wp","href":"https:\/\/api.w.org\/{rel}","templated":true}]}}