{"id":3927,"date":"2020-08-03T19:26:33","date_gmt":"2020-08-03T22:26:33","guid":{"rendered":"https:\/\/argentinatermal.com.ar\/?p=3927"},"modified":"2020-08-03T19:26:36","modified_gmt":"2020-08-03T22:26:36","slug":"fabiola-yanez-se-reunio-con-representantes-de-ong-abocadas-al-cuidado-del-medio-ambiente","status":"publish","type":"post","link":"https:\/\/argentinatermal.com.ar\/?p=3927","title":{"rendered":"Fabiola Ya\u00f1ez se reuni\u00f3 con representantes de ONG abocadas al cuidado del medio ambiente"},"content":{"rendered":"\n<p><strong><em>Cada uno de los participantes expuso ante la Primera Dama las acciones llevadas a cabo desde sus organizaciones y los nuevos desaf\u00edos a partir de la pandemia.<\/em><\/strong><\/p>\n\n\n\n<p>El medio ambiente es una preocupaci\u00f3n constante para Fabiola Ya\u00f1ez, quien durante la reuni\u00f3n hizo foco en saber<strong>&nbsp;c\u00f3mo el COVID-19 est\u00e1 afectando al ecosistema.&nbsp;<\/strong>La reuni\u00f3n tambi\u00e9n tuvo como objetivo visibilizar el trabajo que cada una viene haciendo en su territorio. Les agradeci\u00f3 por seguir luchando por una planeta m\u00e1s sano y habitable para todos.<\/p>\n\n\n\n<div class=\"wp-block-image\"><figure class=\"alignleft size-large\"><img decoding=\"async\" src=\"https:\/\/www.telam.com.ar\/advf\/imagenes\/2020\/08\/5f27eb42f1b5d_324x182.jpg\" alt=\"\" \/><\/figure><\/div>\n\n\n\n<p>Cada uno de los participantes expuso ante la Primera Dama, las acciones llevadas a cabo desde sus organizaciones y los nuevos desaf\u00edos a partir de la pandemia. Todos destacaron lo importante de&nbsp;<strong>la preservaci\u00f3n de los recursos naturales, as\u00ed como tambi\u00e9n de las especies animales.<\/strong>&nbsp;La conservaci\u00f3n de los bosques nativos, la preservaci\u00f3n de las aves, la importancia del agua, fueron algunos de los temas m\u00e1s recurrentes.<\/p>\n\n\n\n<p><strong>Luis Pavesio<\/strong>, reconocido periodista especialista en ecolog\u00eda, ofici\u00f3 de nexo y moderador entre los convocados.<\/p>\n\n\n\n<figure class=\"wp-block-embed-youtube wp-block-embed is-type-video is-provider-youtube wp-embed-aspect-16-9 wp-has-aspect-ratio\"><div class=\"wp-block-embed__wrapper\">\n<iframe title=\"Encuentro virtual con organizaciones del medio ambiente\" width=\"640\" height=\"360\" src=\"https:\/\/www.youtube.com\/embed\/yTgkIQkx_7o?feature=oembed\" frameborder=\"0\" allow=\"accelerometer; autoplay; clipboard-write; encrypted-media; gyroscope; picture-in-picture; web-share\" referrerpolicy=\"strict-origin-when-cross-origin\" allowfullscreen><\/iframe>\n<\/div><\/figure>\n\n\n\n<p>Esta acci\u00f3n, se inscribe en un apoyo permanente por el cuidado de los recursos naturales, como sucedi\u00f3 el 05 de junio pasado cuando se conmemor\u00f3 el<strong>\u00a0D\u00eda Mundial del Medio Ambiente.<\/strong>\u00a0En esa oportunidad, la primera dama, acompa\u00f1\u00f3 a alumnos de s\u00e9ptimo grado de escuelas misioneras a realizar su promesa en defensa del Medio Ambiente y la Protecci\u00f3n del Patrimonio Natural y Cultural de la Argentina. El acto se llev\u00f3 a cabo en el imponente marco del Parque Nacional Iguaz\u00fa. Muy emocionada, y comprometida con la causa ambiental, promueve que la iniciativa del compromiso de los ni\u00f1os se replique en todo el pa\u00eds.<\/p>\n\n\n\n<figure class=\"wp-block-image size-large\"><a href=\"https:\/\/www.telam.com.ar\/notas\/202008\/497631-fabiola-yanez-se-reunio-con-representantes-de-ong-abocadas-al-cuidado-del-medio-ambiente.html\" target=\"_blank\" rel=\"noopener noreferrer\"><img decoding=\"async\" width=\"1024\" height=\"102\" src=\"https:\/\/argentinatermal.com.ar\/wp-content\/uploads\/2020\/08\/telam-1-1024x102.jpg\" alt=\"\" class=\"wp-image-3928\" srcset=\"https:\/\/argentinatermal.com.ar\/wp-content\/uploads\/2020\/08\/telam-1-1024x102.jpg 1024w, https:\/\/argentinatermal.com.ar\/wp-content\/uploads\/2020\/08\/telam-1-300x30.jpg 300w, https:\/\/argentinatermal.com.ar\/wp-content\/uploads\/2020\/08\/telam-1-768x77.jpg 768w, https:\/\/argentinatermal.com.ar\/wp-content\/uploads\/2020\/08\/telam-1-696x70.jpg 696w, https:\/\/argentinatermal.com.ar\/wp-content\/uploads\/2020\/08\/telam-1-1068x107.jpg 1068w, https:\/\/argentinatermal.com.ar\/wp-content\/uploads\/2020\/08\/telam-1.jpg 1151w\" sizes=\"(max-width: 1024px) 100vw, 1024px\" \/><\/a><\/figure>\n","protected":false},"excerpt":{"rendered":"<p>Cada uno de los participantes expuso ante la Primera Dama las acciones llevadas a cabo desde sus organizaciones y los nuevos desaf\u00edos a partir de la pandemia. El medio ambiente es una preocupaci\u00f3n constante para Fabiola Ya\u00f1ez, quien durante la reuni\u00f3n hizo foco en saber&nbsp;c\u00f3mo el COVID-19 est\u00e1 afectando al ecosistema.&nbsp;La reuni\u00f3n tambi\u00e9n tuvo como [&hellip;]<\/p>\n","protected":false},"author":1,"featured_media":3929,"comment_status":"open","ping_status":"open","sticky":false,"template":"","format":"standard","meta":{"footnotes":""},"categories":[7,30,22],"tags":[],"class_list":["post-3927","post","type-post","status-publish","format-standard","has-post-thumbnail","hentry","category-argentina","category-temas-relacionados","category-turismo-sostenible"],"_links":{"self":[{"href":"https:\/\/argentinatermal.com.ar\/index.php?rest_route=\/wp\/v2\/posts\/3927","targetHints":{"allow":["GET"]}}],"collection":[{"href":"https:\/\/argentinatermal.com.ar\/index.php?rest_route=\/wp\/v2\/posts"}],"about":[{"href":"https:\/\/argentinatermal.com.ar\/index.php?rest_route=\/wp\/v2\/types\/post"}],"author":[{"embeddable":true,"href":"https:\/\/argentinatermal.com.ar\/index.php?rest_route=\/wp\/v2\/users\/1"}],"replies":[{"embeddable":true,"href":"https:\/\/argentinatermal.com.ar\/index.php?rest_route=%2Fwp%2Fv2%2Fcomments&post=3927"}],"version-history":[{"count":1,"href":"https:\/\/argentinatermal.com.ar\/index.php?rest_route=\/wp\/v2\/posts\/3927\/revisions"}],"predecessor-version":[{"id":3930,"href":"https:\/\/argentinatermal.com.ar\/index.php?rest_route=\/wp\/v2\/posts\/3927\/revisions\/3930"}],"wp:featuredmedia":[{"embeddable":true,"href":"https:\/\/argentinatermal.com.ar\/index.php?rest_route=\/wp\/v2\/media\/3929"}],"wp:attachment":[{"href":"https:\/\/argentinatermal.com.ar\/index.php?rest_route=%2Fwp%2Fv2%2Fmedia&parent=3927"}],"wp:term":[{"taxonomy":"category","embeddable":true,"href":"https:\/\/argentinatermal.com.ar\/index.php?rest_route=%2Fwp%2Fv2%2Fcategories&post=3927"},{"taxonomy":"post_tag","embeddable":true,"href":"https:\/\/argentinatermal.com.ar\/index.php?rest_route=%2Fwp%2Fv2%2Ftags&post=3927"}],"curies":[{"name":"wp","href":"https:\/\/api.w.org\/{rel}","templated":true}]}}