{"id":394,"date":"2017-04-07T12:56:20","date_gmt":"2017-04-07T12:56:20","guid":{"rendered":"http:\/\/argentinatermal.com.ar\/?p=394"},"modified":"2017-04-07T12:56:20","modified_gmt":"2017-04-07T12:56:20","slug":"primera-reunion-del-comite-asesor-de-termatalia-2017","status":"publish","type":"post","link":"https:\/\/argentinatermal.com.ar\/?p=394","title":{"rendered":"Primera reuni\u00f3n del comit\u00e9 asesor de Termatalia 2017"},"content":{"rendered":"<ul>\n<li><em>&gt;&gt; Una quincena de expertos en turismo de salud se reunieron para concretar las acciones profesionales de la pr\u00f3xima edici\u00f3n que se celebrar\u00e1 en Ourense entre el 18 y el 23 de septiembre<\/em><\/li>\n<\/ul>\n<p>Una quincena de expertos en turismo de salud se reunieron esta ma\u00f1ana en Expourense para detallar las l\u00edneas estrat\u00e9gicas de las acciones profesionales que se desarrollar\u00e1n en la 17\u00aa edici\u00f3n de Termatalia, Feria Internacional de Turismo Termal, Salud y Bienestar, que se celebrar\u00e1 en Ourense entre el 20 y el 23 de septiembre de 2017 y que incluir\u00e1 distintas acciones divulgativas del turismo termal tanto en la ciudad de Ourense como en el resto de la provincia.<\/p>\n<p>Esta cita reforzar\u00e1 su car\u00e1cter profesional programando una serie de acciones que consolidar\u00e1n el papel de esta cita como centro de negocios a nivel mundial. Seguir\u00e1 ocupando un lugar destacado la Bolsa de Contrataci\u00f3n Tur\u00edstica entre Touroperadores y Establecimientos tur\u00edsticos, Proveedores de Bienes de Equipo y potenciales importadores de diversos pa\u00edses, aguas de bebida envasadas y distribuidores as\u00ed como visitantes profesionales procedentes de entre 20 y 30 pa\u00edses. Adem\u00e1s, se abordar\u00e1 la comercializaci\u00f3n del \u201cproducto turismo de salud\u201d tanto entre mayoristas como tambi\u00e9n a trav\u00e9s del canal minorista.<\/p>\n<p><strong>\u201cSemana Termatalia\u201d, del 20 al 23 de septiembre<\/strong><\/p>\n<p>Durante esta reuni\u00f3n se present\u00f3 la cronolog\u00eda de la feria que ir\u00e1 m\u00e1s all\u00e1 de los propios d\u00edas de su celebraci\u00f3n. Podr\u00eda hablarse de la \u201cSemana Termatalia\u201d, ya que las acciones profesionales comenzar\u00e1n ya el lunes 18 de septiembre con la organizaci\u00f3n de cursos de capacitaci\u00f3n profesional dirigidos a las distintas delegaciones extranjeras que vayan a participar en la feria. Estos cursos se celebrar\u00e1n lunes y martes e incluir\u00e1n la visita a distintos centros termales de Galicia.<\/p>\n<p>Respecto a la formaci\u00f3n destinada al sector nacional prioritariamente destacar\u00e1n las acciones relacionadas con la creaci\u00f3n de paquetes de turismo de salud innovadores que tienen el objetivo de recopilar los recursos de un destino para crear una oferta atractiva complement\u00e1ndola con otros recursos end\u00f3genos como puede ser el enoturismo, el patrimonio hist\u00f3rico, la naturaleza, etc.<\/p>\n<p>El mi\u00e9rcoles 20 de septiembre dar\u00e1 comienzo el II Symposium sobre Termalismo y Calidad de Vida (STCV-II) que lidera el Campus del Agua de la Universidad de Vigo en colaboraci\u00f3n con otras entidades como Termatalia, la Diputaci\u00f3n provincial de Ourense o el Ayuntamiento de Ourense. Este evento cient\u00edfico durar\u00e1 dos d\u00edas, coincidiendo el \u00faltimo de ellos con la jornada inaugural de Termatalia que se celebrar\u00e1 los d\u00edas 21 y 22 de septiembre. El s\u00e1bado 23 ser\u00e1 el d\u00eda reservado a las rutas termales por Galicia y norte de Portugal, que permitir\u00e1n que profesionales de m\u00e1s de 25 pa\u00edses puedan conocer in situ la riqueza termal y las instalaciones de los balnearios gallegos, lo que contribuir\u00e1 a la proyecci\u00f3n de esta comunidad como l\u00edder en Turismo Termal en Espa\u00f1a.<\/p>\n<p>La participaci\u00f3n en Termatalia de empresas de consultor\u00eda, formaci\u00f3n, equipamiento e investigaci\u00f3n de la comunidad, adem\u00e1s de la propia presencia del Campus del Agua de la Universidad de Vigo, convirtieron a Termatalia, Galicia y Ourense en espacios de referencia a la hora de formarse profesionalmente en este campo.<\/p>\n<p><strong>Asistentes al comit\u00e9\u00a0<\/strong><\/p>\n<p>Esta primera reuni\u00f3n del comit\u00e9 asesor de Termatalia 2017 cont\u00f3 con la presencia de distintos agentes p\u00fablicos y privados relacionados con el turismo de salud desde distintos \u00e1mbitos. Guiado por la directora de Relaciones Internacionales de Termatalia, Emma Gonz\u00e1lez, en esta reuni\u00f3n participaron: la directora de Promoci\u00f3n de la Agencia de Turismo de Galicia, Carmen Pita; \u00a0el vicerrector de la Universidad de Vigo, Virxilio Rodr\u00edguez; el gerente del INORDE y miembro del patronato de Expourense, Jos\u00e9 Manuel Rodr\u00edguez; la t\u00e9cnico de Termalismo del Ayuntamiento de Ourense, Nita Torres; los profesores de la Facultad de Empresariales y Turismo del campus de Ourense \u2013 Universidad de Vigo, Elisa Al\u00e9n y Jos\u00e9 Antonio Fraiz; la doctora en Ciencias Qu\u00edmicas, Marita Souto; el gerente de Gala Termal, Antonio Freire; el director general de Yu Travel, Jes\u00fas Ares; el representante de Caldaria, Rafael Lua\u00f1a; de la C\u00e1mara de Comercio de Ourense, Rogelio Mart\u00ednez; de Peloides Termales, Carmen G\u00f3mez y de la Asociaci\u00f3n de J\u00f3venes Empresarios, Luis Miguel Est\u00e9vez.<\/p>\n<p>Fuente: <a href=\"http:\/\/bit.ly\/2nSgATp\">http:\/\/bit.ly\/2nSgATp<\/a><\/p>\n","protected":false},"excerpt":{"rendered":"<p>&gt;&gt; Una quincena de expertos en turismo de salud se reunieron para concretar las acciones profesionales de la pr\u00f3xima edici\u00f3n que se celebrar\u00e1 en Ourense entre el 18 y el 23 de septiembre Una quincena de expertos en turismo de salud se reunieron esta ma\u00f1ana en Expourense para detallar las l\u00edneas estrat\u00e9gicas de las acciones [&hellip;]<\/p>\n","protected":false},"author":1,"featured_media":395,"comment_status":"open","ping_status":"open","sticky":false,"template":"","format":"standard","meta":{"footnotes":""},"categories":[12],"tags":[],"class_list":["post-394","post","type-post","status-publish","format-standard","has-post-thumbnail","hentry","category-internacionales"],"_links":{"self":[{"href":"https:\/\/argentinatermal.com.ar\/index.php?rest_route=\/wp\/v2\/posts\/394","targetHints":{"allow":["GET"]}}],"collection":[{"href":"https:\/\/argentinatermal.com.ar\/index.php?rest_route=\/wp\/v2\/posts"}],"about":[{"href":"https:\/\/argentinatermal.com.ar\/index.php?rest_route=\/wp\/v2\/types\/post"}],"author":[{"embeddable":true,"href":"https:\/\/argentinatermal.com.ar\/index.php?rest_route=\/wp\/v2\/users\/1"}],"replies":[{"embeddable":true,"href":"https:\/\/argentinatermal.com.ar\/index.php?rest_route=%2Fwp%2Fv2%2Fcomments&post=394"}],"version-history":[{"count":1,"href":"https:\/\/argentinatermal.com.ar\/index.php?rest_route=\/wp\/v2\/posts\/394\/revisions"}],"predecessor-version":[{"id":396,"href":"https:\/\/argentinatermal.com.ar\/index.php?rest_route=\/wp\/v2\/posts\/394\/revisions\/396"}],"wp:featuredmedia":[{"embeddable":true,"href":"https:\/\/argentinatermal.com.ar\/index.php?rest_route=\/wp\/v2\/media\/395"}],"wp:attachment":[{"href":"https:\/\/argentinatermal.com.ar\/index.php?rest_route=%2Fwp%2Fv2%2Fmedia&parent=394"}],"wp:term":[{"taxonomy":"category","embeddable":true,"href":"https:\/\/argentinatermal.com.ar\/index.php?rest_route=%2Fwp%2Fv2%2Fcategories&post=394"},{"taxonomy":"post_tag","embeddable":true,"href":"https:\/\/argentinatermal.com.ar\/index.php?rest_route=%2Fwp%2Fv2%2Ftags&post=394"}],"curies":[{"name":"wp","href":"https:\/\/api.w.org\/{rel}","templated":true}]}}