{"id":3997,"date":"2020-09-15T14:09:18","date_gmt":"2020-09-15T17:09:18","guid":{"rendered":"https:\/\/argentinatermal.com.ar\/?p=3997"},"modified":"2020-09-15T20:07:17","modified_gmt":"2020-09-15T23:07:17","slug":"i-congreso-internacional-sobre-agua-y-salud-panel-sobre-destinos-termales-de-argentina","status":"publish","type":"post","link":"https:\/\/argentinatermal.com.ar\/?p=3997","title":{"rendered":"I Congreso Internacional sobre Agua y Salud: Panel sobre destinos termales de Argentina"},"content":{"rendered":"\n<p><strong><em>Este jueves 17 de Septiembre a las 13 hs, se presentar\u00e1 en el I Congreso sobre Agua y Salud, la mesa de las provincias termales de argentina, Coordina: Ricardo Sosa. Secretario ejecutivo del INPROTUR.<\/em><\/strong><\/p>\n\n\n\n<div class=\"wp-block-image\"><figure class=\"alignright size-large\"><a href=\"https:\/\/congreso.termatalia.com\/\" target=\"_blank\" rel=\"noopener noreferrer\"><img decoding=\"async\" width=\"300\" height=\"240\" src=\"https:\/\/argentinatermal.com.ar\/wp-content\/uploads\/2020\/09\/anigif-gif-congreso-agua-y-salud-1-2.gif\" alt=\"\" class=\"wp-image-3975\" \/><\/a><figcaption><strong><span style=\"color:#0693e3\" class=\"tadv-color\">Publicidad<\/span><\/strong><\/figcaption><\/figure><\/div>\n\n\n\n<p><strong>Participan:<\/strong><\/p>\n\n\n\n<p><strong>ENTRE R\u00cdOS<\/strong>, Capital Nacional de los Circuitos Termales. Gast\u00f3n Irazusta. Secretario de Turismo de la provincia de Entre R\u00edos.<\/p>\n\n\n\n<p><strong>CHACO<\/strong>, el Secreto de Argentina: Termalismo y Bienestar. Ariel Ybarra. Presidente del Instituto de Turismo de la provincia de Chaco.<\/p>\n\n\n\n<p><strong>JUJUY<\/strong>, Termas sagradas de los Incas. Carlos Federico Posadas. Ministro de Turismo de la provincia de Jujuy.<\/p>\n\n\n\n<p><strong>LA RIOJA<\/strong>, termas entre dinosaurios y olivos. Pablo Barros. Director General de Desarrollo de Productos Tur\u00edsticos de la provincia de La Rioja.<\/p>\n\n\n\n<p><strong>OBER\u00c1<\/strong>, Termas de La Selva misionera. Carlos Antonio Lindstrom. Subsecretario de Turismo. \/ Adriana Cecilia Lagable. Representante del Ministerio de Turismo de la provincia de Misiones.<\/p>\n\n\n\n<p><strong>NEUQU\u00c9N<\/strong>, para\u00edso del bienestar termal. Lorena Vela. Directora General en Investigaci\u00f3n Termal del Ente Provincial de Termas de la provincia de Neuqu\u00e9n.<\/p>\n\n\n\n<p><strong>SALTA<\/strong>, Tan linda que enamora. Soledad Issa. Directora General de Productos Tur\u00edsticos de la provincia de Salta.<\/p>\n\n\n\n<p><strong>TERMAS DE RIO HONDO<\/strong>, una ciudad termal. Jorge Mukdise. Intendente de Termas de R\u00edo Hondo, provincia de Santiago del Estero.<\/p>\n\n\n\n<figure class=\"wp-block-image size-large\"><a href=\"https:\/\/nubesmgzdigital.com.ar\/\" target=\"_blank\" rel=\"noopener noreferrer\"><img decoding=\"async\" width=\"1024\" height=\"124\" src=\"https:\/\/argentinatermal.com.ar\/wp-content\/uploads\/2020\/06\/banner-1-2-1024x124.jpg\" alt=\"\" class=\"wp-image-3840\" srcset=\"https:\/\/argentinatermal.com.ar\/wp-content\/uploads\/2020\/06\/banner-1-2-1024x124.jpg 1024w, https:\/\/argentinatermal.com.ar\/wp-content\/uploads\/2020\/06\/banner-1-2-300x36.jpg 300w, https:\/\/argentinatermal.com.ar\/wp-content\/uploads\/2020\/06\/banner-1-2-768x93.jpg 768w, https:\/\/argentinatermal.com.ar\/wp-content\/uploads\/2020\/06\/banner-1-2-1536x186.jpg 1536w, https:\/\/argentinatermal.com.ar\/wp-content\/uploads\/2020\/06\/banner-1-2-696x84.jpg 696w, https:\/\/argentinatermal.com.ar\/wp-content\/uploads\/2020\/06\/banner-1-2-1068x129.jpg 1068w, https:\/\/argentinatermal.com.ar\/wp-content\/uploads\/2020\/06\/banner-1-2.jpg 1896w\" sizes=\"(max-width: 1024px) 100vw, 1024px\" \/><\/a><\/figure>\n","protected":false},"excerpt":{"rendered":"<p>Este jueves 17 de Septiembre a las 13 hs, se presentar\u00e1 en el I Congreso sobre Agua y Salud, la mesa de las provincias termales de argentina, Coordina: Ricardo Sosa. Secretario ejecutivo del INPROTUR. Participan: ENTRE R\u00cdOS, Capital Nacional de los Circuitos Termales. Gast\u00f3n Irazusta. Secretario de Turismo de la provincia de Entre R\u00edos. CHACO, [&hellip;]<\/p>\n","protected":false},"author":1,"featured_media":3998,"comment_status":"open","ping_status":"open","sticky":false,"template":"","format":"standard","meta":{"footnotes":""},"categories":[7,17],"tags":[],"class_list":["post-3997","post","type-post","status-publish","format-standard","has-post-thumbnail","hentry","category-argentina","category-turismo-termal"],"_links":{"self":[{"href":"https:\/\/argentinatermal.com.ar\/index.php?rest_route=\/wp\/v2\/posts\/3997","targetHints":{"allow":["GET"]}}],"collection":[{"href":"https:\/\/argentinatermal.com.ar\/index.php?rest_route=\/wp\/v2\/posts"}],"about":[{"href":"https:\/\/argentinatermal.com.ar\/index.php?rest_route=\/wp\/v2\/types\/post"}],"author":[{"embeddable":true,"href":"https:\/\/argentinatermal.com.ar\/index.php?rest_route=\/wp\/v2\/users\/1"}],"replies":[{"embeddable":true,"href":"https:\/\/argentinatermal.com.ar\/index.php?rest_route=%2Fwp%2Fv2%2Fcomments&post=3997"}],"version-history":[{"count":3,"href":"https:\/\/argentinatermal.com.ar\/index.php?rest_route=\/wp\/v2\/posts\/3997\/revisions"}],"predecessor-version":[{"id":4002,"href":"https:\/\/argentinatermal.com.ar\/index.php?rest_route=\/wp\/v2\/posts\/3997\/revisions\/4002"}],"wp:featuredmedia":[{"embeddable":true,"href":"https:\/\/argentinatermal.com.ar\/index.php?rest_route=\/wp\/v2\/media\/3998"}],"wp:attachment":[{"href":"https:\/\/argentinatermal.com.ar\/index.php?rest_route=%2Fwp%2Fv2%2Fmedia&parent=3997"}],"wp:term":[{"taxonomy":"category","embeddable":true,"href":"https:\/\/argentinatermal.com.ar\/index.php?rest_route=%2Fwp%2Fv2%2Fcategories&post=3997"},{"taxonomy":"post_tag","embeddable":true,"href":"https:\/\/argentinatermal.com.ar\/index.php?rest_route=%2Fwp%2Fv2%2Ftags&post=3997"}],"curies":[{"name":"wp","href":"https:\/\/api.w.org\/{rel}","templated":true}]}}