{"id":4115,"date":"2020-11-14T10:11:54","date_gmt":"2020-11-14T13:11:54","guid":{"rendered":"https:\/\/argentinatermal.com.ar\/?p=4115"},"modified":"2020-11-14T10:18:35","modified_gmt":"2020-11-14T13:18:35","slug":"federacion-te-enamora-apertura-turistica-para-el-4-de-diciembre-protocolos-para-turistas","status":"publish","type":"post","link":"https:\/\/argentinatermal.com.ar\/?p=4115","title":{"rendered":"Federaci\u00f3n Te Enamora: Apertura Tur\u00edstica para el 4 de Diciembre: PROTOCOLOS PARA TURISTAS."},"content":{"rendered":"\n<p><strong><em>Los turistas que tomen la decisi\u00f3n de venir a tomar sus vacaciones a Entre R\u00edos, deber\u00e1n tener en cuenta 2 cuestiones fundamentales.<\/em><\/strong><\/p>\n\n\n\n<p>Deber\u00e1n obtener su permiso VacacionAR.<img decoding=\"async\" height=\"16\" width=\"16\" alt=\"\ud83d\udcf2\" src=\"https:\/\/static.xx.fbcdn.net\/images\/emoji.php\/v9\/t77\/2\/16\/1f4f2.png\"> Seg\u00fan la Secretar\u00eda de Innovaci\u00f3n de la Naci\u00f3n, esta plataforma estar\u00e1 lista para el 20\/11. A trav\u00e9s de la cual todos los interesados en viajar deber\u00e1n registrar los datos personales, especificar con qui\u00e9nes viajar\u00e1n, el lugar de destino, las fechas que comprende ese viaje, medio de transporte y alojamiento.<\/p>\n\n\n\n<p>El sistema podr\u00e1 solicitar documentaci\u00f3n respaldatoria para su validaci\u00f3n y la misma realiza cruce de datos con la aplicaci\u00f3n CuidAR.Es fundamental la participaci\u00f3n del municipio en la decisi\u00f3n de <img decoding=\"async\" height=\"16\" width=\"16\" alt=\"\u2705\" src=\"https:\/\/static.xx.fbcdn.net\/images\/emoji.php\/v9\/tb4\/2\/16\/2705.png\">ACEPTAR o <img decoding=\"async\" height=\"16\" width=\"16\" alt=\"\u274c\" src=\"https:\/\/static.xx.fbcdn.net\/images\/emoji.php\/v9\/t5e\/2\/16\/274c.png\"> RECHAZAR estos formularios de pedido de VacacionAR.<\/p>\n\n\n\n<!--more-->\n\n\n\n<p>Si se acepta, la persona recibe un Certificado \u00danico Habilitante de Circulaci\u00f3n de portaci\u00f3n OBLIGATORIA para el turista. <\/p>\n\n\n\n<p>Y si es rechazada, se redactar\u00e1 una justificaci\u00f3n de porqu\u00e9 se rechaza la misma.<img decoding=\"async\" height=\"16\" width=\"16\" alt=\"\ud83d\udc49\" src=\"https:\/\/static.xx.fbcdn.net\/images\/emoji.php\/v9\/tf0\/2\/16\/1f449.png\"> El sistema emite el permiso para que la persona pueda imprimir o tenga el permiso en la APP VacacionAR, CuidAR, o M\u00ed Argentina. <\/p>\n\n\n\n<p>En ese mismo permiso se consignar\u00e1 que debe ser acompa\u00f1ado por una p\u00f3liza de SEGURO con cobertura de contingencias COVID-19 (a confirmar obligatoriedad del mismo por provincia) con m\u00ednimos requisitos tales como:\u2022 Reembolso de los gastos no recuperables de pagos realizados por anticipado ante la cancelaci\u00f3n o interrupci\u00f3n del viaje por diagnostico Positivo de COVID-19.\u2022 Reembolso de gastos por prueba de diagn\u00f3stico de COVID-19.\u2022 Reembolso de gastos que implique el regreso a su ciudad de origen.<img decoding=\"async\" height=\"16\" width=\"16\" alt=\"\ud83d\ude04\" src=\"https:\/\/static.xx.fbcdn.net\/images\/emoji.php\/v9\/t71\/2\/16\/1f604.png\"><img decoding=\"async\" height=\"16\" width=\"16\" alt=\"\ud83d\ude97\" src=\"https:\/\/static.xx.fbcdn.net\/images\/emoji.php\/v9\/t8b\/2\/16\/1f697.png\"> REQUISITOS PARA TURISTAS ANTES DEL VIAJE:<img decoding=\"async\" height=\"16\" width=\"16\" alt=\"\u274c\" src=\"https:\/\/static.xx.fbcdn.net\/images\/emoji.php\/v9\/t5e\/2\/16\/274c.png\"> NO es necesario hisopados.<\/p>\n\n\n\n<p> <img decoding=\"async\" height=\"16\" width=\"16\" alt=\"\u2705\" src=\"https:\/\/static.xx.fbcdn.net\/images\/emoji.php\/v9\/tb4\/2\/16\/2705.png\"> Declaraci\u00f3n jurada de salud consignando la responsabilidad social individual. <\/p>\n\n\n\n<p>El alojamiento enviar\u00e1 el modelo de la misma una vez realizada la reserva. Si se aloja en otro tipo de vivienda, por favor pedir el modelo en la Secretar\u00eda de Turismo de Federaci\u00f3n.<\/p>\n\n\n\n<p><img decoding=\"async\" height=\"16\" width=\"16\" alt=\"\u2705\" src=\"https:\/\/static.xx.fbcdn.net\/images\/emoji.php\/v9\/tb4\/2\/16\/2705.png\"> Reserva previa en el alojamiento del destino que visitar\u00e1.<\/p>\n\n\n\n<p><img decoding=\"async\" height=\"16\" width=\"16\" alt=\"\u2705\" src=\"https:\/\/static.xx.fbcdn.net\/images\/emoji.php\/v9\/tb4\/2\/16\/2705.png\"> Cargar sus datos personales en la plataforma digital creada por el gobierno nacional para poder ingresar a la provincia de Entre R\u00edos. (Disponible a partir de 20\/11 &#8211; App VacacionAR).<\/p>\n\n\n\n<p><img decoding=\"async\" height=\"16\" width=\"16\" alt=\"\u2705\" src=\"https:\/\/static.xx.fbcdn.net\/images\/emoji.php\/v9\/tb4\/2\/16\/2705.png\"> Foto o escaneo del DNI de cada uno de los hu\u00e9spedes. <img decoding=\"async\" height=\"16\" width=\"16\" alt=\"\u203c\ufe0f\" src=\"https:\/\/static.xx.fbcdn.net\/images\/emoji.php\/v9\/tf8\/2\/16\/203c.png\"> NO SE REALIZAR\u00c1N CONTROLES EN LA ENTRADA DE LA CIUDAD DE FEDERACI\u00d3N, SIN EMBARGO, LOS MISMOS SER\u00c1N REQUERIDOS AL INGRESAR Y\/O TRANSITAR POR LA PROVINCIA DE ENTRE R\u00cdOS <img decoding=\"async\" height=\"16\" width=\"16\" alt=\"\u203c\ufe0f\" src=\"https:\/\/static.xx.fbcdn.net\/images\/emoji.php\/v9\/tf8\/2\/16\/203c.png\"><img decoding=\"async\" height=\"16\" width=\"16\" alt=\"\ud83c\udfe0\" src=\"https:\/\/static.xx.fbcdn.net\/images\/emoji.php\/v9\/t95\/2\/16\/1f3e0.png\"> Apertura Tur\u00edstica para el 4 de Diciembre: PROTOCOLOS PARA ALOJAMIENTOS.\u2022 Medidas a tener en cuenta del alojamiento Protocolo COVID-19 para alojamientos tur\u00edsticos del Ministerio de Turismo y Deporte de la Naci\u00f3n.\u2022 Protocolo provincial Res N\u00ba0346 de \u201cBuenas pr\u00e1cticas para establecimientos que brindan servicios de alojamientos\u201d.\u2022 Anexo: para modalidad Apart hotel, casas y departamentos de alquiler tur\u00edstico. \u2022 Protocolo de \u201cBuenas pr\u00e1cticas para complejos y alojamientos termales\u201d. P\u00e1g. 27 referido a piscinas y p\u00e1g. 33 referida Spa.<img decoding=\"async\" height=\"16\" width=\"16\" alt=\"\ud83c\udfe3\" src=\"https:\/\/static.xx.fbcdn.net\/images\/emoji.php\/v9\/t18\/2\/16\/1f3e3.png\"> MEDIDAS A TENER EN CUENTA DEL ALOJAMIENTO:\u2022 Disponibilidad de una habitaci\u00f3n para aislamiento en caso de s\u00edntomas de COVID-19.\u2022 Elementos t\u00e9cnicos \u2013 de desinfecci\u00f3n \u2013 term\u00f3metros digitales.\u2022 Activaci\u00f3n de un protocolo ante un caso sospechoso (explicado a continuaci\u00f3n).\u2022 Disponibilidad (comunitaria) de unidades de traslado al domicilio del hu\u00e9sped en caso de viajeros que vengan en transporte p\u00fablico. (A concretar).\u2022 Posibilidad de contar con un seguro de viajero.<img decoding=\"async\" height=\"16\" width=\"16\" alt=\"\u26a0\ufe0f\" src=\"https:\/\/static.xx.fbcdn.net\/images\/emoji.php\/v9\/t5d\/2\/16\/26a0.png\"> ACTIVACI\u00d3N DEL PROTOCOLO ANTE CASO SOSPECHOSO DE COVID-19:\u2022 Casos sospechosos se define: toda persona que (de cualquier edad) que presente dos o m\u00e1s de los siguientes s\u00edntomas: Fiebre (37.5\u00b0C o m\u00e1s) &#8211; Tos &#8211; Odinofagia (dolor de garganta) &#8211; Dificultad respiratoria &#8211; Cefalea &#8211; Mialgias &#8211; Diarrea\/v\u00f3mitos.\u2022 Proceder al aislamiento del hu\u00e9sped y su grupo familiar, tener el menor contacto posible (en la habitaci\u00f3n donde est\u00e1 alojado o en la a habitaci\u00f3n asignada a casos sospechosos).\u2022 Comunicarse con la autoridad sanitaria: Tel\u00e9fono 107\u2022 Se procede a llevar la persona hasta el hospital para los respectivos chequeos.\u2022 Personal de salud toma la decisi\u00f3n si requiere internaci\u00f3n. Consideraciones para el personal del alojamiento\u2022 Cada establecimiento deber\u00e1 extremar las medidas de seguridad para con el personal.\u2022 Ante un caso de contagio del personal, tener alternativas de funcionamiento (personal nuevo).\u2022 En caso de contagios masivos, la autoridad sanitaria evaluar\u00e1 la continuidad y\/o el cierre del establecimiento. <img decoding=\"async\" height=\"16\" width=\"16\" alt=\"\u2705\" src=\"https:\/\/static.xx.fbcdn.net\/images\/emoji.php\/v9\/tb4\/2\/16\/2705.png\"> PASOS A SEGUIR PARA HABILITACI\u00d3N EL ALOJAMIENTO:1. El propietario o gerente del establecimiento debe solicitar y firmar una declaraci\u00f3n jurada en la Secretaria de turismo .2. Pautar fecha y hora para que personal de la Secretaria de turismo pase a constatar la aplicaci\u00f3n del respectivo protocolo.3. Una vez verificado se proceder\u00e1 a otorgar una oblea o sello de que avale dicha habilitaci\u00f3n que se deber\u00e1 colocar en lugar visible del establecimiento.<img decoding=\"async\" height=\"16\" width=\"16\" alt=\"\u203c\ufe0f\" src=\"https:\/\/static.xx.fbcdn.net\/images\/emoji.php\/v9\/tf8\/2\/16\/203c.png\"> Importante: \u00fanicamente podr\u00e1n solicitar dicha habilitaci\u00f3n los alojamientos registrados en el \u00e1rea de Rentas de la Municipalidad<img decoding=\"async\" height=\"16\" width=\"16\" alt=\"\ud83d\udca7\" src=\"https:\/\/static.xx.fbcdn.net\/images\/emoji.php\/v9\/te1\/2\/16\/1f4a7.png\"><img decoding=\"async\" height=\"16\" width=\"16\" alt=\"\ud83d\udca6\" src=\"https:\/\/static.xx.fbcdn.net\/images\/emoji.php\/v9\/t60\/2\/16\/1f4a6.png\"> APARTADO PARA ALOJAMIENTOS CON PISCINAS:Basado en el protocolo de buenas practicas para complejos y alojamientos termales. Pagina 27 referido a piscinas. Cada complejo deber\u00e1 realizar un an\u00e1lisis del caudal utilizado en cada una de las piscinas habilitadas para los ba\u00f1os termales considerando adem\u00e1s elementos como: \u2022 Superficie en m2.\u2022 Per\u00edmetro de la misma.\u2022 Capacidad en metros c\u00fabicos de agua que contiene.\u2022 Tipo de uso al que est\u00e1 destinada (pasivo, recreativo). \u2022 Forma de renovaci\u00f3n y circulaci\u00f3n del agua en la piscina. \u2022 Punto de vertido. La posibilidad de manejar estos par\u00e1metros. contribuir\u00e1 a determinar la capacidad de carga de cada una de las mismas. <img decoding=\"async\" height=\"16\" width=\"16\" alt=\"\ud83d\udce3\" src=\"https:\/\/static.xx.fbcdn.net\/images\/emoji.php\/v9\/t59\/2\/16\/1f4e3.png\"> INFORMACI\u00d3N IMPORTANTE:\u2022 Posibles sanciones por incumplimiento a los protocolos o por denuncias de hu\u00e9spedes: clausura parcial del alojamiento o cierre de definitivo. \u2022 Se recomienda la implementaci\u00f3n de carteler\u00eda informativa en todas las instalaciones del alojamiento: habitaci\u00f3n, conserjer\u00eda, piscina, etc. Se puede descargar afiches y folletos en el sitio web: <a rel=\"noreferrer noopener\" href=\"http:\/\/www.argentina.gob.ar\/turismoydeportes\/materiales-descargables-covid-19?fbclid=IwAR30C_JKEctzgGZSbLJiJH8uX1BOOmxCMNql0gcG4XVjtqDkmfL9W9oi1zE\" target=\"_blank\">http:\/\/www.argentina.gob.ar\/&#8230;\/materiales-descargables&#8230;<\/a>\u2022 Viernes 04\/12\/2020: Apertura del Parque Termal y acu\u00e1tico con cupo limitado de 3100 personas en forma simult\u00e1neas.<\/p>\n\n\n\n<p><a href=\"https:\/\/bit.ly\/3ktWBH6\" target=\"_blank\" rel=\"noreferrer noopener\">https:\/\/bit.ly\/3ktWBH6<\/a><\/p>\n","protected":false},"excerpt":{"rendered":"<p>Los turistas que tomen la decisi\u00f3n de venir a tomar sus vacaciones a Entre R\u00edos, deber\u00e1n tener en cuenta 2 cuestiones fundamentales. Deber\u00e1n obtener su permiso VacacionAR. Seg\u00fan la Secretar\u00eda de Innovaci\u00f3n de la Naci\u00f3n, esta plataforma estar\u00e1 lista para el 20\/11. A trav\u00e9s de la cual todos los interesados en viajar deber\u00e1n registrar los [&hellip;]<\/p>\n","protected":false},"author":1,"featured_media":4116,"comment_status":"open","ping_status":"open","sticky":false,"template":"","format":"standard","meta":{"footnotes":""},"categories":[15,17],"tags":[],"class_list":["post-4115","post","type-post","status-publish","format-standard","has-post-thumbnail","hentry","category-turismo-de-bienestar","category-turismo-termal"],"_links":{"self":[{"href":"https:\/\/argentinatermal.com.ar\/index.php?rest_route=\/wp\/v2\/posts\/4115","targetHints":{"allow":["GET"]}}],"collection":[{"href":"https:\/\/argentinatermal.com.ar\/index.php?rest_route=\/wp\/v2\/posts"}],"about":[{"href":"https:\/\/argentinatermal.com.ar\/index.php?rest_route=\/wp\/v2\/types\/post"}],"author":[{"embeddable":true,"href":"https:\/\/argentinatermal.com.ar\/index.php?rest_route=\/wp\/v2\/users\/1"}],"replies":[{"embeddable":true,"href":"https:\/\/argentinatermal.com.ar\/index.php?rest_route=%2Fwp%2Fv2%2Fcomments&post=4115"}],"version-history":[{"count":3,"href":"https:\/\/argentinatermal.com.ar\/index.php?rest_route=\/wp\/v2\/posts\/4115\/revisions"}],"predecessor-version":[{"id":4120,"href":"https:\/\/argentinatermal.com.ar\/index.php?rest_route=\/wp\/v2\/posts\/4115\/revisions\/4120"}],"wp:featuredmedia":[{"embeddable":true,"href":"https:\/\/argentinatermal.com.ar\/index.php?rest_route=\/wp\/v2\/media\/4116"}],"wp:attachment":[{"href":"https:\/\/argentinatermal.com.ar\/index.php?rest_route=%2Fwp%2Fv2%2Fmedia&parent=4115"}],"wp:term":[{"taxonomy":"category","embeddable":true,"href":"https:\/\/argentinatermal.com.ar\/index.php?rest_route=%2Fwp%2Fv2%2Fcategories&post=4115"},{"taxonomy":"post_tag","embeddable":true,"href":"https:\/\/argentinatermal.com.ar\/index.php?rest_route=%2Fwp%2Fv2%2Ftags&post=4115"}],"curies":[{"name":"wp","href":"https:\/\/api.w.org\/{rel}","templated":true}]}}