{"id":4125,"date":"2020-11-16T22:08:03","date_gmt":"2020-11-17T01:08:03","guid":{"rendered":"https:\/\/argentinatermal.com.ar\/?p=4125"},"modified":"2020-11-16T22:08:05","modified_gmt":"2020-11-17T01:08:05","slug":"termatalia-organizo-un-seminario-formativo-sobre-la-comercializacion-internacional-del-producto-turismo-de-salud-y-bienestar-dirigido-a-los-profesionales-de-argentina","status":"publish","type":"post","link":"https:\/\/argentinatermal.com.ar\/?p=4125","title":{"rendered":"Termatalia organiz\u00f3 un seminario formativo sobre la comercializaci\u00f3n internacional del producto Turismo de Salud y Bienestar dirigido a los profesionales de Argentina"},"content":{"rendered":"\n<p><em>&gt;&gt; Cont\u00f3 con la colaboraci\u00f3n del INPROTUR y la participaci\u00f3n de expertos de Espa\u00f1a, Colombia y Argentina<\/em><\/p>\n\n\n\n<p>Termatalia, Feria Internacional de Turismo Termal, Salud y Bienestar, celebr\u00f3 ayer un seminario formativo sobre comercializaci\u00f3n internacional del producto Turismo de Salud y Bienestar organizado a petici\u00f3n del Instituto Nacional de Promoci\u00f3n Tur\u00edstica de la Argentina, INPROTUR, destinado a los profesionales de este sector de un pa\u00eds que cuenta con 21 de 23 provincias con recursos termales.<\/p>\n\n\n\n<div class=\"wp-block-image\"><figure class=\"alignleft size-large\"><a href=\"https:\/\/www.termatalia.com\/index.php\" target=\"_blank\" rel=\"noopener noreferrer\"><img decoding=\"async\" width=\"1024\" height=\"169\" src=\"https:\/\/argentinatermal.com.ar\/wp-content\/uploads\/2020\/11\/termatalia-1024x169.jpg\" alt=\"\" class=\"wp-image-4127\" srcset=\"https:\/\/argentinatermal.com.ar\/wp-content\/uploads\/2020\/11\/termatalia-1024x169.jpg 1024w, https:\/\/argentinatermal.com.ar\/wp-content\/uploads\/2020\/11\/termatalia-300x49.jpg 300w, https:\/\/argentinatermal.com.ar\/wp-content\/uploads\/2020\/11\/termatalia-768x127.jpg 768w, https:\/\/argentinatermal.com.ar\/wp-content\/uploads\/2020\/11\/termatalia-1536x253.jpg 1536w, https:\/\/argentinatermal.com.ar\/wp-content\/uploads\/2020\/11\/termatalia-696x115.jpg 696w, https:\/\/argentinatermal.com.ar\/wp-content\/uploads\/2020\/11\/termatalia-1068x176.jpg 1068w, https:\/\/argentinatermal.com.ar\/wp-content\/uploads\/2020\/11\/termatalia.jpg 1776w\" sizes=\"(max-width: 1024px) 100vw, 1024px\" \/><\/a><figcaption><span style=\"color:#8ed1fc\" class=\"tadv-color\">Publicidad<\/span><\/figcaption><\/figure><\/div>\n\n\n\n<p>Se trat\u00f3 de una capacitaci\u00f3n impartida por ponentes de Espa\u00f1a, Colombia y Argentina que trabajan directamente en la comercializaci\u00f3n de este producto y en la que se abordaron cuales ser\u00e1n las necesidades y peticiones del turismo en la postpandemia.<\/p>\n\n\n\n<p>Esta formaci\u00f3n estuvo presentada por la directora de Termatalia, Emma Gonz\u00e1lez, y cont\u00f3 con la intervenci\u00f3n del secretario ejecutivo del INPROTUR, Ricardo Sosa. Ejerci\u00f3 de moderadora la delegada de Termatalia en Argentina, la Lic. Teresita Van Strate.<\/p>\n\n\n\n<p>Participaron como ponentes la directora de Meu Hotels, Ana Bel\u00e9n Fern\u00e1ndez Seijas, que habl\u00f3 de la selecci\u00f3n adecuada del segmento de clientes y las estrategias online \/ offline para la Comercializaci\u00f3n del Turismo de Salud y bienestar; el director general de Yu travel, Jes\u00fas Francisco Ares, que abord\u00f3 las tendencias y expectativas del mercado tur\u00edstico especializado. Dise\u00f1o de productos termales y de bienestar innovadores y analiz\u00f3 el papel de la turoperaci\u00f3n en la reactivaci\u00f3n tur\u00edstica. Cerr\u00f3 esta ronda de intervenciones el director general de Colombia Sky del Grupo Aviatur y delegado de Termatalia en Colombia, Ricardo Ram\u00edrez. Habl\u00f3 sobre las oportunidades para Am\u00e9rica Latina en la presentaci\u00f3n de los productos termales al mercado internacional.<\/p>\n\n\n\n<p>Esta actividad viene a reforzar la estrecha cooperaci\u00f3n y protagonismo de la Argentina en Termatalia como bien record\u00f3 su directora al hacer referencia que de este pa\u00eds acudi\u00f3 la primera delegaci\u00f3n internacional de empresarios a la feria en Ourense en el a\u00f1o 2006 y que supuso un gran salto en la internacionalidad de este evento que hoy congrega a profesionales de m\u00e1s de 30 pa\u00edses. Tambi\u00e9n fue en el primer pa\u00eds en el que Termatalia cont\u00f3 con una delegaci\u00f3n internacional que sigue manteniendo en Teresita Van Strate.&nbsp;<\/p>\n\n\n\n<figure class=\"wp-block-embed-youtube wp-block-embed is-type-video is-provider-youtube wp-embed-aspect-16-9 wp-has-aspect-ratio\"><div class=\"wp-block-embed__wrapper\">\n<iframe title=\"16 de noviembre de 2020\" width=\"640\" height=\"360\" src=\"https:\/\/www.youtube.com\/embed\/rpEG1vDCej4?feature=oembed\" frameborder=\"0\" allow=\"accelerometer; autoplay; clipboard-write; encrypted-media; gyroscope; picture-in-picture; web-share\" referrerpolicy=\"strict-origin-when-cross-origin\" allowfullscreen><\/iframe>\n<\/div><\/figure>\n\n\n\n<figure class=\"wp-block-image size-large\"><a href=\"https:\/\/www.termatalia.com\/noticia.php?id=1350\" target=\"_blank\" rel=\"noopener noreferrer\"><img decoding=\"async\" width=\"565\" height=\"186\" src=\"https:\/\/argentinatermal.com.ar\/wp-content\/uploads\/2020\/10\/z43Tkh3.jpg\" alt=\"\" class=\"wp-image-4091\" srcset=\"https:\/\/argentinatermal.com.ar\/wp-content\/uploads\/2020\/10\/z43Tkh3.jpg 565w, https:\/\/argentinatermal.com.ar\/wp-content\/uploads\/2020\/10\/z43Tkh3-300x99.jpg 300w\" sizes=\"(max-width: 565px) 100vw, 565px\" \/><\/a><\/figure>\n","protected":false},"excerpt":{"rendered":"<p>&gt;&gt; Cont\u00f3 con la colaboraci\u00f3n del INPROTUR y la participaci\u00f3n de expertos de Espa\u00f1a, Colombia y Argentina Termatalia, Feria Internacional de Turismo Termal, Salud y Bienestar, celebr\u00f3 ayer un seminario formativo sobre comercializaci\u00f3n internacional del producto Turismo de Salud y Bienestar organizado a petici\u00f3n del Instituto Nacional de Promoci\u00f3n Tur\u00edstica de la Argentina, INPROTUR, destinado [&hellip;]<\/p>\n","protected":false},"author":1,"featured_media":4126,"comment_status":"open","ping_status":"open","sticky":false,"template":"","format":"standard","meta":{"footnotes":""},"categories":[31,12,30],"tags":[],"class_list":["post-4125","post","type-post","status-publish","format-standard","has-post-thumbnail","hentry","category-colaboradores","category-internacionales","category-temas-relacionados"],"_links":{"self":[{"href":"https:\/\/argentinatermal.com.ar\/index.php?rest_route=\/wp\/v2\/posts\/4125","targetHints":{"allow":["GET"]}}],"collection":[{"href":"https:\/\/argentinatermal.com.ar\/index.php?rest_route=\/wp\/v2\/posts"}],"about":[{"href":"https:\/\/argentinatermal.com.ar\/index.php?rest_route=\/wp\/v2\/types\/post"}],"author":[{"embeddable":true,"href":"https:\/\/argentinatermal.com.ar\/index.php?rest_route=\/wp\/v2\/users\/1"}],"replies":[{"embeddable":true,"href":"https:\/\/argentinatermal.com.ar\/index.php?rest_route=%2Fwp%2Fv2%2Fcomments&post=4125"}],"version-history":[{"count":1,"href":"https:\/\/argentinatermal.com.ar\/index.php?rest_route=\/wp\/v2\/posts\/4125\/revisions"}],"predecessor-version":[{"id":4128,"href":"https:\/\/argentinatermal.com.ar\/index.php?rest_route=\/wp\/v2\/posts\/4125\/revisions\/4128"}],"wp:featuredmedia":[{"embeddable":true,"href":"https:\/\/argentinatermal.com.ar\/index.php?rest_route=\/wp\/v2\/media\/4126"}],"wp:attachment":[{"href":"https:\/\/argentinatermal.com.ar\/index.php?rest_route=%2Fwp%2Fv2%2Fmedia&parent=4125"}],"wp:term":[{"taxonomy":"category","embeddable":true,"href":"https:\/\/argentinatermal.com.ar\/index.php?rest_route=%2Fwp%2Fv2%2Fcategories&post=4125"},{"taxonomy":"post_tag","embeddable":true,"href":"https:\/\/argentinatermal.com.ar\/index.php?rest_route=%2Fwp%2Fv2%2Ftags&post=4125"}],"curies":[{"name":"wp","href":"https:\/\/api.w.org\/{rel}","templated":true}]}}