{"id":4157,"date":"2020-12-08T00:15:51","date_gmt":"2020-12-08T03:15:51","guid":{"rendered":"https:\/\/argentinatermal.com.ar\/?p=4157"},"modified":"2020-12-08T00:16:49","modified_gmt":"2020-12-08T03:16:49","slug":"santiago-del-estero-habilito-el-turismo-y-hay-una-gran-demanda-en-las-termas","status":"publish","type":"post","link":"https:\/\/argentinatermal.com.ar\/?p=4157","title":{"rendered":"Santiago del Estero habilit\u00f3 el turismo y hay una gran demanda en Las Termas"},"content":{"rendered":"\n<p class=\"has-cyan-bluish-gray-color has-text-color\"><em>La mayor\u00eda de las reservas que se registraron en la ciudad termal es un turismo de cercan\u00eda, de la regi\u00f3n NOA<\/em><\/p>\n\n\n\n<p>Desde el pasado viernes se dispuso la actividad tur\u00edstica interna y nacional, y la apertura de cines, teatros, museos y casinos. Tambi\u00e9n se habilit\u00f3 la pr\u00e1ctica de varios deportes.<\/p>\n\n\n\n<p>El subsecretario de Turismo de Santiago del Estero, Nelson Bravo, expres\u00f3 este viernes que \u00abhay una gran expectativa\u00bb con la habilitaci\u00f3n de la actividad tur\u00edstica interna y nacional, que ya ha generado \u00abuna gran demanda de visitantes\u00bb para el fin de semana largo.<\/p>\n\n\n\n<p>\u00abHay una gran expectativa con esta apertura del turismo, tal es as\u00ed que habl\u00e9 con el sector hotelero y hay una gran demanda de turistas, especialmente en este este fin de semana largo para Las Termas de R\u00edo Hondo en este fin de semana largo\u201d, destac\u00f3 en declaraciones a T\u00e9lam el funcionario provincial.<\/p>\n\n\n\n<p>A partir de este viernes&nbsp;<strong>se habilita la actividad tur\u00edstica interna, como tambi\u00e9n otras actividades, tales como cines, teatros, museos, casinos y la pr\u00e1ctica de varios deportes.<\/strong><\/p>\n\n\n\n<p><strong>\u201cLa mayor\u00eda de las reservas que se registraron en la ciudad termal es un turismo de cercan\u00eda, de la regi\u00f3n NOA<\/strong>, que est\u00e1n aprovechando<strong>&nbsp;la libre circulaci\u00f3n que rige desde hoy con Tucum\u00e1n, Jujuy y Salta<\/strong>, y a partir el 14 de este mes se sumar\u00e1 La Rioja y Catamarca\u201d, a\u00f1adi\u00f3 Bravo.<\/p>\n\n\n\n<p>\u201cEstamos muy expectantes, ya que hoy est\u00e1 lloviendo en nuestra provincia, por lo que el clima est\u00e1 ayudando e invita a que los turistas tengan un fin de semana largo muy lindo con las aguas termales y todas las bondades que ofrecemos\u201d, puntualiz\u00f3.<\/p>\n\n\n\n<p>En cuanto a los requisitos que necesita&nbsp;<strong>una persona que llega a Santiago del Estero de estas provincias con las que hay libre circulaci\u00f3n,<\/strong>&nbsp;Bravo detall\u00f3 que&nbsp;<strong>\u201cs\u00f3lo precisan la declaraci\u00f3n jurada, y si se aloja en un hotel, debe tener una constancia de la reserva y una constancia de cobertura Covid-19, puede ser de la obra social que lo cubre o un seguro contratado\u00bb.<\/strong><\/p>\n\n\n\n<figure class=\"wp-block-image size-large\"><img decoding=\"async\" src=\"https:\/\/www.telam.com.ar\/advf\/imagenes\/2018\/10\/5bb7b904e555e_1004x565.jpg\" alt=\"\" \/><figcaption><em><span style=\"color:#abb8c3\" class=\"tadv-color\">Los turistas no deberan hacer cuarentena, ni tampoco tener el test negativo de la Covid-19<\/span><\/em><\/figcaption><\/figure>\n\n\n\n<p>Si ese turista se aloja en otro lugar que no sea un hotel, como la casa de un familiar, de un amigo o una casa propia, se le pedir\u00e1 una declaraci\u00f3n jurada y bajarse la aplicaci\u00f3n CuidarSE.<\/p>\n\n\n\n<p>Tambi\u00e9n explic\u00f3 que los santiague\u00f1os que quieran ir a estas provincias del NOA, lo pueden hacer \u201ctambi\u00e9n realizando la declaraci\u00f3n jurada, porque cada provincia tiene un formato distinto\u201d, y detall\u00f3 que en caso que circulen en veh\u00edculo particular y \u201cest\u00e1n viajando por ejemplo cinco integrantes de la familia, deben explicar que es por razones de turismo\u201d.<\/p>\n\n\n\n<p><strong>\u201cLa idea es que los turistas no hagan cuarentena, ni tampoco que tengan el test negativo de la Covid-19, pero s\u00ed llenar la declaraci\u00f3n jurada, que es para tener un seguimiento sanitario<\/strong>, porque a\u00fan debemos cuidarnos y no debemos relajarnos porque el virus est\u00e1 presente\u201d, remarc\u00f3 el funcionario.<\/p>\n\n\n\n<p><strong>Para quienes quieran ingresar a Santiago del Estero de otras provincias que no sean del NOA<\/strong>, especialmente para las fiestas de fin de a\u00f1o o turismo e incluso por trabajo, Bravo detall\u00f3 que&nbsp;<strong>si se aloja en un hotel, necesita la constancia de reserva de hotel y la constancia de cobertura Covid.<\/strong><\/p>\n\n\n\n<p>En tanto, si estar\u00e1 alojado en la casa de un familiar u otro lugar, se les va a pedir la declaraci\u00f3n jurada (se la puede bajar en forma online desde el link:&nbsp;<a href=\"http:\/\/sicoin.gobiernosde.gob.ar\/\" target=\"_blank\" rel=\"noreferrer noopener\">http:\/\/sicoin.gobiernosde.gob.ar<\/a>\/\u201d y clickear la opci\u00f3n: \u201cIngreso General Ciudadano\u201d) y bajarse la aplicaci\u00f3n CuidarSE.<\/p>\n\n\n\n<figure class=\"wp-block-image size-large\"><a href=\"https:\/\/www.telam.com.ar\/notas\/202012\/537469-santiago-del-estero-habilito-turismo-demanda-termas.html\" target=\"_blank\" rel=\"noopener noreferrer\"><img decoding=\"async\" width=\"1024\" height=\"102\" src=\"https:\/\/argentinatermal.com.ar\/wp-content\/uploads\/2020\/12\/telam-1-1024x102.jpg\" alt=\"\" class=\"wp-image-4158\" srcset=\"https:\/\/argentinatermal.com.ar\/wp-content\/uploads\/2020\/12\/telam-1-1024x102.jpg 1024w, https:\/\/argentinatermal.com.ar\/wp-content\/uploads\/2020\/12\/telam-1-300x30.jpg 300w, https:\/\/argentinatermal.com.ar\/wp-content\/uploads\/2020\/12\/telam-1-768x77.jpg 768w, https:\/\/argentinatermal.com.ar\/wp-content\/uploads\/2020\/12\/telam-1-696x70.jpg 696w, https:\/\/argentinatermal.com.ar\/wp-content\/uploads\/2020\/12\/telam-1-1068x107.jpg 1068w, https:\/\/argentinatermal.com.ar\/wp-content\/uploads\/2020\/12\/telam-1.jpg 1151w\" sizes=\"(max-width: 1024px) 100vw, 1024px\" \/><\/a><\/figure>\n","protected":false},"excerpt":{"rendered":"<p>La mayor\u00eda de las reservas que se registraron en la ciudad termal es un turismo de cercan\u00eda, de la regi\u00f3n NOA Desde el pasado viernes se dispuso la actividad tur\u00edstica interna y nacional, y la apertura de cines, teatros, museos y casinos. Tambi\u00e9n se habilit\u00f3 la pr\u00e1ctica de varios deportes. El subsecretario de Turismo de [&hellip;]<\/p>\n","protected":false},"author":1,"featured_media":4159,"comment_status":"open","ping_status":"open","sticky":false,"template":"","format":"standard","meta":{"footnotes":""},"categories":[17],"tags":[],"class_list":["post-4157","post","type-post","status-publish","format-standard","has-post-thumbnail","hentry","category-turismo-termal"],"_links":{"self":[{"href":"https:\/\/argentinatermal.com.ar\/index.php?rest_route=\/wp\/v2\/posts\/4157","targetHints":{"allow":["GET"]}}],"collection":[{"href":"https:\/\/argentinatermal.com.ar\/index.php?rest_route=\/wp\/v2\/posts"}],"about":[{"href":"https:\/\/argentinatermal.com.ar\/index.php?rest_route=\/wp\/v2\/types\/post"}],"author":[{"embeddable":true,"href":"https:\/\/argentinatermal.com.ar\/index.php?rest_route=\/wp\/v2\/users\/1"}],"replies":[{"embeddable":true,"href":"https:\/\/argentinatermal.com.ar\/index.php?rest_route=%2Fwp%2Fv2%2Fcomments&post=4157"}],"version-history":[{"count":1,"href":"https:\/\/argentinatermal.com.ar\/index.php?rest_route=\/wp\/v2\/posts\/4157\/revisions"}],"predecessor-version":[{"id":4160,"href":"https:\/\/argentinatermal.com.ar\/index.php?rest_route=\/wp\/v2\/posts\/4157\/revisions\/4160"}],"wp:featuredmedia":[{"embeddable":true,"href":"https:\/\/argentinatermal.com.ar\/index.php?rest_route=\/wp\/v2\/media\/4159"}],"wp:attachment":[{"href":"https:\/\/argentinatermal.com.ar\/index.php?rest_route=%2Fwp%2Fv2%2Fmedia&parent=4157"}],"wp:term":[{"taxonomy":"category","embeddable":true,"href":"https:\/\/argentinatermal.com.ar\/index.php?rest_route=%2Fwp%2Fv2%2Fcategories&post=4157"},{"taxonomy":"post_tag","embeddable":true,"href":"https:\/\/argentinatermal.com.ar\/index.php?rest_route=%2Fwp%2Fv2%2Ftags&post=4157"}],"curies":[{"name":"wp","href":"https:\/\/api.w.org\/{rel}","templated":true}]}}