{"id":4230,"date":"2021-01-21T13:24:49","date_gmt":"2021-01-21T16:24:49","guid":{"rendered":"https:\/\/argentinatermal.com.ar\/?p=4230"},"modified":"2021-01-21T13:24:51","modified_gmt":"2021-01-21T16:24:51","slug":"baltar-destaca-en-la-reunion-de-la-asociacion-termal-europea-al-termalismo-como-parte-de-la-solucion-a-la-crisis-economica-del-covid-19","status":"publish","type":"post","link":"https:\/\/argentinatermal.com.ar\/?p=4230","title":{"rendered":"Baltar destaca en la reuni\u00f3n de la asociaci\u00f3n termal europea al termalismo \u00abcomo parte de la soluci\u00f3n a la crisis econ\u00f3mica del COVID-19\u00bb"},"content":{"rendered":"\n<p><strong>El comit\u00e9 ejecutivo de la Asociaci\u00f3n de Ciudades Hist\u00f3ricas Termales de Europa (EHTTA), presidido por Manuel Baltar, aprob\u00f3 hoy los presupuestos de esta entidad para 2021 y present\u00f3 el programa de actividad, \u00abtodas dirigidas a potenciar el binomio turismo-termalismo para impulsar las econom\u00edas provinciales y locales\u00bb, afirm\u00f3 Baltar.<\/strong><\/p>\n\n\n\n<p>El presidente de la Diputaci\u00f3n de Ourense y presidente de la Asociaci\u00f3n de Ciudades Hist\u00f3ricas Termales de Europa (EHTTA), Manuel Baltar, dijo en la reuni\u00f3n de comit\u00e9 ejecutivo de esta entidad \u2013celebrada telem\u00e1ticamente- que el termalismo \u00abes parte de la soluci\u00f3n a la crisis econ\u00f3mica del COVID-19, por tratarse de un modelo de turismo que engloba salud, sostenibilidad y potenciaci\u00f3n de las econom\u00edas locales y provinciales\u00bb.<\/p>\n\n\n\n<p>Baltar, quien presidi\u00f3 el primer encuentro del a\u00f1o de red p\u00fablica europea m\u00e1s importante del \u00e1mbito termal, destac\u00f3 la importancia, \u00abahora m\u00e1s que nunca, de poner en valor los elementos que han hecho, secularmente, de la riqueza termal un signo caracter\u00edstico de los territorios m\u00e1s innovadores y pujantes de Europa\u00bb. En este sentido, agradeci\u00f3 el trabajo que est\u00e1n desarrollando los territorios pertenecientes a la asociaci\u00f3n EHTTA, que engloba a 51 sitios termales de 18 nacionalidades, \u00aben un momento tremendamente dif\u00edcil sanitaria, econ\u00f3mica y socialmente, pero que afrontamos con el convencimiento de disponer en nuestros entornos de un bien como es el agua termal, que significa una marca de calidad, seguridad y distinci\u00f3n para el nuevo modelo tur\u00edstico que se pondr\u00e1 en marcha en la era poscovid\u00bb.<\/p>\n\n\n\n<p>En la reuni\u00f3n, el comit\u00e9 de la EHTTA aprob\u00f3 los presupuestos de esta entidad para 2021 y present\u00f3 el programa de actividad, \u00abtodas dirigidas a potenciar el binomio turismo-termalismo para impulsar las econom\u00edas provinciales y locales\u00bb, remarc\u00f3 Manuel Baltar, cuya Presidencia en la asociaci\u00f3n termal ha sido prorrogada por el comit\u00e9 hasta el oto\u00f1o de 2022, teniendo en cuenta que este a\u00f1o correspond\u00eda llevar a cabo las elecciones en el seno de la entidad, pero por cuestiones de la pandemia se ha decidido prorrogar, una decisi\u00f3n que ser\u00e1 ratificada en la pr\u00f3xima asamblea general de la EHTTA, que se celebrar\u00e1 en san Pedro do Sul (Portugal) del 12 al 14 de mayo.<\/p>\n\n\n\n<p>Adem\u00e1s, en el encuentro, la directora ejecutiva de la EHTTA, Simone Zagrodnik, dio cuenta de las reuniones t\u00e9cnicas, cient\u00edficas y pol\u00edticas llevadas a cabo en 2020 y avanz\u00f3 los eventos que la red celebrar\u00e1 en 2021, entre ellos el D\u00eda Europeo del Patrimonio Termal, el 14 de octubre, y el Forum y Congreso termal internacional de la EHTTA, que tendr\u00e1 lugar en Vichy (Francia) del 3 al 5 de noviembre. Asimismo, en la reuni\u00f3n se presentaron las conmemoraciones que en Europa y en el mundo se llevar\u00e1n a cabo este a\u00f1o para potenciar la marca de salud de los territorios termales, entre ellas, el D\u00eda Mundial del Agua (22 de marzo), El D\u00eda Mundial de Bienestar (12 de junio) o el D\u00eda del Patrimonio Europeo (en el mes de septiembre).<\/p>\n\n\n\n<figure class=\"wp-block-image size-large\"><a href=\"https:\/\/argentinatermal.com.ar\/wp-content\/uploads\/2021\/01\/Diputacion-de-Ourense.jpg\" target=\"_blank\" rel=\"noopener\"><img decoding=\"async\" width=\"1024\" height=\"147\" src=\"https:\/\/argentinatermal.com.ar\/wp-content\/uploads\/2021\/01\/Diputacion-de-Ourense-1024x147.jpg\" alt=\"\" class=\"wp-image-4231\" srcset=\"https:\/\/argentinatermal.com.ar\/wp-content\/uploads\/2021\/01\/Diputacion-de-Ourense-1024x147.jpg 1024w, https:\/\/argentinatermal.com.ar\/wp-content\/uploads\/2021\/01\/Diputacion-de-Ourense-300x43.jpg 300w, https:\/\/argentinatermal.com.ar\/wp-content\/uploads\/2021\/01\/Diputacion-de-Ourense-768x111.jpg 768w, https:\/\/argentinatermal.com.ar\/wp-content\/uploads\/2021\/01\/Diputacion-de-Ourense-696x100.jpg 696w, https:\/\/argentinatermal.com.ar\/wp-content\/uploads\/2021\/01\/Diputacion-de-Ourense-1068x154.jpg 1068w, https:\/\/argentinatermal.com.ar\/wp-content\/uploads\/2021\/01\/Diputacion-de-Ourense.jpg 1487w\" sizes=\"(max-width: 1024px) 100vw, 1024px\" \/><\/a><\/figure>\n","protected":false},"excerpt":{"rendered":"<p>El comit\u00e9 ejecutivo de la Asociaci\u00f3n de Ciudades Hist\u00f3ricas Termales de Europa (EHTTA), presidido por Manuel Baltar, aprob\u00f3 hoy los presupuestos de esta entidad para 2021 y present\u00f3 el programa de actividad, \u00abtodas dirigidas a potenciar el binomio turismo-termalismo para impulsar las econom\u00edas provinciales y locales\u00bb, afirm\u00f3 Baltar. El presidente de la Diputaci\u00f3n de Ourense [&hellip;]<\/p>\n","protected":false},"author":1,"featured_media":4232,"comment_status":"open","ping_status":"open","sticky":false,"template":"","format":"standard","meta":{"footnotes":""},"categories":[22,17],"tags":[],"class_list":["post-4230","post","type-post","status-publish","format-standard","has-post-thumbnail","hentry","category-turismo-sostenible","category-turismo-termal"],"_links":{"self":[{"href":"https:\/\/argentinatermal.com.ar\/index.php?rest_route=\/wp\/v2\/posts\/4230","targetHints":{"allow":["GET"]}}],"collection":[{"href":"https:\/\/argentinatermal.com.ar\/index.php?rest_route=\/wp\/v2\/posts"}],"about":[{"href":"https:\/\/argentinatermal.com.ar\/index.php?rest_route=\/wp\/v2\/types\/post"}],"author":[{"embeddable":true,"href":"https:\/\/argentinatermal.com.ar\/index.php?rest_route=\/wp\/v2\/users\/1"}],"replies":[{"embeddable":true,"href":"https:\/\/argentinatermal.com.ar\/index.php?rest_route=%2Fwp%2Fv2%2Fcomments&post=4230"}],"version-history":[{"count":1,"href":"https:\/\/argentinatermal.com.ar\/index.php?rest_route=\/wp\/v2\/posts\/4230\/revisions"}],"predecessor-version":[{"id":4233,"href":"https:\/\/argentinatermal.com.ar\/index.php?rest_route=\/wp\/v2\/posts\/4230\/revisions\/4233"}],"wp:featuredmedia":[{"embeddable":true,"href":"https:\/\/argentinatermal.com.ar\/index.php?rest_route=\/wp\/v2\/media\/4232"}],"wp:attachment":[{"href":"https:\/\/argentinatermal.com.ar\/index.php?rest_route=%2Fwp%2Fv2%2Fmedia&parent=4230"}],"wp:term":[{"taxonomy":"category","embeddable":true,"href":"https:\/\/argentinatermal.com.ar\/index.php?rest_route=%2Fwp%2Fv2%2Fcategories&post=4230"},{"taxonomy":"post_tag","embeddable":true,"href":"https:\/\/argentinatermal.com.ar\/index.php?rest_route=%2Fwp%2Fv2%2Ftags&post=4230"}],"curies":[{"name":"wp","href":"https:\/\/api.w.org\/{rel}","templated":true}]}}