{"id":461,"date":"2017-04-21T01:28:10","date_gmt":"2017-04-21T01:28:10","guid":{"rendered":"http:\/\/argentinatermal.com.ar\/?p=461"},"modified":"2017-04-21T01:30:04","modified_gmt":"2017-04-21T01:30:04","slug":"presentacion-del-ii-symposio-internacional-sobre-termalismo-y-calidad-de-vida","status":"publish","type":"post","link":"https:\/\/argentinatermal.com.ar\/?p=461","title":{"rendered":"Presentaci\u00f3n del II Symposio Internacional sobre Termalismo y Calidad de Vida"},"content":{"rendered":"<p>&gt;&gt; Se celebrar\u00e1 en Expourense entre el 20 y el 21 de septiembre de forma paralela y complementaria a Termatalia<\/p>\n<p>Ourense acoger\u00e1 los d\u00edas 20 y 21 de septiembre de 2017 la celebraci\u00f3n del II Simposio Internacional sobre Termalismo y Calidad de Vida. La cita est\u00e1 organizada en el marco del proyecto de especializaci\u00f3n del Campus de Ourense como Campus del Agua y ligada a la celebraci\u00f3n de la 17\u00aa Feria Internacional del Turismo Termal, Salud y Bienestar (Termatalia) que se celebrar\u00e1 del 20 al 23 de ese mismo mes en Expourense. Las expectativas de la organizaci\u00f3n son superar la cifra de 200 participantes y un centenar de comunicaciones.<\/p>\n<p>El simposio, que se celebra con car\u00e1cter bianual, fue presentado esta ma\u00f1ana en el campus de Ourense en un acto que cont\u00f3 con la participaci\u00f3n de representantes de las cuatro entidades organizadoras, estando Virxilio Rodr\u00edguez, vicerrector del campus de Ourense y presidente de la cita; Jes\u00fas V\u00e1zquez, alcalde de Ourense; Rosendo Fern\u00e1ndez, vicepresidente de la Diputaci\u00f3n Provincial de Ourense; Cristina \u00c1lvarez, directora de Administraci\u00f3n e interventora de la Fundaci\u00f3n Ferias y Exposiciones de Ourense Expourense, y Jos\u00e9 Mar\u00eda Fa\u00edlde, director del \u00e1rea de Planificaci\u00f3n del campus de Ourense y presidente del comit\u00e9 organizador del evento.<\/p>\n<p>Destacando el trabajo realizado en la organizaci\u00f3n de este evento por los comit\u00e9s cient\u00edfico y organizador, Virxilio Rodr\u00edguez subray\u00f3 como la celebraci\u00f3n de este evento se liga a la de Termatalia, encuentro internacional de profesionales del sector, ya que \u201cnuestra visi\u00f3n es acercar, sumar, desde la ciencia, la investigaci\u00f3n b\u00e1sica y la investigaci\u00f3n aplicada\u201d. Jes\u00fas V\u00e1zquez y Rosendo Fern\u00e1ndez recalcaron la apuesta estrat\u00e9gica que supone para Ourense el termalismo. \u201cOurense Termal es un reto de todos y este simposio ayudar\u00e1 a eslab\u00f3n\u201d, apunt\u00f3 el alcalde, que record\u00f3 c\u00f3mo entre otras cosas a ciudad aspira a ser en el campo del termalismo \u201cun referente de vanguardia e innovaci\u00f3n\u201d. La cita, subray\u00f3 por su parte el vicepresidente de la Diputaci\u00f3n, constituye \u201cun evento cient\u00edfico de gran relevancia que tenemos que aprovechar\u201d y \u201cuna verdadera oportunidad para avanzar en esa estrategia de colaboraci\u00f3n interinstitucional\u201d en el campo del termalismo.<\/p>\n<p>Por su parte, la directora de Administraci\u00f3n de Expourense quiso \u201cdestacar la estrecha colaboraci\u00f3n, acad\u00e9mica e institucional, con el Campus del Agua que participa siempre de forma activa en Termatalia, la Feria Internacional de Turismo Termal, Salud y Bienestar, tanto en las ediciones que celebramos en Ourense como en las del exterior\u201d y agradeci\u00f3 \u201cla colaboraci\u00f3n activa de la Universidad de Vigo y del Campus de Agua para posicionar a Termatalia, a Ourense y a Galicia como importantes centros de capacitaci\u00f3n termal a nivel mundial\u201c. Y es que uno de los grandes valores de Termatalia es el intercambio de conocimiento y el haberse convertido en un centro de capacitaci\u00f3n para los profesionales del sector. La celebraci\u00f3n de este Symposium en el mes de septiembre de forma paralela y complementaria a la feria servir\u00e1, sin duda, para reforzar la base cient\u00edfica de Termatalia aport\u00e1ndole adem\u00e1s una perspectiva innovadora, debido a los que temas que se van a tratar en \u00e9l.<\/p>\n<p>Por su parte, Termatalia contribuir\u00e1 con el este segundo Symposio facilitando la asistencia de las distintas delegaciones de profesionales de Am\u00e9rica Latina que se desplazar\u00e1n hasta Ourense para participar en la feria. Adem\u00e1s, divulgar\u00e1 entre su red profesional internacional los trabajos cient\u00edficos que vayan a presentarse en el Symposio.<\/p>\n<p>Transferir del \u00e1mbito investigador al profesional<\/p>\n<p>Seg\u00fan explic\u00f3 Jos\u00e9 Mar\u00eda Fa\u00edlde, II Simposio Internacional sobre Termalismo y Calidad de Vida destaca por su car\u00e1cter multidisciplinar e internacional, contando con unos comit\u00e9s cient\u00edfico y organizador acordes la esas caracter\u00edsticas. Esta segunda edici\u00f3n, apunt\u00f3, \u201csurge como una propuesta con la que pretendemos consolidar un evento cient\u00edfico de gran relevancia que permita incrementar el potencial de desarrollo del proyecto de especializaci\u00f3n del Campus del agua pero tambi\u00e9n el desarrollo termal de la provincia y de la ciudad de Ourense\u201d. De este modo, entre sus objetivos est\u00e1n ser un foro de encuentro entre profesionales e investigadores, acercando los dos mundos, la transferencia de conocimiento y el est\u00edmulo de los contactos entre los diferentes agentes del sector.<\/p>\n<p>El programa, detall\u00f3 el presidente del comit\u00e9 organizador, se estructura alrededor de tres \u00e1reas tem\u00e1ticas prioritarias, como son caracterizaci\u00f3n y aprovechamiento de aguas mineromedicinais y termales; patrimonio y arquitectura termal y turismo experiencial y de salud en termalismo. La estas tres \u00e1reas se le une una cuarta de car\u00e1cter gen\u00e9rico, de investigaci\u00f3n general sobre el agua relacionado con el enfoque del simposio. Durante la celebraci\u00f3n de la cita, adelant\u00f3, participar\u00e1n expertos de pa\u00edses como Portugal, Italia o Estados Unidos, estando ahora abierto el plazo de presentaci\u00f3n de comunicaciones.<\/p>\n<p>A lo largo de los dos d\u00edas de celebraci\u00f3n, apunt\u00f3 Jos\u00e9 Mar\u00eda Fa\u00edlde, se desarrollar\u00e1 una sesi\u00f3n plenaria, una conferencia inaugural y otra de clausura con ponentes de prestigio internacional; la presentaci\u00f3n de 36 comunicaciones orales de investigadores, dos sesiones de comunicaciones de p\u00f3ster; dos sesiones de 16 paneles en los que se presentar\u00e1n tanto trabajos acad\u00e9micos excelentes como innovaciones y nuevas experiencias en termalismo. Tambi\u00e9n se llevar\u00e1n a cabo dos talleres, un centrado en las potencialidades para Galicia del enoturismo en relaci\u00f3n con el termalismo y otro sobre la biodiversidad de las aguas termales y las aplicaciones en dermoest\u00e9tica.<\/p>\n<p>Fuente: <a href=\"http:\/\/bit.ly\/2pJiQAv\">http:\/\/bit.ly\/2pJiQAv<\/a><\/p>\n","protected":false},"excerpt":{"rendered":"<p>&gt;&gt; Se celebrar\u00e1 en Expourense entre el 20 y el 21 de septiembre de forma paralela y complementaria a Termatalia Ourense acoger\u00e1 los d\u00edas 20 y 21 de septiembre de 2017 la celebraci\u00f3n del II Simposio Internacional sobre Termalismo y Calidad de Vida. La cita est\u00e1 organizada en el marco del proyecto de especializaci\u00f3n del [&hellip;]<\/p>\n","protected":false},"author":1,"featured_media":462,"comment_status":"open","ping_status":"open","sticky":false,"template":"","format":"standard","meta":{"footnotes":""},"categories":[12],"tags":[],"class_list":["post-461","post","type-post","status-publish","format-standard","has-post-thumbnail","hentry","category-internacionales"],"_links":{"self":[{"href":"https:\/\/argentinatermal.com.ar\/index.php?rest_route=\/wp\/v2\/posts\/461","targetHints":{"allow":["GET"]}}],"collection":[{"href":"https:\/\/argentinatermal.com.ar\/index.php?rest_route=\/wp\/v2\/posts"}],"about":[{"href":"https:\/\/argentinatermal.com.ar\/index.php?rest_route=\/wp\/v2\/types\/post"}],"author":[{"embeddable":true,"href":"https:\/\/argentinatermal.com.ar\/index.php?rest_route=\/wp\/v2\/users\/1"}],"replies":[{"embeddable":true,"href":"https:\/\/argentinatermal.com.ar\/index.php?rest_route=%2Fwp%2Fv2%2Fcomments&post=461"}],"version-history":[{"count":2,"href":"https:\/\/argentinatermal.com.ar\/index.php?rest_route=\/wp\/v2\/posts\/461\/revisions"}],"predecessor-version":[{"id":464,"href":"https:\/\/argentinatermal.com.ar\/index.php?rest_route=\/wp\/v2\/posts\/461\/revisions\/464"}],"wp:featuredmedia":[{"embeddable":true,"href":"https:\/\/argentinatermal.com.ar\/index.php?rest_route=\/wp\/v2\/media\/462"}],"wp:attachment":[{"href":"https:\/\/argentinatermal.com.ar\/index.php?rest_route=%2Fwp%2Fv2%2Fmedia&parent=461"}],"wp:term":[{"taxonomy":"category","embeddable":true,"href":"https:\/\/argentinatermal.com.ar\/index.php?rest_route=%2Fwp%2Fv2%2Fcategories&post=461"},{"taxonomy":"post_tag","embeddable":true,"href":"https:\/\/argentinatermal.com.ar\/index.php?rest_route=%2Fwp%2Fv2%2Ftags&post=461"}],"curies":[{"name":"wp","href":"https:\/\/api.w.org\/{rel}","templated":true}]}}