{"id":529,"date":"2017-05-04T16:48:32","date_gmt":"2017-05-04T16:48:32","guid":{"rendered":"http:\/\/argentinatermal.com.ar\/?p=529"},"modified":"2017-05-04T16:50:37","modified_gmt":"2017-05-04T16:50:37","slug":"participe-en-la-semana-termatalia","status":"publish","type":"post","link":"https:\/\/argentinatermal.com.ar\/?p=529","title":{"rendered":"Participe en la \u201cSemana Termatalia\u201d"},"content":{"rendered":"<p>La 17\u00aa edici\u00f3n de la Feria Internacional de Turismo Termal, Salud y Bienestar tendr\u00e1 lugar en Ourense entre el 21 y el 23 de septiembre\u00a0pero la organizaci\u00f3n ha preparado una serie de actividades profesionales durante varios d\u00edas por lo que hablamos de la \u201cSemana Termatalia\u201d. Estas actividades est\u00e1n especialemente dirigidas a las delegaciones internacionales de profesionales que van a participar en la feria. El objetivo es que puedan optimizar su viaje y realizar cursos de capacitaci\u00f3n y asistir a symposios internacionales, as\u00ed como visitar in situ centros termales de Galicia y Portugal.<\/p>\n<p>Les dejamos aqu\u00ed el Cronograma de Actividades profesionales de Termatalia 2017. Si tiene cualquier duda, dir\u00edjase a nosotros a trav\u00e9s de termatalia@termatalia.com o llamando al +0034 988 36 60 30.<\/p>\n<p><strong>CRONOGRAMA DE ACTIVIDADES PROFESIONALES TERMATALIA 2017<\/strong><\/p>\n<p><strong>&#8211;\u00a0\u00a0\u00a0\u00a0\u00a0\u00a0\u00a0\u00a0\u00a0\u00a0\u00a0\u00a0\u00a0 Domingo 17 de septiembre.<\/strong><\/p>\n<p>Llegada a \u00a0Galicia. Recogida en el aeropuerto y alojamiento en Ourense.<\/p>\n<p><strong>&#8211;\u00a0\u00a0\u00a0\u00a0\u00a0\u00a0\u00a0\u00a0\u00a0\u00a0\u00a0\u00a0\u00a0 Lunes 18 y Martes 19 (1 curso a elegir 2 m\u00f3dulos)<\/strong><\/p>\n<p>Curso B\u00e1sico de Termalismo 1<\/p>\n<p>M\u00f3dulo A.- PLANIFICACI\u00d3N DEL DESTINO TERMAL.<\/p>\n<p>M\u00f3dulo B.- PELOIDES Y COSM\u00c9TICA TERMAL.<\/p>\n<p>Curso B\u00e1sico de Termalismo 2<\/p>\n<p>M\u00f3dulo A.- INICIACI\u00d3N A LA HIDROLOG\u00cdA M\u00c9DICA Y T\u00c9CNICAS HIDROTERMALES.<\/p>\n<p>M\u00f3dulo B.- INTEGRACI\u00d3N DEL CENTRO TERMAL O TALASO COMO CENTRO WELLNESS.<\/p>\n<p><strong>&#8211;\u00a0\u00a0\u00a0\u00a0\u00a0\u00a0\u00a0\u00a0\u00a0\u00a0\u00a0\u00a0\u00a0 Mi\u00e9rcoles 20<\/strong><\/p>\n<p>Jornada inaugural del 2\u00ba Symposium sobre Termalismo y Calidad de Vida- Campus del Agua de la Universidad de Vigo. Call for papers.<\/p>\n<p>Consultar programa en cient\u00edfico http:\/\/stcv.webs.uvigo.es\/es\/programa.html<\/p>\n<p><strong>&#8211;\u00a0\u00a0\u00a0\u00a0\u00a0\u00a0\u00a0\u00a0\u00a0\u00a0\u00a0\u00a0\u00a0 Jueves 21<\/strong><\/p>\n<p>Apertura e inauguraci\u00f3n oficial de la Feria Internacional TERMATALIA (17\u00aa edici\u00f3n).<\/p>\n<p>Actividades complementarias: Bolsa de Contrataci\u00f3n Tur\u00edstica, Encuentro de Ciudades Termales, Rondas de Negocios, otros cursos opcionales. Alimentaci\u00f3n Saludable.<\/p>\n<p>Segunda jornada del 2\u00ba Symposium sobre Termalismo y Calidad de Vida.<\/p>\n<p><strong>&#8211;\u00a0\u00a0\u00a0\u00a0\u00a0\u00a0\u00a0\u00a0\u00a0\u00a0\u00a0\u00a0\u00a0 Viernes 22<\/strong><\/p>\n<p>Segunda jornada de la Feria Internacional TERMATALIA.<\/p>\n<p>Actividades complementarias: 12\u00ba Encuentro Internacional sobre Agua y Salud (conferencias y mesas redondas sobre Turismo\/ Innovaci\u00f3n y Sostenibilidad\/ Hidrolog\u00eda M\u00e9dica). Contin\u00faa Bolsa de Contrataci\u00f3n Tur\u00edstica\/Alimentaci\u00f3n Saludable.<\/p>\n<p>Otros cursos opcionales. Ej. Hidrosumiller.<\/p>\n<p>Acto protocolario de entrega de los diplomas a los participantes en los cursos de formaci\u00f3n.<\/p>\n<p><strong>&#8211;\u00a0\u00a0\u00a0\u00a0\u00a0\u00a0\u00a0\u00a0\u00a0\u00a0\u00a0\u00a0\u00a0 S\u00e1bado 23<\/strong><\/p>\n<p>Rutas termales. Visitas a centros termales de Galicia y norte de Portugal.<\/p>\n<p>\u00fc\u00a0\u00a0\u00a0\u00a0\u00a0\u00a0\u00a0\u00a0\u00a0\u00a0\u00a0\u00a0\u00a0\u00a0\u00a0\u00a0\u00a0\u00a0\u00a0\u00a0\u00a0\u00a0\u00a0\u00a0\u00a0\u00a0\u00a0\u00a0 Ourense \u2013 Provincia Termal<\/p>\n<p>\u00fc\u00a0\u00a0\u00a0\u00a0\u00a0\u00a0\u00a0\u00a0\u00a0\u00a0\u00a0\u00a0\u00a0\u00a0\u00a0\u00a0\u00a0\u00a0\u00a0\u00a0\u00a0\u00a0\u00a0\u00a0\u00a0\u00a0\u00a0\u00a0 Eurocidade del Agua Chaves-Ver\u00edn.<\/p>\n<p>\u00fc\u00a0\u00a0\u00a0\u00a0\u00a0\u00a0\u00a0\u00a0\u00a0\u00a0\u00a0\u00a0\u00a0\u00a0\u00a0\u00a0\u00a0\u00a0\u00a0\u00a0\u00a0\u00a0\u00a0\u00a0\u00a0\u00a0\u00a0\u00a0 Termalismo y Talasoterapia.<\/p>\n<p>\u00fc\u00a0\u00a0\u00a0\u00a0\u00a0\u00a0\u00a0\u00a0\u00a0\u00a0\u00a0\u00a0\u00a0\u00a0\u00a0\u00a0\u00a0\u00a0\u00a0\u00a0\u00a0\u00a0\u00a0\u00a0\u00a0\u00a0\u00a0\u00a0 Compostela<\/p>\n<p><strong>&#8211;\u00a0\u00a0\u00a0\u00a0\u00a0\u00a0\u00a0\u00a0\u00a0\u00a0\u00a0\u00a0\u00a0 Domingo 24<\/strong><\/p>\n<p>Traslado a los aeropuertos y regreso a las ciudades de origen.<\/p>\n<p><strong>Pack completo profesional Termatalia + m\u00e1s 1 curso b\u00e1sico (integrado por dos m\u00f3dulos a elegir) + Symposium y Rutas termales: 1400 euros precio final.<\/strong><\/p>\n<p><strong>&#8211; Descuento del 20% en la segunda persona (sujeto a uso compartido de alojamiento)<\/strong><\/p>\n<p><strong>Incluye estancia (r\u00e9gimen pensi\u00f3n completa) de 7 noches y traslados, m\u00e1s las actividades formativas y visitas.<\/strong><\/p>\n<p>Fuente:<a href=\"http:\/\/bit.ly\/2p1tiDF\">http:\/\/bit.ly\/2p1tiDF<\/a><\/p>\n","protected":false},"excerpt":{"rendered":"<p>La 17\u00aa edici\u00f3n de la Feria Internacional de Turismo Termal, Salud y Bienestar tendr\u00e1 lugar en Ourense entre el 21 y el 23 de septiembre\u00a0pero la organizaci\u00f3n ha preparado una serie de actividades profesionales durante varios d\u00edas por lo que hablamos de la \u201cSemana Termatalia\u201d. Estas actividades est\u00e1n especialemente dirigidas a las delegaciones internacionales de [&hellip;]<\/p>\n","protected":false},"author":1,"featured_media":532,"comment_status":"open","ping_status":"open","sticky":false,"template":"","format":"standard","meta":{"footnotes":""},"categories":[12],"tags":[],"class_list":["post-529","post","type-post","status-publish","format-standard","has-post-thumbnail","hentry","category-internacionales"],"_links":{"self":[{"href":"https:\/\/argentinatermal.com.ar\/index.php?rest_route=\/wp\/v2\/posts\/529","targetHints":{"allow":["GET"]}}],"collection":[{"href":"https:\/\/argentinatermal.com.ar\/index.php?rest_route=\/wp\/v2\/posts"}],"about":[{"href":"https:\/\/argentinatermal.com.ar\/index.php?rest_route=\/wp\/v2\/types\/post"}],"author":[{"embeddable":true,"href":"https:\/\/argentinatermal.com.ar\/index.php?rest_route=\/wp\/v2\/users\/1"}],"replies":[{"embeddable":true,"href":"https:\/\/argentinatermal.com.ar\/index.php?rest_route=%2Fwp%2Fv2%2Fcomments&post=529"}],"version-history":[{"count":1,"href":"https:\/\/argentinatermal.com.ar\/index.php?rest_route=\/wp\/v2\/posts\/529\/revisions"}],"predecessor-version":[{"id":531,"href":"https:\/\/argentinatermal.com.ar\/index.php?rest_route=\/wp\/v2\/posts\/529\/revisions\/531"}],"wp:featuredmedia":[{"embeddable":true,"href":"https:\/\/argentinatermal.com.ar\/index.php?rest_route=\/wp\/v2\/media\/532"}],"wp:attachment":[{"href":"https:\/\/argentinatermal.com.ar\/index.php?rest_route=%2Fwp%2Fv2%2Fmedia&parent=529"}],"wp:term":[{"taxonomy":"category","embeddable":true,"href":"https:\/\/argentinatermal.com.ar\/index.php?rest_route=%2Fwp%2Fv2%2Fcategories&post=529"},{"taxonomy":"post_tag","embeddable":true,"href":"https:\/\/argentinatermal.com.ar\/index.php?rest_route=%2Fwp%2Fv2%2Ftags&post=529"}],"curies":[{"name":"wp","href":"https:\/\/api.w.org\/{rel}","templated":true}]}}